{"id":54049,"date":"2025-05-17T16:48:29","date_gmt":"2025-05-17T19:48:29","guid":{"rendered":"https:\/\/radiorevelacionfm.cl\/?p=54049"},"modified":"2025-05-17T16:48:29","modified_gmt":"2025-05-17T19:48:29","slug":"equipos-tecnicos-trabajan-intensamente-ante-sistema-frontal-en-la-region-de-aysen","status":"publish","type":"post","link":"https:\/\/radiorevelacionfm.cl\/?p=54049","title":{"rendered":"Equipos t\u00e9cnicos trabajan intensamente ante sistema frontal en la Regi\u00f3n de Ays\u00e9n"},"content":{"rendered":"<div class=\"flex_column av_one_full  flex_column_div av-zero-column-padding first  avia-builder-el-0  el_before_av_one_full  avia-builder-el-first  \" style='border-radius:0px; '><div  class='avia-image-container  av-styling-    avia-builder-el-1  avia-builder-el-no-sibling  avia-align-center '  itemprop=\"image\" itemscope=\"itemscope\" itemtype=\"https:\/\/schema.org\/ImageObject\"  ><div class='avia-image-container-inner'><div class='avia-image-overlay-wrap'><img decoding=\"async\" class='wp-image-54050 avia-img-lazy-loading-not-54050 avia_image' src=\"https:\/\/radiorevelacionfm.cl\/wp-content\/uploads\/2025\/05\/17.05.2025-Sistema-Frontal-4-1-1.jpeg\" alt='' title='17.05.2025 Sistema Frontal (4) (1) (1)' height=\"600\" width=\"956\"  itemprop=\"thumbnailUrl\" srcset=\"https:\/\/radiorevelacionfm.cl\/wp-content\/uploads\/2025\/05\/17.05.2025-Sistema-Frontal-4-1-1.jpeg 956w, https:\/\/radiorevelacionfm.cl\/wp-content\/uploads\/2025\/05\/17.05.2025-Sistema-Frontal-4-1-1-300x188.jpeg 300w, https:\/\/radiorevelacionfm.cl\/wp-content\/uploads\/2025\/05\/17.05.2025-Sistema-Frontal-4-1-1-768x482.jpeg 768w, https:\/\/radiorevelacionfm.cl\/wp-content\/uploads\/2025\/05\/17.05.2025-Sistema-Frontal-4-1-1-705x442.jpeg 705w, https:\/\/radiorevelacionfm.cl\/wp-content\/uploads\/2025\/05\/17.05.2025-Sistema-Frontal-4-1-1-450x282.jpeg 450w, https:\/\/radiorevelacionfm.cl\/wp-content\/uploads\/2025\/05\/17.05.2025-Sistema-Frontal-4-1-1-600x377.jpeg 600w\" sizes=\"(max-width: 956px) 100vw, 956px\" \/><\/div><\/div><\/div><\/div><div class=\"flex_column av_one_full  flex_column_div av-zero-column-padding first  avia-builder-el-2  el_after_av_one_full  el_before_av_one_full  column-top-margin\" style='border-radius:0px; '><section class=\"av_textblock_section \"  itemscope=\"itemscope\" itemtype=\"https:\/\/schema.org\/BlogPosting\" itemprop=\"blogPost\" ><div class='avia_textblock  '   itemprop=\"text\" ><p style=\"text-align: center;\"><strong><span style=\"font-size: 18pt;\">Equipos t\u00e9cnicos trabajan intensamente ante sistema frontal en la Regi\u00f3n de Ays\u00e9n <\/span><\/strong><\/p>\n<div id=\"gtx-trans\" style=\"position: absolute; left: -50px; top: 4.31534px;\">\n<div class=\"gtx-trans-icon\"><\/div>\n<\/div>\n<\/div><\/section><\/div><div class=\"flex_column av_one_full  flex_column_div av-zero-column-padding first  avia-builder-el-4  el_after_av_one_full  el_before_av_hr  column-top-margin\" style='border-radius:0px; '><section class=\"av_textblock_section \"  itemscope=\"itemscope\" itemtype=\"https:\/\/schema.org\/BlogPosting\" itemprop=\"blogPost\" ><div class='avia_textblock  '   itemprop=\"text\" ><p style=\"text-align: justify;\"><em>Pese a las intensas lluvias y nevazones desde este viernes, el suministro el\u00e9ctrico se ha mantenido operativo en gran parte de la regi\u00f3n con incidencias m\u00ednimas y que se han atendido r\u00e1pidamente.<\/em><\/p>\n<p style=\"text-align: justify;\">El sistema frontal que afecta a la zona sur del pa\u00eds ha tra\u00eddo consigo intensas precipitaciones, viento y acumulaci\u00f3n de nieve en distintos puntos de la regi\u00f3n de Ays\u00e9n. Pese a este escenario, el sistema el\u00e9ctrico ha demostrado una buena respuesta, manteni\u00e9ndose operativo en la mayor\u00eda del territorio permitiendo que las faltas de suministro registradas hayan sido de baja magnitud y corta duraci\u00f3n.<\/p>\n<p style=\"text-align: justify;\">Los equipos t\u00e9cnicos han logrado resolver con agilidad las incidencias puntuales que se han presentado, las cuales han afectado a un n\u00famero menor de usuarios y han sido gestionadas en plazos reducidos. Esta oportuna respuesta ha permitido minimizar los efectos del mal tiempo sobre la continuidad del suministro el\u00e9ctrico.<\/p>\n<p style=\"text-align: justify;\">En paralelo, brigadas especializadas se han desplazado hacia la Provincia de Palena, una de las m\u00e1s afectadas por el sistema frontal. Pues en la zona se han producido deslizamientos de tierra que han arrastrado parte de la infraestructura el\u00e9ctrica, incluyendo postes y redes, por lo que se est\u00e1n realizando trabajos intensivos de reposici\u00f3n en sectores aislados.<\/p>\n<p style=\"text-align: justify;\">En ese sentido, la jefa de Servicio al Cliente de Edelaysen, Mar\u00eda de los \u00c1ngeles Gajardo se\u00f1al\u00f3 \u201cEl comportamiento de la red ha sido positivo frente a este evento clim\u00e1tico. Hemos tenido un n\u00famero acotado de interrupciones y en general, una recuperaci\u00f3n muy r\u00e1pida. Esto refleja el trabajo preventivo que se ha realizado y la capacidad de respuesta en los equipos en terreno\u201d.<\/p>\n<p style=\"text-align: justify;\">De esta manera la el\u00e9ctrica contin\u00faa monitoreando el comportamiento del sistema en coordinaci\u00f3n con las autoridades locales, con el fin de actuar oportunamente ante cualquier contingencia. Adem\u00e1s, pese a la emergencia clim\u00e1tica, no se han detenido los trabajos de mantenimiento y mejoras programadas, como los avances en la interconexi\u00f3n entre Coyhaique y Puerto Ays\u00e9n, que contin\u00faan desarroll\u00e1ndose con normalidad. Estas acciones permiten seguir fortaleciendo la infraestructura el\u00e9ctrica regional con miras a un servicio m\u00e1s robusto y confiable.<\/p>\n<\/div><\/section><\/div><div  style='height:50px' class='hr hr-invisible   avia-builder-el-6  el_after_av_one_full  el_before_av_social_share '><span class='hr-inner ' ><span class='hr-inner-style'><\/span><\/span><\/div><\/p>\n<div  class='av-social-sharing-box  avia-builder-el-7  el_after_av_hr  el_before_av_hr  '><div class='av-share-box'><h5 class='av-share-link-description av-no-toc '>Compartir esta noticia<\/h5><ul class='av-share-box-list noLightbox'><li class='av-share-link av-social-link-facebook' ><a target=\"_blank\" aria-label=\"Compartir en Facebook\" href='https:\/\/www.facebook.com\/sharer.php?u=https:\/\/radiorevelacionfm.cl\/?p=54049&#038;t=Equipos%20t%C3%A9cnicos%20trabajan%20intensamente%20ante%20sistema%20frontal%20en%20la%20Regi%C3%B3n%20de%20Ays%C3%A9n' aria-hidden='false' data-av_icon='\ue8f3' data-av_iconfont='entypo-fontello' title='' data-avia-related-tooltip='Compartir en Facebook' rel=\"noopener\"><span class='avia_hidden_link_text'>Compartir en Facebook<\/span><\/a><\/li><li class='av-share-link av-social-link-twitter' ><a target=\"_blank\" aria-label=\"Compartir en Twitter\" href='https:\/\/twitter.com\/share?text=Equipos%20t%C3%A9cnicos%20trabajan%20intensamente%20ante%20sistema%20frontal%20en%20la%20Regi%C3%B3n%20de%20Ays%C3%A9n&#038;url=https:\/\/radiorevelacionfm.cl\/?p=54049' aria-hidden='false' data-av_icon='\ue8f1' data-av_iconfont='entypo-fontello' title='' data-avia-related-tooltip='Compartir en Twitter' rel=\"noopener\"><span class='avia_hidden_link_text'>Compartir en Twitter<\/span><\/a><\/li><li class='av-share-link av-social-link-whatsapp' ><a target=\"_blank\" aria-label=\"Compartir en Whatsapp\" href='https:\/\/api.whatsapp.com\/send?text=https:\/\/radiorevelacionfm.cl\/?p=54049' aria-hidden='false' data-av_icon='\uf232' data-av_iconfont='entypo-fontello' title='' data-avia-related-tooltip='Compartir en Whatsapp' rel=\"noopener\"><span class='avia_hidden_link_text'>Compartir en Whatsapp<\/span><\/a><\/li><li class='av-share-link av-social-link-linkedin' ><a target=\"_blank\" aria-label=\"Compartir en LinkedIn\" href='https:\/\/linkedin.com\/shareArticle?mini=true&#038;title=Equipos%20t%C3%A9cnicos%20trabajan%20intensamente%20ante%20sistema%20frontal%20en%20la%20Regi%C3%B3n%20de%20Ays%C3%A9n&#038;url=https:\/\/radiorevelacionfm.cl\/?p=54049' aria-hidden='false' data-av_icon='\ue8fc' data-av_iconfont='entypo-fontello' title='' data-avia-related-tooltip='Compartir en LinkedIn' rel=\"noopener\"><span class='avia_hidden_link_text'>Compartir en LinkedIn<\/span><\/a><\/li><li class='av-share-link av-social-link-mail' ><a  aria-label=\"Compartir por correo\" href='mailto:?subject=Equipos%20t%C3%A9cnicos%20trabajan%20intensamente%20ante%20sistema%20frontal%20en%20la%20Regi%C3%B3n%20de%20Ays%C3%A9n&#038;body=https:\/\/radiorevelacionfm.cl\/?p=54049' aria-hidden='false' data-av_icon='\ue805' data-av_iconfont='entypo-fontello' title='' data-avia-related-tooltip='Compartir por correo'><span class='avia_hidden_link_text'>Compartir por correo<\/span><\/a><\/li><\/ul><\/div><\/div>\n<div  style='height:50px' class='hr hr-invisible   avia-builder-el-8  el_after_av_social_share  el_before_av_comments_list '><span class='hr-inner ' ><span class='hr-inner-style'><\/span><\/span><\/div>\n<div  class='av-buildercomment  av-blog-meta-html-info-disabled av-blog-meta-tag-disabled  '><\/div>\n","protected":false},"excerpt":{"rendered":"","protected":false},"author":1,"featured_media":54050,"comment_status":"closed","ping_status":"closed","sticky":false,"template":"","format":"standard","meta":{"footnotes":""},"categories":[38],"tags":[],"class_list":["post-54049","post","type-post","status-publish","format-standard","has-post-thumbnail","hentry","category-regional"],"jetpack_featured_media_url":"https:\/\/radiorevelacionfm.cl\/wp-content\/uploads\/2025\/05\/17.05.2025-Sistema-Frontal-4-1-1.jpeg","_links":{"self":[{"href":"https:\/\/radiorevelacionfm.cl\/index.php?rest_route=\/wp\/v2\/posts\/54049","targetHints":{"allow":["GET"]}}],"collection":[{"href":"https:\/\/radiorevelacionfm.cl\/index.php?rest_route=\/wp\/v2\/posts"}],"about":[{"href":"https:\/\/radiorevelacionfm.cl\/index.php?rest_route=\/wp\/v2\/types\/post"}],"author":[{"embeddable":true,"href":"https:\/\/radiorevelacionfm.cl\/index.php?rest_route=\/wp\/v2\/users\/1"}],"replies":[{"embeddable":true,"href":"https:\/\/radiorevelacionfm.cl\/index.php?rest_route=%2Fwp%2Fv2%2Fcomments&post=54049"}],"version-history":[{"count":2,"href":"https:\/\/radiorevelacionfm.cl\/index.php?rest_route=\/wp\/v2\/posts\/54049\/revisions"}],"predecessor-version":[{"id":54052,"href":"https:\/\/radiorevelacionfm.cl\/index.php?rest_route=\/wp\/v2\/posts\/54049\/revisions\/54052"}],"wp:featuredmedia":[{"embeddable":true,"href":"https:\/\/radiorevelacionfm.cl\/index.php?rest_route=\/wp\/v2\/media\/54050"}],"wp:attachment":[{"href":"https:\/\/radiorevelacionfm.cl\/index.php?rest_route=%2Fwp%2Fv2%2Fmedia&parent=54049"}],"wp:term":[{"taxonomy":"category","embeddable":true,"href":"https:\/\/radiorevelacionfm.cl\/index.php?rest_route=%2Fwp%2Fv2%2Fcategories&post=54049"},{"taxonomy":"post_tag","embeddable":true,"href":"https:\/\/radiorevelacionfm.cl\/index.php?rest_route=%2Fwp%2Fv2%2Ftags&post=54049"}],"curies":[{"name":"wp","href":"https:\/\/api.w.org\/{rel}","templated":true}]}}