{"id":54039,"date":"2025-05-17T10:28:46","date_gmt":"2025-05-17T13:28:46","guid":{"rendered":"https:\/\/radiorevelacionfm.cl\/?p=54039"},"modified":"2025-05-17T10:42:57","modified_gmt":"2025-05-17T13:42:57","slug":"se-informa-estado-de-principales-rutas-de-la-region-de-aysen-frente-nevadas-registradas-este-fin-de-semana","status":"publish","type":"post","link":"https:\/\/radiorevelacionfm.cl\/?p=54039","title":{"rendered":"Se informa estado de principales Rutas de la Regi\u00f3n de Ays\u00e9n frente nevadas registradas este fin de semana"},"content":{"rendered":"<div class=\"flex_column av_one_full  flex_column_div av-zero-column-padding first  avia-builder-el-0  el_before_av_one_full  avia-builder-el-first  \" style='border-radius:0px; '><div  class='avia-image-container  av-styling-    avia-builder-el-1  avia-builder-el-no-sibling  avia-align-center '  itemprop=\"image\" itemscope=\"itemscope\" itemtype=\"https:\/\/schema.org\/ImageObject\"  ><div class='avia-image-container-inner'><div class='avia-image-overlay-wrap'><img decoding=\"async\" class='wp-image-54040 avia-img-lazy-loading-not-54040 avia_image' src=\"https:\/\/radiorevelacionfm.cl\/wp-content\/uploads\/2025\/05\/492908866_1261257749333450_5676931135579986580_n-1-1_optimized-1.jpg\" alt='' title='492908866_1261257749333450_5676931135579986580_n-(1)-(1)_optimized (1)' height=\"700\" width=\"800\"  itemprop=\"thumbnailUrl\" srcset=\"https:\/\/radiorevelacionfm.cl\/wp-content\/uploads\/2025\/05\/492908866_1261257749333450_5676931135579986580_n-1-1_optimized-1.jpg 800w, https:\/\/radiorevelacionfm.cl\/wp-content\/uploads\/2025\/05\/492908866_1261257749333450_5676931135579986580_n-1-1_optimized-1-300x263.jpg 300w, https:\/\/radiorevelacionfm.cl\/wp-content\/uploads\/2025\/05\/492908866_1261257749333450_5676931135579986580_n-1-1_optimized-1-768x672.jpg 768w, https:\/\/radiorevelacionfm.cl\/wp-content\/uploads\/2025\/05\/492908866_1261257749333450_5676931135579986580_n-1-1_optimized-1-705x617.jpg 705w, https:\/\/radiorevelacionfm.cl\/wp-content\/uploads\/2025\/05\/492908866_1261257749333450_5676931135579986580_n-1-1_optimized-1-450x394.jpg 450w, https:\/\/radiorevelacionfm.cl\/wp-content\/uploads\/2025\/05\/492908866_1261257749333450_5676931135579986580_n-1-1_optimized-1-600x525.jpg 600w\" sizes=\"(max-width: 800px) 100vw, 800px\" \/><\/div><\/div><\/div><\/div>\n<div class=\"flex_column av_one_full  flex_column_div av-zero-column-padding first  avia-builder-el-2  el_after_av_one_full  el_before_av_one_full  column-top-margin\" style='border-radius:0px; '><section class=\"av_textblock_section \"  itemscope=\"itemscope\" itemtype=\"https:\/\/schema.org\/BlogPosting\" itemprop=\"blogPost\" ><div class='avia_textblock  '   itemprop=\"text\" ><p style=\"text-align: center;\"><strong><span style=\"font-size: 18pt;\">Se informa estado de principales Rutas de la Regi\u00f3n de Ays\u00e9n frente nevadas registradas este fin de semana<\/span><\/strong><\/p>\n<div id=\"gtx-trans\" style=\"position: absolute; left: -50px; top: 4.31534px;\">\n<div class=\"gtx-trans-icon\"><\/div>\n<\/div>\n<\/div><\/section><\/div>\n<div class=\"flex_column av_one_full  flex_column_div av-zero-column-padding first  avia-builder-el-4  el_after_av_one_full  el_before_av_hr  column-top-margin\" style='border-radius:0px; '><section class=\"av_textblock_section \"  itemscope=\"itemscope\" itemtype=\"https:\/\/schema.org\/BlogPosting\" itemprop=\"blogPost\" ><div class='avia_textblock  '   itemprop=\"text\" ><p style=\"text-align: justify;\">Durante la tarde de ayer y madrugada de hoy se registraron precipitaciones de nieve entre las localidades de Puyuhuapi hasta el sector de Cruce Murta aproximadamente, cabe se\u00f1alar que la ruta 7 y rutas interiores se encuentra con nieve entre 10 a 15 cm aproximadamente en algunos sectores m\u00e1s altos se estima que la nieve estar\u00eda bordeando los 25 cm, personal de Vialidad informa que se encuentra trabajando en varios puntos de la ruta 7, se recomienda precauci\u00f3n, porte y uso de cadenas.<\/p>\n<p style=\"text-align: justify;\">ESTADO DE RUTAS<\/p>\n<p style=\"text-align: justify;\">-Ruta Coyhaique hasta el t\u00fanel Farellones ruta transitable, maquinaria ya realiz\u00f3 limpieza de la ruta, resto de la ruta hasta Chacabuco despejada sin novedades.<\/p>\n<p style=\"text-align: justify;\">-Cruce 57 hasta Villa Ortega transitable, se recomienda uso obligado de cadena, veh\u00edculos 4&#215;4.<\/p>\n<p style=\"text-align: justify;\">-Cuesta Queulat, desde Puente Cascada &#8211; sendero Los Quetros, m\u00e1ximo 10 cm de nieve transitable con precauci\u00f3n.<\/p>\n<p style=\"text-align: justify;\">-Ruta Coyhaique Balmaceda transitable con precauci\u00f3n, barre nieve trabajando en el sector.<\/p>\n<p style=\"text-align: justify;\">-Cruce Vista Hermosa hasta Cerro Castillo transitable uso obligado de cadenas, se recomienda veh\u00edculos 4&#215;4, barre nieve trabajando en el sector.<\/p>\n<p style=\"text-align: justify;\">-Desde Cerro Castillo al sur, ruta transitable con precauci\u00f3n.<\/p>\n<p style=\"text-align: justify;\">MOP \u2013 VIALIDAD<\/p>\n<p style=\"text-align: justify;\">-Se realizo cierre preventivo de Ruta 7 Norte sector Queulat viernes 16 de mayo desde las 20:00 hasta las 09:00 Hrs., de hoy 17 de mayo de 2025 previa evaluaci\u00f3n de la ruta.<\/p>\n<p style=\"text-align: justify;\">-Barcaza de Punta Remolino en Rio Palena SUSPENDE SU SERVICIO debido a la crecida del rio, la barcaza solo queda disponible en casa de alguna emergencia.<\/p>\n<p style=\"text-align: justify;\">Adicional al trabajo de los equipos barre nieve\/salero, de toda la red pavimentada al sur de Coyhaique, se informa el programa para la red no pavimentada de la A.D. Provincial Coyhaique<\/p>\n<p style=\"text-align: justify;\">Maquinaria se desplazar\u00e1 durante el d\u00eda a los siguientes sectores X-667 P\u00f3lux, Callej\u00f3n Mardones, Cordonada, Nueva Esperanza.<\/p>\n<p style=\"text-align: justify;\">Cerro Negro, Lago Fr\u00edo (con Riv. N. Lago Fr\u00edo), X-663 (con Riv. N. Lago P\u00f3lux) Cerro Galera, Monreal (con L. Paloma), San Miguel<\/p>\n<p style=\"text-align: justify;\">Cerro Rosado<\/p>\n<p style=\"text-align: justify;\">INFORMACI\u00d3N SOBRE SERVICIOS B\u00c1SICOS: durante la noche de ayer y hasta la madrugada de hoy se registr\u00f3 un corte de energ\u00eda el\u00e9ctrica que afecto a las localidades de Coyhaique, Ib\u00e1\u00f1ez, El Blanco, Valle Simpson y alrededores, retornado el suministro el\u00e9ctrico a las 03:20 am.<\/p>\n<p style=\"text-align: justify;\">El Corte de suministro suministro el\u00e9ctrico afect\u00f3 a 1.114 clientes en la comuna de Coyhaique y 1.045 en la comuna de Iba\u00f1ez.<\/p>\n<\/div><\/section><\/div><div  style='height:50px' class='hr hr-invisible   avia-builder-el-6  el_after_av_one_full  el_before_av_social_share '><span class='hr-inner ' ><span class='hr-inner-style'><\/span><\/span><\/div><\/p>\n<div  class='av-social-sharing-box  avia-builder-el-7  el_after_av_hr  el_before_av_hr  '><div class='av-share-box'><h5 class='av-share-link-description av-no-toc '>Compartir esta noticia<\/h5><ul class='av-share-box-list noLightbox'><li class='av-share-link av-social-link-facebook' ><a target=\"_blank\" aria-label=\"Compartir en Facebook\" href='https:\/\/www.facebook.com\/sharer.php?u=https:\/\/radiorevelacionfm.cl\/?p=54039&#038;t=Se%20informa%20estado%20de%20principales%20Rutas%20de%20la%20Regi%C3%B3n%20de%20Ays%C3%A9n%20frente%20nevadas%20registradas%20este%20fin%20de%20semana' aria-hidden='false' data-av_icon='\ue8f3' data-av_iconfont='entypo-fontello' title='' data-avia-related-tooltip='Compartir en Facebook' rel=\"noopener\"><span class='avia_hidden_link_text'>Compartir en Facebook<\/span><\/a><\/li><li class='av-share-link av-social-link-twitter' ><a target=\"_blank\" aria-label=\"Compartir en Twitter\" href='https:\/\/twitter.com\/share?text=Se%20informa%20estado%20de%20principales%20Rutas%20de%20la%20Regi%C3%B3n%20de%20Ays%C3%A9n%20frente%20nevadas%20registradas%20este%20fin%20de%20semana&#038;url=https:\/\/radiorevelacionfm.cl\/?p=54039' aria-hidden='false' data-av_icon='\ue8f1' data-av_iconfont='entypo-fontello' title='' data-avia-related-tooltip='Compartir en Twitter' rel=\"noopener\"><span class='avia_hidden_link_text'>Compartir en Twitter<\/span><\/a><\/li><li class='av-share-link av-social-link-whatsapp' ><a target=\"_blank\" aria-label=\"Compartir en Whatsapp\" href='https:\/\/api.whatsapp.com\/send?text=https:\/\/radiorevelacionfm.cl\/?p=54039' aria-hidden='false' data-av_icon='\uf232' data-av_iconfont='entypo-fontello' title='' data-avia-related-tooltip='Compartir en Whatsapp' rel=\"noopener\"><span class='avia_hidden_link_text'>Compartir en Whatsapp<\/span><\/a><\/li><li class='av-share-link av-social-link-linkedin' ><a target=\"_blank\" aria-label=\"Compartir en LinkedIn\" href='https:\/\/linkedin.com\/shareArticle?mini=true&#038;title=Se%20informa%20estado%20de%20principales%20Rutas%20de%20la%20Regi%C3%B3n%20de%20Ays%C3%A9n%20frente%20nevadas%20registradas%20este%20fin%20de%20semana&#038;url=https:\/\/radiorevelacionfm.cl\/?p=54039' aria-hidden='false' data-av_icon='\ue8fc' data-av_iconfont='entypo-fontello' title='' data-avia-related-tooltip='Compartir en LinkedIn' rel=\"noopener\"><span class='avia_hidden_link_text'>Compartir en LinkedIn<\/span><\/a><\/li><li class='av-share-link av-social-link-mail' ><a  aria-label=\"Compartir por correo\" href='mailto:?subject=Se%20informa%20estado%20de%20principales%20Rutas%20de%20la%20Regi%C3%B3n%20de%20Ays%C3%A9n%20frente%20nevadas%20registradas%20este%20fin%20de%20semana&#038;body=https:\/\/radiorevelacionfm.cl\/?p=54039' aria-hidden='false' data-av_icon='\ue805' data-av_iconfont='entypo-fontello' title='' data-avia-related-tooltip='Compartir por correo'><span class='avia_hidden_link_text'>Compartir por correo<\/span><\/a><\/li><\/ul><\/div><\/div>\n<div  style='height:50px' class='hr hr-invisible   avia-builder-el-8  el_after_av_social_share  el_before_av_comments_list '><span class='hr-inner ' ><span class='hr-inner-style'><\/span><\/span><\/div>\n<div  class='av-buildercomment  av-blog-meta-html-info-disabled av-blog-meta-tag-disabled  '><\/div>\n","protected":false},"excerpt":{"rendered":"","protected":false},"author":1,"featured_media":54040,"comment_status":"closed","ping_status":"closed","sticky":false,"template":"","format":"standard","meta":{"footnotes":""},"categories":[38],"tags":[],"class_list":["post-54039","post","type-post","status-publish","format-standard","has-post-thumbnail","hentry","category-regional"],"jetpack_featured_media_url":"https:\/\/radiorevelacionfm.cl\/wp-content\/uploads\/2025\/05\/492908866_1261257749333450_5676931135579986580_n-1-1_optimized-1.jpg","_links":{"self":[{"href":"https:\/\/radiorevelacionfm.cl\/index.php?rest_route=\/wp\/v2\/posts\/54039","targetHints":{"allow":["GET"]}}],"collection":[{"href":"https:\/\/radiorevelacionfm.cl\/index.php?rest_route=\/wp\/v2\/posts"}],"about":[{"href":"https:\/\/radiorevelacionfm.cl\/index.php?rest_route=\/wp\/v2\/types\/post"}],"author":[{"embeddable":true,"href":"https:\/\/radiorevelacionfm.cl\/index.php?rest_route=\/wp\/v2\/users\/1"}],"replies":[{"embeddable":true,"href":"https:\/\/radiorevelacionfm.cl\/index.php?rest_route=%2Fwp%2Fv2%2Fcomments&post=54039"}],"version-history":[{"count":3,"href":"https:\/\/radiorevelacionfm.cl\/index.php?rest_route=\/wp\/v2\/posts\/54039\/revisions"}],"predecessor-version":[{"id":54044,"href":"https:\/\/radiorevelacionfm.cl\/index.php?rest_route=\/wp\/v2\/posts\/54039\/revisions\/54044"}],"wp:featuredmedia":[{"embeddable":true,"href":"https:\/\/radiorevelacionfm.cl\/index.php?rest_route=\/wp\/v2\/media\/54040"}],"wp:attachment":[{"href":"https:\/\/radiorevelacionfm.cl\/index.php?rest_route=%2Fwp%2Fv2%2Fmedia&parent=54039"}],"wp:term":[{"taxonomy":"category","embeddable":true,"href":"https:\/\/radiorevelacionfm.cl\/index.php?rest_route=%2Fwp%2Fv2%2Fcategories&post=54039"},{"taxonomy":"post_tag","embeddable":true,"href":"https:\/\/radiorevelacionfm.cl\/index.php?rest_route=%2Fwp%2Fv2%2Ftags&post=54039"}],"curies":[{"name":"wp","href":"https:\/\/api.w.org\/{rel}","templated":true}]}}