{"id":54035,"date":"2025-05-16T20:00:45","date_gmt":"2025-05-16T23:00:45","guid":{"rendered":"https:\/\/radiorevelacionfm.cl\/?p=54035"},"modified":"2025-05-16T20:00:45","modified_gmt":"2025-05-16T23:00:45","slug":"rinden-homenaje-al-cafe-oriente-en-su-ultimo-dia-de-atencion-tras-casi-90-anos-de-historia-en-coyhaique","status":"publish","type":"post","link":"https:\/\/radiorevelacionfm.cl\/?p=54035","title":{"rendered":"Rinden homenaje al Caf\u00e9 Oriente en su \u00faltimo d\u00eda de atenci\u00f3n tras casi 90 a\u00f1os de historia en Coyhaique"},"content":{"rendered":"<div class=\"flex_column av_one_full  flex_column_div av-zero-column-padding first  avia-builder-el-0  el_before_av_one_full  avia-builder-el-first  \" style='border-radius:0px; '><div  class='avia-image-container  av-styling-    avia-builder-el-1  avia-builder-el-no-sibling  avia-align-center '  itemprop=\"image\" itemscope=\"itemscope\" itemtype=\"https:\/\/schema.org\/ImageObject\"  ><div class='avia-image-container-inner'><div class='avia-image-overlay-wrap'><img decoding=\"async\" class='wp-image-54036 avia-img-lazy-loading-not-54036 avia_image' src=\"https:\/\/radiorevelacionfm.cl\/wp-content\/uploads\/2025\/05\/003-1-1_optimized-1.jpeg\" alt='' title='003-(1)-(1)_optimized (1)' height=\"600\" width=\"800\"  itemprop=\"thumbnailUrl\" srcset=\"https:\/\/radiorevelacionfm.cl\/wp-content\/uploads\/2025\/05\/003-1-1_optimized-1.jpeg 800w, https:\/\/radiorevelacionfm.cl\/wp-content\/uploads\/2025\/05\/003-1-1_optimized-1-300x225.jpeg 300w, https:\/\/radiorevelacionfm.cl\/wp-content\/uploads\/2025\/05\/003-1-1_optimized-1-768x576.jpeg 768w, https:\/\/radiorevelacionfm.cl\/wp-content\/uploads\/2025\/05\/003-1-1_optimized-1-705x529.jpeg 705w, https:\/\/radiorevelacionfm.cl\/wp-content\/uploads\/2025\/05\/003-1-1_optimized-1-450x338.jpeg 450w, https:\/\/radiorevelacionfm.cl\/wp-content\/uploads\/2025\/05\/003-1-1_optimized-1-600x450.jpeg 600w\" sizes=\"(max-width: 800px) 100vw, 800px\" \/><\/div><\/div><\/div><\/div><div class=\"flex_column av_one_full  flex_column_div av-zero-column-padding first  avia-builder-el-2  el_after_av_one_full  el_before_av_one_full  column-top-margin\" style='border-radius:0px; '><section class=\"av_textblock_section \"  itemscope=\"itemscope\" itemtype=\"https:\/\/schema.org\/BlogPosting\" itemprop=\"blogPost\" ><div class='avia_textblock  '   itemprop=\"text\" ><p style=\"text-align: center;\"><strong><span style=\"font-size: 18pt;\">Rinden homenaje al Caf\u00e9 Oriente en su \u00faltimo d\u00eda de atenci\u00f3n tras casi 90 a\u00f1os de historia en Coyhaique<\/span><\/strong><\/p>\n<div id=\"gtx-trans\" style=\"position: absolute; left: -50px; top: 4.31534px;\">\n<div class=\"gtx-trans-icon\"><\/div>\n<\/div>\n<\/div><\/section><\/div><div class=\"flex_column av_one_full  flex_column_div av-zero-column-padding first  avia-builder-el-4  el_after_av_one_full  el_before_av_hr  column-top-margin\" style='border-radius:0px; '><section class=\"av_textblock_section \"  itemscope=\"itemscope\" itemtype=\"https:\/\/schema.org\/BlogPosting\" itemprop=\"blogPost\" ><div class='avia_textblock  '   itemprop=\"text\" ><p dir=\"ltr\" style=\"text-align: justify;\">Este viernes se vivi\u00f3 un momento cargado de emoci\u00f3n para la comunidad coyhaiquina con el cierre definitivo del hist\u00f3rico Caf\u00e9 Oriente, tras casi 90 a\u00f1os de funcionamiento ininterrumpido. Como concejal de la comuna, Sebasti\u00e1n Vera asisti\u00f3 personalmente para entregar un reconocimiento a la familia fundadora y al equipo de trabajadores que dieron vida a este emblem\u00e1tico espacio del centro de la ciudad.<\/p>\n<p dir=\"ltr\" style=\"text-align: justify;\">Inaugurado en 1935, el Caf\u00e9 Oriente fue mucho m\u00e1s que una cafeter\u00eda: se consolid\u00f3 como un punto de encuentro tradicional, testigo de innumerables reuniones sociales, ruedas de prensa y acuerdos pol\u00edticos que marcaron distintas \u00e9pocas en Coyhaique. Durante d\u00e9cadas, fue parte de la rutina de generaciones de coyhaiquinos, convirti\u00e9ndose en un s\u00edmbolo del patrimonio local y en un motor del desarrollo comercial de la ciudad.<\/p>\n<p dir=\"ltr\" style=\"text-align: justify;\">\u00abHoy no quise estar ausente. Vine como concejal, pero tambi\u00e9n como ciudadano que valora profundamente la historia y el legado de este caf\u00e9. El Caf\u00e9 Oriente es parte de la identidad de Coyhaique, y su gente \u2014la familia Cant\u00edn Bus y todos quienes atendieron aqu\u00ed\u2014 supo hacer de este lugar algo \u00fanico, con calidez, amabilidad y vocaci\u00f3n de servicio\u00bb, se\u00f1al\u00f3 el concejal Vera.<\/p>\n<p dir=\"ltr\" style=\"text-align: justify;\">Durante la jornada, se entreg\u00f3 un reconocimiento simb\u00f3lico a los due\u00f1os y trabajadores del local, agradeciendo su compromiso con la comunidad y su aporte al crecimiento econ\u00f3mico y social del centro coyhaiquino.<\/p>\n<p dir=\"ltr\" style=\"text-align: justify;\">El cierre del Caf\u00e9 Oriente representa el fin de un ciclo importante, pero tambi\u00e9n una oportunidad para reflexionar sobre el valor de los espacios tradicionales que dan vida a la ciudad. \u00abEste lugar fue parte de la historia y de nuestras vidas. Su legado permanecer\u00e1 en la memoria de Coyhaique y en el coraz\u00f3n de quienes compartimos una conversaci\u00f3n o un caf\u00e9 entre sus mesas\u00bb, a\u00f1adi\u00f3 Vera.<\/p>\n<p dir=\"ltr\" style=\"text-align: justify;\">Con este homenaje, el concejal reafirma su compromiso con la protecci\u00f3n de la identidad local y el reconocimiento de quienes han construido, desde el trabajo diario y la cercan\u00eda con las personas, los espacios que marcan la historia de nuestra comuna.<\/p>\n<\/div><\/section><\/div><div  style='height:50px' class='hr hr-invisible   avia-builder-el-6  el_after_av_one_full  el_before_av_social_share '><span class='hr-inner ' ><span class='hr-inner-style'><\/span><\/span><\/div><\/p>\n<div  class='av-social-sharing-box  avia-builder-el-7  el_after_av_hr  el_before_av_hr  '><div class='av-share-box'><h5 class='av-share-link-description av-no-toc '>Compartir esta noticia<\/h5><ul class='av-share-box-list noLightbox'><li class='av-share-link av-social-link-facebook' ><a target=\"_blank\" aria-label=\"Compartir en Facebook\" href='https:\/\/www.facebook.com\/sharer.php?u=https:\/\/radiorevelacionfm.cl\/?p=54035&#038;t=Rinden%20homenaje%20al%20Caf%C3%A9%20Oriente%20en%20su%20%C3%BAltimo%20d%C3%ADa%20de%20atenci%C3%B3n%20tras%20casi%2090%20a%C3%B1os%20de%20historia%20en%20Coyhaique' aria-hidden='false' data-av_icon='\ue8f3' data-av_iconfont='entypo-fontello' title='' data-avia-related-tooltip='Compartir en Facebook' rel=\"noopener\"><span class='avia_hidden_link_text'>Compartir en Facebook<\/span><\/a><\/li><li class='av-share-link av-social-link-twitter' ><a target=\"_blank\" aria-label=\"Compartir en Twitter\" href='https:\/\/twitter.com\/share?text=Rinden%20homenaje%20al%20Caf%C3%A9%20Oriente%20en%20su%20%C3%BAltimo%20d%C3%ADa%20de%20atenci%C3%B3n%20tras%20casi%2090%20a%C3%B1os%20de%20historia%20en%20Coyhaique&#038;url=https:\/\/radiorevelacionfm.cl\/?p=54035' aria-hidden='false' data-av_icon='\ue8f1' data-av_iconfont='entypo-fontello' title='' data-avia-related-tooltip='Compartir en Twitter' rel=\"noopener\"><span class='avia_hidden_link_text'>Compartir en Twitter<\/span><\/a><\/li><li class='av-share-link av-social-link-whatsapp' ><a target=\"_blank\" aria-label=\"Compartir en Whatsapp\" href='https:\/\/api.whatsapp.com\/send?text=https:\/\/radiorevelacionfm.cl\/?p=54035' aria-hidden='false' data-av_icon='\uf232' data-av_iconfont='entypo-fontello' title='' data-avia-related-tooltip='Compartir en Whatsapp' rel=\"noopener\"><span class='avia_hidden_link_text'>Compartir en Whatsapp<\/span><\/a><\/li><li class='av-share-link av-social-link-linkedin' ><a target=\"_blank\" aria-label=\"Compartir en LinkedIn\" href='https:\/\/linkedin.com\/shareArticle?mini=true&#038;title=Rinden%20homenaje%20al%20Caf%C3%A9%20Oriente%20en%20su%20%C3%BAltimo%20d%C3%ADa%20de%20atenci%C3%B3n%20tras%20casi%2090%20a%C3%B1os%20de%20historia%20en%20Coyhaique&#038;url=https:\/\/radiorevelacionfm.cl\/?p=54035' aria-hidden='false' data-av_icon='\ue8fc' data-av_iconfont='entypo-fontello' title='' data-avia-related-tooltip='Compartir en LinkedIn' rel=\"noopener\"><span class='avia_hidden_link_text'>Compartir en LinkedIn<\/span><\/a><\/li><li class='av-share-link av-social-link-mail' ><a  aria-label=\"Compartir por correo\" href='mailto:?subject=Rinden%20homenaje%20al%20Caf%C3%A9%20Oriente%20en%20su%20%C3%BAltimo%20d%C3%ADa%20de%20atenci%C3%B3n%20tras%20casi%2090%20a%C3%B1os%20de%20historia%20en%20Coyhaique&#038;body=https:\/\/radiorevelacionfm.cl\/?p=54035' aria-hidden='false' data-av_icon='\ue805' data-av_iconfont='entypo-fontello' title='' data-avia-related-tooltip='Compartir por correo'><span class='avia_hidden_link_text'>Compartir por correo<\/span><\/a><\/li><\/ul><\/div><\/div>\n<div  style='height:50px' class='hr hr-invisible   avia-builder-el-8  el_after_av_social_share  el_before_av_comments_list '><span class='hr-inner ' ><span class='hr-inner-style'><\/span><\/span><\/div>\n<div  class='av-buildercomment  av-blog-meta-html-info-disabled av-blog-meta-tag-disabled  '><\/div>\n","protected":false},"excerpt":{"rendered":"","protected":false},"author":1,"featured_media":54036,"comment_status":"closed","ping_status":"closed","sticky":false,"template":"","format":"standard","meta":{"footnotes":""},"categories":[38],"tags":[],"class_list":["post-54035","post","type-post","status-publish","format-standard","has-post-thumbnail","hentry","category-regional"],"jetpack_featured_media_url":"https:\/\/radiorevelacionfm.cl\/wp-content\/uploads\/2025\/05\/003-1-1_optimized-1.jpeg","_links":{"self":[{"href":"https:\/\/radiorevelacionfm.cl\/index.php?rest_route=\/wp\/v2\/posts\/54035","targetHints":{"allow":["GET"]}}],"collection":[{"href":"https:\/\/radiorevelacionfm.cl\/index.php?rest_route=\/wp\/v2\/posts"}],"about":[{"href":"https:\/\/radiorevelacionfm.cl\/index.php?rest_route=\/wp\/v2\/types\/post"}],"author":[{"embeddable":true,"href":"https:\/\/radiorevelacionfm.cl\/index.php?rest_route=\/wp\/v2\/users\/1"}],"replies":[{"embeddable":true,"href":"https:\/\/radiorevelacionfm.cl\/index.php?rest_route=%2Fwp%2Fv2%2Fcomments&post=54035"}],"version-history":[{"count":2,"href":"https:\/\/radiorevelacionfm.cl\/index.php?rest_route=\/wp\/v2\/posts\/54035\/revisions"}],"predecessor-version":[{"id":54038,"href":"https:\/\/radiorevelacionfm.cl\/index.php?rest_route=\/wp\/v2\/posts\/54035\/revisions\/54038"}],"wp:featuredmedia":[{"embeddable":true,"href":"https:\/\/radiorevelacionfm.cl\/index.php?rest_route=\/wp\/v2\/media\/54036"}],"wp:attachment":[{"href":"https:\/\/radiorevelacionfm.cl\/index.php?rest_route=%2Fwp%2Fv2%2Fmedia&parent=54035"}],"wp:term":[{"taxonomy":"category","embeddable":true,"href":"https:\/\/radiorevelacionfm.cl\/index.php?rest_route=%2Fwp%2Fv2%2Fcategories&post=54035"},{"taxonomy":"post_tag","embeddable":true,"href":"https:\/\/radiorevelacionfm.cl\/index.php?rest_route=%2Fwp%2Fv2%2Ftags&post=54035"}],"curies":[{"name":"wp","href":"https:\/\/api.w.org\/{rel}","templated":true}]}}