{"id":54031,"date":"2025-05-17T10:59:15","date_gmt":"2025-05-17T13:59:15","guid":{"rendered":"https:\/\/radiorevelacionfm.cl\/?p=54031"},"modified":"2025-05-17T10:59:15","modified_gmt":"2025-05-17T13:59:15","slug":"positivo-balance-deja-el-seminario-regional-innovacion-gobernanza-e-inteligencia-turistica-en-destinos-con-areas-silvestres-protegidas","status":"publish","type":"post","link":"https:\/\/radiorevelacionfm.cl\/?p=54031","title":{"rendered":"Positivo balance deja el Seminario Regional \u201cInnovaci\u00f3n, Gobernanza e Inteligencia Tur\u00edstica en Destinos con \u00c1reas Silvestres Protegidas\u201d"},"content":{"rendered":"<div class=\"flex_column av_one_full  flex_column_div av-zero-column-padding first  avia-builder-el-0  el_before_av_one_full  avia-builder-el-first  \" style='border-radius:0px; '><div  class='avia-image-container  av-styling-    avia-builder-el-1  avia-builder-el-no-sibling  avia-align-center '  itemprop=\"image\" itemscope=\"itemscope\" itemtype=\"https:\/\/schema.org\/ImageObject\"  ><div class='avia-image-container-inner'><div class='avia-image-overlay-wrap'><img decoding=\"async\" class='wp-image-54032 avia-img-lazy-loading-not-54032 avia_image' src=\"https:\/\/radiorevelacionfm.cl\/wp-content\/uploads\/2025\/05\/seminario-turismo-aysen-1_optimized.jpeg\" alt='' title='seminario-turismo-ays\u00e9n-(1)_optimized' height=\"600\" width=\"1024\"  itemprop=\"thumbnailUrl\" srcset=\"https:\/\/radiorevelacionfm.cl\/wp-content\/uploads\/2025\/05\/seminario-turismo-aysen-1_optimized.jpeg 1024w, https:\/\/radiorevelacionfm.cl\/wp-content\/uploads\/2025\/05\/seminario-turismo-aysen-1_optimized-300x176.jpeg 300w, https:\/\/radiorevelacionfm.cl\/wp-content\/uploads\/2025\/05\/seminario-turismo-aysen-1_optimized-768x450.jpeg 768w, https:\/\/radiorevelacionfm.cl\/wp-content\/uploads\/2025\/05\/seminario-turismo-aysen-1_optimized-705x413.jpeg 705w, https:\/\/radiorevelacionfm.cl\/wp-content\/uploads\/2025\/05\/seminario-turismo-aysen-1_optimized-450x264.jpeg 450w, https:\/\/radiorevelacionfm.cl\/wp-content\/uploads\/2025\/05\/seminario-turismo-aysen-1_optimized-600x352.jpeg 600w\" sizes=\"(max-width: 1024px) 100vw, 1024px\" \/><\/div><\/div><\/div><\/div><div class=\"flex_column av_one_full  flex_column_div av-zero-column-padding first  avia-builder-el-2  el_after_av_one_full  el_before_av_one_full  column-top-margin\" style='border-radius:0px; '><section class=\"av_textblock_section \"  itemscope=\"itemscope\" itemtype=\"https:\/\/schema.org\/BlogPosting\" itemprop=\"blogPost\" ><div class='avia_textblock  '   itemprop=\"text\" ><p style=\"text-align: center;\"><strong><span style=\"font-size: 18pt;\">Positivo balance deja el Seminario Regional \u201cInnovaci\u00f3n, Gobernanza e Inteligencia Tur\u00edstica en Destinos con \u00c1reas Silvestres Protegidas\u201d<\/span><\/strong><\/p>\n<div id=\"gtx-trans\" style=\"position: absolute; left: -50px; top: 4.31534px;\">\n<div class=\"gtx-trans-icon\"><\/div>\n<\/div>\n<\/div><\/section><\/div><div class=\"flex_column av_one_full  flex_column_div av-zero-column-padding first  avia-builder-el-4  el_after_av_one_full  el_before_av_hr  column-top-margin\" style='border-radius:0px; '><section class=\"av_textblock_section \"  itemscope=\"itemscope\" itemtype=\"https:\/\/schema.org\/BlogPosting\" itemprop=\"blogPost\" ><div class='avia_textblock  '   itemprop=\"text\" ><p style=\"text-align: justify;\"><em>Esta actividad fue organizada por el Laboratorio de Innovaci\u00f3n Tur\u00edstica de la Patagonia de la Universidad Austral de Chile, en conjunto con el Gobierno Regional de Ays\u00e9n, el Sistema de Inteligencia Tur\u00edstica y el Programa Austral Patagonia de la misma casa de estudios, en colaboraci\u00f3n con el Servicio Nacional de Turismo de la Regi\u00f3n de Ays\u00e9n.<\/em><\/p>\n<p style=\"text-align: justify;\">El seminario realizado el pasado jueves 8 de mayo, en el Sal\u00f3n Padre Antonio Ronchi del Gobierno Regional de Ays\u00e9n, tuvo como objetivo presentar las oportunidades y desaf\u00edos que surgen a partir de los cambios normativos introducidos por la ley que crea el <em>Servicio de Biodiversidad y \u00c1reas Protegidas (SBAP<\/em>)\u00a0en Chile, as\u00ed como analizar el nuevo contexto nacional en torno a la conservaci\u00f3n y el turismo en \u00e1reas protegidas. Adem\u00e1s, se abordaron estrategias para fortalecer un desarrollo tur\u00edstico pertinente y sustentable en la regi\u00f3n.<\/p>\n<p style=\"text-align: justify;\">El evento regional convoc\u00f3 a autoridades y servicios p\u00fablicos vinculados al turismo regional, junto con prestadores de servicios tur\u00edsticos, emprendedores, representantes del \u00e1mbito acad\u00e9mico y diversas organizaciones del sector.<\/p>\n<p style=\"text-align: justify;\">Al comenzar el encuentro, el Director del Campus Patagonia de la Universidad Austral de Chile, Profesor Mario Brito, destac\u00f3 que: \u201cHaber organizado este exitoso seminario reafirma nuestro compromiso institucional con la conservaci\u00f3n de la naturaleza y el desarrollo sustentable, la gesti\u00f3n del turismo en contexto de \u00e1reas silvestres protegidas, y el trabajo con comunidades locales, valorando su cultura, incorporando innovaci\u00f3n y una gobernanza participativa, teniendo como referente el conocimiento cient\u00edfico y el uso de la inteligencia tur\u00edstica. Esta jornada fue posible solo por la activa colaboraci\u00f3n de CONAF, SERNATUR, el Gobierno Regional, el Programa Austral Patagonia y en especial el equipo del Laboratorio de Innovaci\u00f3n Tur\u00edstica de la Patagonia, liderado por la UACh Campus Patagonia, adem\u00e1s de operadores y organizaciones que impulsan un turismo responsable ambiental y socialmente\u201d.<\/p>\n<p style=\"text-align: justify;\">A su vez, representantes del Gobierno Regional, Ministerio de Medio Ambiente, SERNATUR y CONAF, valoraron el trabajo realizado mediante los proyectos ejecutados por la Universidad Austral de Chile y el Campus Patagonia.<\/p>\n<p style=\"text-align: justify;\">Como representante de SERNATUR y presidente del Comit\u00e9 Directivo del Sistema de Inteligencia Tur\u00edstica, Fernando Ojeda, manifest\u00f3 la relevancia de las gobernanzas locales en turismo y zonas aleda\u00f1as a \u00e1reas protegidas, para que estas se puedan articular con una gobernanza regional del turismo. Asimismo, enfatiz\u00f3 en la necesidad de seguir impulsando la inteligencia tur\u00edstica, para aportar a una planificaci\u00f3n basada en datos, y a acuerdos entre distintos actores.<\/p>\n<p style=\"text-align: justify;\">Las tem\u00e1ticas abordadas en el seminario comenzaron con una exposici\u00f3n a cargo de Fernando Guzm\u00e1n, jefe de la Divisi\u00f3n de Fomento e Industria del Gobierno Regional de Ays\u00e9n, quien present\u00f3 la visi\u00f3n de esa repartici\u00f3n en torno al desarrollo estrat\u00e9gico del turismo. En su intervenci\u00f3n destac\u00f3 la creciente importancia del sector tur\u00edstico en la econom\u00eda regional, evidenciada por un crecimiento sostenido en los \u00faltimos a\u00f1os. Asimismo, subray\u00f3 la necesidad de mejorar la infraestructura en las \u00e1reas protegidas, especialmente en los espacios de uso p\u00fablico, dado que constituyen el principal atractivo de la regi\u00f3n. En este sentido, recalc\u00f3 la importancia de contar con instalaciones adecuadas para garantizar un uso tur\u00edstico pertinente, que permita responder a las demandas de un turismo de calidad.<\/p>\n<p style=\"text-align: justify;\">Posteriormente, se desarrollaron cuatro paneles de conversaci\u00f3n y exposici\u00f3n acerca de innovaci\u00f3n en experiencias tur\u00edsticas, estrategias de gobernanzas tur\u00edsticas locales, inteligencia tur\u00edstica de la Patagonia, \u00e1reas protegidas y nueva institucionalidad. Todas ellas, a cargo de expositores regionales y nacionales.<\/p>\n<p style=\"text-align: justify;\">Para el director del Laboratorio de Innovaci\u00f3n Tur\u00edstica, Dr. Guillermo Pacheco, este seminario refleja el trabajo desarrollado en torno a dos ejes principales: \u201cEl primero se relaciona con la innovaci\u00f3n en experiencias de turismo cultural en la Patagonia, con seis nuevas iniciativas dise\u00f1adas e implementadas. Entre ellas destacan las experiencias rurales del Circuito Caracoles en Los Torreones, comuna de Ays\u00e9n; la vivencia de la cultura gaucha en el Circuito Las Ardillas de la comuna de R\u00edo Ib\u00e1\u00f1ez y la inmersi\u00f3n en la cultura mapuche-tehuelche a trav\u00e9s de un Circuito de Turismo de Base Comunitaria en la comuna de Coyhaique\u201d.<\/p>\n<p style=\"text-align: justify;\">El investigador agreg\u00f3 que: \u201cEl segundo eje se centra en el fortalecimiento de las gobernanzas locales, promoviendo la organizaci\u00f3n de comunidades aleda\u00f1as a las \u00e1reas protegidas. Este enfoque busca facilitar procesos de colaboraci\u00f3n y acuerdos con CONAF y los gobiernos municipales, integrando activamente a estas comunidades en el desarrollo territorial vinculado a la conservaci\u00f3n y al turismo sustentable, tanto dentro de las \u00e1reas protegidas, como en sus zonas aleda\u00f1as. Asimismo, se enfatiza la necesidad de seguir fortaleciendo los mecanismos de participaci\u00f3n de comunidades rurales y pueblos originarios, especialmente ante el escenario de implementaci\u00f3n de la Ley 21.600, que crea el Servicio de Biodiversidad y \u00c1reas Protegidas (SBAP)\u201d.<\/p>\n<p style=\"text-align: justify;\">Por su parte, el consejero regional de la Provincia de General Carrera, Arcadio Soto, destac\u00f3 la importancia regional del seminario: \u201cFue una gran instancia de conversaci\u00f3n y de compartir visiones en torno al desarrollo del turismo en nuestra regi\u00f3n, se abordaron tem\u00e1ticas relacionadas a gesti\u00f3n de \u00e1reas protegidas, gobernanzas locales y la importancia de potenciar nuestra oferta tur\u00edstica regional. Aspectos claves que nos invitan a mirar el futuro del turismo en la regi\u00f3n con optimismo, pero de manera seria y profesional, con la responsabilidad de avanzar en gesti\u00f3n, planificaci\u00f3n y sobre todo en una estructura de gobernanza que nos permita unificar y coordinar distintas iniciativas y esfuerzos que se est\u00e1n realizando en materia de turismo a nivel regional\u201d.<\/p>\n<p style=\"text-align: justify;\">De igual manera se refiri\u00f3 a la instancia, la coordinadora territorial del Laboratorio de Innovaci\u00f3n Tur\u00edstica de la Patagonia, la Camila Salas: \u201cEl seminario regional forma parte de los resultados obtenidos y actividades realizadas por el Laboratorio en su fase inicial de funcionamiento, financiada por el Gobierno Regional y su consejo a trav\u00e9s del Fondo para la Innovaci\u00f3n y Competitividad (FIC), ejecutado por la Universidad Austral Campus Patagonia, instancia que permiti\u00f3 el intercambio de informaci\u00f3n y experiencias de trabajo territorial entre los expositores y asistentes\u201d.<\/p>\n<p style=\"text-align: justify;\"><strong>Nueva Red Regional de Gobernanzas Tur\u00edsticas locales<\/strong><\/p>\n<p style=\"text-align: justify;\">Adem\u00e1s de las presentaciones y las mesas redondas de intercambio de experiencias, durante el seminario se conform\u00f3 la primera Red Regional de Gobernanzas Tur\u00edsticas Locales de la Regi\u00f3n de Ays\u00e9n, compuesta inicialmente por la Asociaci\u00f3n Ind\u00edgena Rakiduamtun de la comuna de Coyhaique, la Agrupaci\u00f3n de Turismo de Los Torreones de la comuna de Ays\u00e9n y la Corporaci\u00f3n de Turismo de Villa Cerro Castillo de la comuna de R\u00edo Ib\u00e1\u00f1ez.<\/p>\n<p style=\"text-align: justify;\">Yorka Cheuquian, Presidenta de la Asociaci\u00f3n Ind\u00edgena Rakiduamtun valor\u00f3 la creaci\u00f3n de esta red e indic\u00f3 cu\u00e1les son sus expectativas en torno a ella, \u201cme tiene con varias expectativas, ya que desde la mirada mapuche, las claves fundamentales para el \u00e9xito son el sentido de comunidad y trabajo colectivo, cuidado y defensa del territorio (mapun), conservaci\u00f3n y rescate patrimonial, educaci\u00f3n, respeto y econom\u00eda solidaria. Me parece muy importante visibilizar el trabajo transversal que se viene desarrollando en conjunto con la academia y el pueblo Mapuche, compartir la experiencia en el foro fue enriquecedor dado la gran participaci\u00f3n de diferentes agentes involucrados en turismo\u201d.<\/p>\n<p style=\"text-align: justify;\">Para conocer m\u00e1s detalles y grabaci\u00f3n del Seminario puede visitar la p\u00e1gina de Facebook del Campus Patagonia <a href=\"https:\/\/web.facebook.com\/campuspatagoniauach\/?_rdc=1&amp;_rdr\">https:\/\/web.facebook.com\/campuspatagoniauach\/?_rdc=1&amp;_rdr#<\/a> e informaci\u00f3n del trabajo del Laboratorio de Innovaci\u00f3n Tur\u00edstica de la Patagonia puede contactarse al correo <a href=\"mailto:lab.innovaci\u00f3n.turistica@gmail.com\">lab.innovaci\u00f3n.turistica@gmail.com<\/a>, Instagram @lit.patagonia y el sitio web <a href=\"http:\/\/www.laboratorioinnovaci\u00f3ntur\u00edsticauach.cl\">www.laboratorioinnovaci\u00f3ntur\u00edsticauach.cl<\/a><\/p>\n<\/div><\/section><\/div><div  style='height:50px' class='hr hr-invisible   avia-builder-el-6  el_after_av_one_full  el_before_av_social_share '><span class='hr-inner ' ><span class='hr-inner-style'><\/span><\/span><\/div><\/p>\n<div  class='av-social-sharing-box  avia-builder-el-7  el_after_av_hr  el_before_av_hr  '><div class='av-share-box'><h5 class='av-share-link-description av-no-toc '>Compartir esta noticia<\/h5><ul class='av-share-box-list noLightbox'><li class='av-share-link av-social-link-facebook' ><a target=\"_blank\" aria-label=\"Compartir en Facebook\" href='https:\/\/www.facebook.com\/sharer.php?u=https:\/\/radiorevelacionfm.cl\/?p=54031&#038;t=Positivo%20balance%20deja%20el%20Seminario%20Regional%20%E2%80%9CInnovaci%C3%B3n%2C%20Gobernanza%20e%20Inteligencia%20Tur%C3%ADstica%20en%20Destinos%20con%20%C3%81reas%20Silvestres%20Protegidas%E2%80%9D' aria-hidden='false' data-av_icon='\ue8f3' data-av_iconfont='entypo-fontello' title='' data-avia-related-tooltip='Compartir en Facebook' rel=\"noopener\"><span class='avia_hidden_link_text'>Compartir en Facebook<\/span><\/a><\/li><li class='av-share-link av-social-link-twitter' ><a target=\"_blank\" aria-label=\"Compartir en Twitter\" href='https:\/\/twitter.com\/share?text=Positivo%20balance%20deja%20el%20Seminario%20Regional%20%E2%80%9CInnovaci%C3%B3n%2C%20Gobernanza%20e%20Inteligencia%20Tur%C3%ADstica%20en%20Destinos%20con%20%C3%81reas%20Silvestres%20Protegidas%E2%80%9D&#038;url=https:\/\/radiorevelacionfm.cl\/?p=54031' aria-hidden='false' data-av_icon='\ue8f1' data-av_iconfont='entypo-fontello' title='' data-avia-related-tooltip='Compartir en Twitter' rel=\"noopener\"><span class='avia_hidden_link_text'>Compartir en Twitter<\/span><\/a><\/li><li class='av-share-link av-social-link-whatsapp' ><a target=\"_blank\" aria-label=\"Compartir en Whatsapp\" href='https:\/\/api.whatsapp.com\/send?text=https:\/\/radiorevelacionfm.cl\/?p=54031' aria-hidden='false' data-av_icon='\uf232' data-av_iconfont='entypo-fontello' title='' data-avia-related-tooltip='Compartir en Whatsapp' rel=\"noopener\"><span class='avia_hidden_link_text'>Compartir en Whatsapp<\/span><\/a><\/li><li class='av-share-link av-social-link-linkedin' ><a target=\"_blank\" aria-label=\"Compartir en LinkedIn\" href='https:\/\/linkedin.com\/shareArticle?mini=true&#038;title=Positivo%20balance%20deja%20el%20Seminario%20Regional%20%E2%80%9CInnovaci%C3%B3n%2C%20Gobernanza%20e%20Inteligencia%20Tur%C3%ADstica%20en%20Destinos%20con%20%C3%81reas%20Silvestres%20Protegidas%E2%80%9D&#038;url=https:\/\/radiorevelacionfm.cl\/?p=54031' aria-hidden='false' data-av_icon='\ue8fc' data-av_iconfont='entypo-fontello' title='' data-avia-related-tooltip='Compartir en LinkedIn' rel=\"noopener\"><span class='avia_hidden_link_text'>Compartir en LinkedIn<\/span><\/a><\/li><li class='av-share-link av-social-link-mail' ><a  aria-label=\"Compartir por correo\" href='mailto:?subject=Positivo%20balance%20deja%20el%20Seminario%20Regional%20%E2%80%9CInnovaci%C3%B3n%2C%20Gobernanza%20e%20Inteligencia%20Tur%C3%ADstica%20en%20Destinos%20con%20%C3%81reas%20Silvestres%20Protegidas%E2%80%9D&#038;body=https:\/\/radiorevelacionfm.cl\/?p=54031' aria-hidden='false' data-av_icon='\ue805' data-av_iconfont='entypo-fontello' title='' data-avia-related-tooltip='Compartir por correo'><span class='avia_hidden_link_text'>Compartir por correo<\/span><\/a><\/li><\/ul><\/div><\/div>\n<div  style='height:50px' class='hr hr-invisible   avia-builder-el-8  el_after_av_social_share  el_before_av_comments_list '><span class='hr-inner ' ><span class='hr-inner-style'><\/span><\/span><\/div>\n<div  class='av-buildercomment  av-blog-meta-html-info-disabled av-blog-meta-tag-disabled  '><\/div>\n","protected":false},"excerpt":{"rendered":"","protected":false},"author":1,"featured_media":54032,"comment_status":"closed","ping_status":"closed","sticky":false,"template":"","format":"standard","meta":{"footnotes":""},"categories":[49],"tags":[],"class_list":["post-54031","post","type-post","status-publish","format-standard","has-post-thumbnail","hentry","category-educacion"],"jetpack_featured_media_url":"https:\/\/radiorevelacionfm.cl\/wp-content\/uploads\/2025\/05\/seminario-turismo-aysen-1_optimized.jpeg","_links":{"self":[{"href":"https:\/\/radiorevelacionfm.cl\/index.php?rest_route=\/wp\/v2\/posts\/54031","targetHints":{"allow":["GET"]}}],"collection":[{"href":"https:\/\/radiorevelacionfm.cl\/index.php?rest_route=\/wp\/v2\/posts"}],"about":[{"href":"https:\/\/radiorevelacionfm.cl\/index.php?rest_route=\/wp\/v2\/types\/post"}],"author":[{"embeddable":true,"href":"https:\/\/radiorevelacionfm.cl\/index.php?rest_route=\/wp\/v2\/users\/1"}],"replies":[{"embeddable":true,"href":"https:\/\/radiorevelacionfm.cl\/index.php?rest_route=%2Fwp%2Fv2%2Fcomments&post=54031"}],"version-history":[{"count":2,"href":"https:\/\/radiorevelacionfm.cl\/index.php?rest_route=\/wp\/v2\/posts\/54031\/revisions"}],"predecessor-version":[{"id":54046,"href":"https:\/\/radiorevelacionfm.cl\/index.php?rest_route=\/wp\/v2\/posts\/54031\/revisions\/54046"}],"wp:featuredmedia":[{"embeddable":true,"href":"https:\/\/radiorevelacionfm.cl\/index.php?rest_route=\/wp\/v2\/media\/54032"}],"wp:attachment":[{"href":"https:\/\/radiorevelacionfm.cl\/index.php?rest_route=%2Fwp%2Fv2%2Fmedia&parent=54031"}],"wp:term":[{"taxonomy":"category","embeddable":true,"href":"https:\/\/radiorevelacionfm.cl\/index.php?rest_route=%2Fwp%2Fv2%2Fcategories&post=54031"},{"taxonomy":"post_tag","embeddable":true,"href":"https:\/\/radiorevelacionfm.cl\/index.php?rest_route=%2Fwp%2Fv2%2Ftags&post=54031"}],"curies":[{"name":"wp","href":"https:\/\/api.w.org\/{rel}","templated":true}]}}