{"id":54025,"date":"2025-05-17T10:31:31","date_gmt":"2025-05-17T13:31:31","guid":{"rendered":"https:\/\/radiorevelacionfm.cl\/?p=54025"},"modified":"2025-05-17T10:31:31","modified_gmt":"2025-05-17T13:31:31","slug":"sernameg-llama-a-postular-a-fondo-para-financiar-proyectos-con-impacto-social-y-politico-en-la-comunidad","status":"publish","type":"post","link":"https:\/\/radiorevelacionfm.cl\/?p=54025","title":{"rendered":"SernamEG llama a postular a fondo para financiar proyectos con impacto social y pol\u00edtico en la comunidad"},"content":{"rendered":"<div class=\"flex_column av_one_full  flex_column_div av-zero-column-padding first  avia-builder-el-0  el_before_av_one_full  avia-builder-el-first  \" style='border-radius:0px; '><div  class='avia-image-container  av-styling-    avia-builder-el-1  avia-builder-el-no-sibling  avia-align-center '  itemprop=\"image\" itemscope=\"itemscope\" itemtype=\"https:\/\/schema.org\/ImageObject\"  ><div class='avia-image-container-inner'><div class='avia-image-overlay-wrap'><img decoding=\"async\" class='wp-image-54027 avia-img-lazy-loading-not-54027 avia_image' src=\"https:\/\/radiorevelacionfm.cl\/wp-content\/uploads\/2025\/05\/post-feg-25_4-1-1-1_optimized-1.jpeg\" alt='' title='post-feg-25_4-(1)-(1)-(1)_optimized (1)' height=\"1000\" width=\"800\"  itemprop=\"thumbnailUrl\" srcset=\"https:\/\/radiorevelacionfm.cl\/wp-content\/uploads\/2025\/05\/post-feg-25_4-1-1-1_optimized-1.jpeg 800w, https:\/\/radiorevelacionfm.cl\/wp-content\/uploads\/2025\/05\/post-feg-25_4-1-1-1_optimized-1-240x300.jpeg 240w, https:\/\/radiorevelacionfm.cl\/wp-content\/uploads\/2025\/05\/post-feg-25_4-1-1-1_optimized-1-768x960.jpeg 768w, https:\/\/radiorevelacionfm.cl\/wp-content\/uploads\/2025\/05\/post-feg-25_4-1-1-1_optimized-1-564x705.jpeg 564w, https:\/\/radiorevelacionfm.cl\/wp-content\/uploads\/2025\/05\/post-feg-25_4-1-1-1_optimized-1-450x563.jpeg 450w, https:\/\/radiorevelacionfm.cl\/wp-content\/uploads\/2025\/05\/post-feg-25_4-1-1-1_optimized-1-600x750.jpeg 600w\" sizes=\"(max-width: 800px) 100vw, 800px\" \/><\/div><\/div><\/div><\/div><div class=\"flex_column av_one_full  flex_column_div av-zero-column-padding first  avia-builder-el-2  el_after_av_one_full  el_before_av_one_full  column-top-margin\" style='border-radius:0px; '><section class=\"av_textblock_section \"  itemscope=\"itemscope\" itemtype=\"https:\/\/schema.org\/BlogPosting\" itemprop=\"blogPost\" ><div class='avia_textblock  '   itemprop=\"text\" ><p style=\"text-align: center;\"><strong><span style=\"font-size: 18pt;\">SernamEG llama a postular a fondo para financiar proyectos con impacto social y pol\u00edtico en la comunidad<\/span><\/strong><\/p>\n<div id=\"gtx-trans\" style=\"position: absolute; left: -50px; top: 4.31534px;\">\n<div class=\"gtx-trans-icon\"><\/div>\n<\/div>\n<\/div><\/section><\/div><div class=\"flex_column av_one_full  flex_column_div av-zero-column-padding first  avia-builder-el-4  el_after_av_one_full  el_before_av_hr  column-top-margin\" style='border-radius:0px; '><section class=\"av_textblock_section \"  itemscope=\"itemscope\" itemtype=\"https:\/\/schema.org\/BlogPosting\" itemprop=\"blogPost\" ><div class='avia_textblock  '   itemprop=\"text\" ><p dir=\"ltr\" style=\"text-align: justify;\">El Servicio Nacional de la Mujer y la Equidad de G\u00e9nero (SernamEG) invita a participar en la postulaci\u00f3n al Fondo para la Equidad de G\u00e9nero (FEG) 2025, cuyo prop\u00f3sito es financiar proyectos que fortalezcan las organizaciones de mujeres en diversas regiones del pa\u00eds.<\/p>\n<p dir=\"ltr\" style=\"text-align: justify;\">Este fondo tiene como objetivo respaldar iniciativas que beneficien a las mujeres, ya sea mejorando sus capacidades internas, ampliando su impacto en la comunidad o promoviendo su participaci\u00f3n en pol\u00edticas p\u00fablicas con enfoque de g\u00e9nero.<\/p>\n<p dir=\"ltr\" style=\"text-align: justify;\">El FEG 2025 est\u00e1 dirigido a personas naturales y jur\u00eddicas que cumplan con los requisitos establecidos en las bases de postulaci\u00f3n. Las propuestas deber\u00e1n ajustarse a alguna de las siguientes \u00e1reas de acci\u00f3n: Fortalecimiento Interno de la Organizaci\u00f3n, Fortalecimiento Externo de la Organizaci\u00f3n y Desarrollo Colaborativo.<\/p>\n<p dir=\"ltr\" style=\"text-align: justify;\">Los proyectos seleccionados podr\u00e1n recibir financiamiento de hasta $1.500.000 o $3.000.000, dependiendo de la categor\u00eda elegida.<\/p>\n<p dir=\"ltr\" style=\"text-align: justify;\">\u00abEl papel de las mujeres es fundamental para el desarrollo del pa\u00eds. Nuestra voz tiene un impacto significativo en los territorios, y por ello, desde nuestro servicio impulsamos acciones como este fondo, que busca fortalecer la participaci\u00f3n de las mujeres en el ejercicio de sus derechos, generando un cambio real en las iniciativas que promueven la igualdad de g\u00e9nero\u00bb, afirm\u00f3 la directora nacional del SernamEG, Priscilla Carrasco Pizarro.<\/p>\n<p dir=\"ltr\" style=\"text-align: justify;\">Por su parte, la directora regional de SernamEG Ays\u00e9n, Patricia Baeza Cabezas, se\u00f1al\u00f3 que \u00abesta es una muy buena oportunidad para fortalecer la asociatividad y la organizaci\u00f3n de las mujeres de nuestra regi\u00f3n, que tenemos mucho que decir desde nuestro rol y aporte a la sociedad en los diferentes territorios de Ays\u00e9n. Por ejemplo, el a\u00f1o pasado adjudicamos un fondo a un proyecto que nos permiti\u00f3 conocer y visibilizar las acciones de dirigentas y vecinas organizadas de las provincias de Capit\u00e1n Prat y General Carrera, y este a\u00f1o esperamos tener muchas postulaciones con iniciativas que puedan empoderar de la misma manera a las mujeres ayseninas\u00bb.<\/p>\n<p dir=\"ltr\" style=\"text-align: justify;\"><strong>Postulaciones\u00a0<\/strong><\/p>\n<p dir=\"ltr\" style=\"text-align: justify;\">Las postulaciones estar\u00e1n abiertas hasta el 4 de junio de 2025. Durante este per\u00edodo, las organizaciones podr\u00e1n presentar sus proyectos a trav\u00e9s\u00a0<a href=\"https:\/\/www.sernameg.gob.cl\/convocatoria-2025-fondo-para-la-equidad-de-genero\/\" target=\"_blank\" rel=\"noopener noreferrer\">sernameg.gob.cl<\/a>. La adjudicaci\u00f3n de las propuestas se realizar\u00e1 hasta el 28 de julio de 2025, y la ejecuci\u00f3n de los proyectos seleccionados comenzar\u00e1 en el mes de agosto, con un plazo m\u00e1ximo de ejecuci\u00f3n hasta el 30 de noviembre de 2025.<\/p>\n<p dir=\"ltr\" style=\"text-align: justify;\">Para m\u00e1s informaci\u00f3n y dudas sobre el proceso, las interesadas pueden dirigirse a la mesa de ayuda en el portal\u00a0<a href=\"https:\/\/fondos.gob.cl.\/\" target=\"_blank\" rel=\"noopener noreferrer\">fondos.gob.cl<\/a>\u00a0o visitar el enlace\u00a0<a href=\"https:\/\/www.sernameg.gob.cl\/convocatoria-2025-fondo-para-la-equidad-de-genero\" target=\"_blank\" rel=\"noopener noreferrer\">https:\/\/www.sernameg.gob.cl\/convocatoria-2025-fondo-para-la-equidad-de-genero<\/a>, donde podran encontrar criterios, plazos y todos los detalles para realizar su postulaci\u00f3n, adem\u00e1s de videos explicativos de los talleres abiertos realizados por SernamEG y la Segegob.<\/p>\n<\/div><\/section><\/div><div  style='height:50px' class='hr hr-invisible   avia-builder-el-6  el_after_av_one_full  el_before_av_social_share '><span class='hr-inner ' ><span class='hr-inner-style'><\/span><\/span><\/div><\/p>\n<div  class='av-social-sharing-box  avia-builder-el-7  el_after_av_hr  el_before_av_hr  '><div class='av-share-box'><h5 class='av-share-link-description av-no-toc '>Compartir esta noticia<\/h5><ul class='av-share-box-list noLightbox'><li class='av-share-link av-social-link-facebook' ><a target=\"_blank\" aria-label=\"Compartir en Facebook\" href='https:\/\/www.facebook.com\/sharer.php?u=https:\/\/radiorevelacionfm.cl\/?p=54025&#038;t=SernamEG%20llama%20a%20postular%20a%20fondo%20para%20financiar%20proyectos%20con%20impacto%20social%20y%20pol%C3%ADtico%20en%20la%20comunidad' aria-hidden='false' data-av_icon='\ue8f3' data-av_iconfont='entypo-fontello' title='' data-avia-related-tooltip='Compartir en Facebook' rel=\"noopener\"><span class='avia_hidden_link_text'>Compartir en Facebook<\/span><\/a><\/li><li class='av-share-link av-social-link-twitter' ><a target=\"_blank\" aria-label=\"Compartir en Twitter\" href='https:\/\/twitter.com\/share?text=SernamEG%20llama%20a%20postular%20a%20fondo%20para%20financiar%20proyectos%20con%20impacto%20social%20y%20pol%C3%ADtico%20en%20la%20comunidad&#038;url=https:\/\/radiorevelacionfm.cl\/?p=54025' aria-hidden='false' data-av_icon='\ue8f1' data-av_iconfont='entypo-fontello' title='' data-avia-related-tooltip='Compartir en Twitter' rel=\"noopener\"><span class='avia_hidden_link_text'>Compartir en Twitter<\/span><\/a><\/li><li class='av-share-link av-social-link-whatsapp' ><a target=\"_blank\" aria-label=\"Compartir en Whatsapp\" href='https:\/\/api.whatsapp.com\/send?text=https:\/\/radiorevelacionfm.cl\/?p=54025' aria-hidden='false' data-av_icon='\uf232' data-av_iconfont='entypo-fontello' title='' data-avia-related-tooltip='Compartir en Whatsapp' rel=\"noopener\"><span class='avia_hidden_link_text'>Compartir en Whatsapp<\/span><\/a><\/li><li class='av-share-link av-social-link-linkedin' ><a target=\"_blank\" aria-label=\"Compartir en LinkedIn\" href='https:\/\/linkedin.com\/shareArticle?mini=true&#038;title=SernamEG%20llama%20a%20postular%20a%20fondo%20para%20financiar%20proyectos%20con%20impacto%20social%20y%20pol%C3%ADtico%20en%20la%20comunidad&#038;url=https:\/\/radiorevelacionfm.cl\/?p=54025' aria-hidden='false' data-av_icon='\ue8fc' data-av_iconfont='entypo-fontello' title='' data-avia-related-tooltip='Compartir en LinkedIn' rel=\"noopener\"><span class='avia_hidden_link_text'>Compartir en LinkedIn<\/span><\/a><\/li><li class='av-share-link av-social-link-mail' ><a  aria-label=\"Compartir por correo\" href='mailto:?subject=SernamEG%20llama%20a%20postular%20a%20fondo%20para%20financiar%20proyectos%20con%20impacto%20social%20y%20pol%C3%ADtico%20en%20la%20comunidad&#038;body=https:\/\/radiorevelacionfm.cl\/?p=54025' aria-hidden='false' data-av_icon='\ue805' data-av_iconfont='entypo-fontello' title='' data-avia-related-tooltip='Compartir por correo'><span class='avia_hidden_link_text'>Compartir por correo<\/span><\/a><\/li><\/ul><\/div><\/div>\n<div  style='height:50px' class='hr hr-invisible   avia-builder-el-8  el_after_av_social_share  el_before_av_comments_list '><span class='hr-inner ' ><span class='hr-inner-style'><\/span><\/span><\/div>\n<div  class='av-buildercomment  av-blog-meta-html-info-disabled av-blog-meta-tag-disabled  '><\/div>\n","protected":false},"excerpt":{"rendered":"","protected":false},"author":1,"featured_media":54027,"comment_status":"closed","ping_status":"closed","sticky":false,"template":"","format":"standard","meta":{"footnotes":""},"categories":[38],"tags":[],"class_list":["post-54025","post","type-post","status-publish","format-standard","has-post-thumbnail","hentry","category-regional"],"jetpack_featured_media_url":"https:\/\/radiorevelacionfm.cl\/wp-content\/uploads\/2025\/05\/post-feg-25_4-1-1-1_optimized-1.jpeg","_links":{"self":[{"href":"https:\/\/radiorevelacionfm.cl\/index.php?rest_route=\/wp\/v2\/posts\/54025","targetHints":{"allow":["GET"]}}],"collection":[{"href":"https:\/\/radiorevelacionfm.cl\/index.php?rest_route=\/wp\/v2\/posts"}],"about":[{"href":"https:\/\/radiorevelacionfm.cl\/index.php?rest_route=\/wp\/v2\/types\/post"}],"author":[{"embeddable":true,"href":"https:\/\/radiorevelacionfm.cl\/index.php?rest_route=\/wp\/v2\/users\/1"}],"replies":[{"embeddable":true,"href":"https:\/\/radiorevelacionfm.cl\/index.php?rest_route=%2Fwp%2Fv2%2Fcomments&post=54025"}],"version-history":[{"count":2,"href":"https:\/\/radiorevelacionfm.cl\/index.php?rest_route=\/wp\/v2\/posts\/54025\/revisions"}],"predecessor-version":[{"id":54043,"href":"https:\/\/radiorevelacionfm.cl\/index.php?rest_route=\/wp\/v2\/posts\/54025\/revisions\/54043"}],"wp:featuredmedia":[{"embeddable":true,"href":"https:\/\/radiorevelacionfm.cl\/index.php?rest_route=\/wp\/v2\/media\/54027"}],"wp:attachment":[{"href":"https:\/\/radiorevelacionfm.cl\/index.php?rest_route=%2Fwp%2Fv2%2Fmedia&parent=54025"}],"wp:term":[{"taxonomy":"category","embeddable":true,"href":"https:\/\/radiorevelacionfm.cl\/index.php?rest_route=%2Fwp%2Fv2%2Fcategories&post=54025"},{"taxonomy":"post_tag","embeddable":true,"href":"https:\/\/radiorevelacionfm.cl\/index.php?rest_route=%2Fwp%2Fv2%2Ftags&post=54025"}],"curies":[{"name":"wp","href":"https:\/\/api.w.org\/{rel}","templated":true}]}}