{"id":54022,"date":"2025-05-17T11:12:33","date_gmt":"2025-05-17T14:12:33","guid":{"rendered":"https:\/\/radiorevelacionfm.cl\/?p=54022"},"modified":"2025-05-17T11:12:33","modified_gmt":"2025-05-17T14:12:33","slug":"fiscalizadores-de-la-sma-se-desplegaron-en-terreno-ante-la-primera-preemergencia-ambiental-del-pda-de-coyhaique","status":"publish","type":"post","link":"https:\/\/radiorevelacionfm.cl\/?p=54022","title":{"rendered":"Fiscalizadores de la SMA se desplegaron en terreno ante la primera Preemergencia ambiental del PDA de Coyhaique"},"content":{"rendered":"<div class=\"flex_column av_one_full  flex_column_div av-zero-column-padding first  avia-builder-el-0  el_before_av_one_full  avia-builder-el-first  \" style='border-radius:0px; '><div  class='avia-image-container  av-styling-    avia-builder-el-1  avia-builder-el-no-sibling  avia-align-center '  itemprop=\"image\" itemscope=\"itemscope\" itemtype=\"https:\/\/schema.org\/ImageObject\"  ><div class='avia-image-container-inner'><div class='avia-image-overlay-wrap'><img decoding=\"async\" class='wp-image-4849 avia-img-lazy-loading-not-4849 avia_image' src=\"https:\/\/radiorevelacionfm.cl\/wp-content\/uploads\/2021\/06\/Contaminacion-SUR-1-1.jpg\" alt='' title='Contaminacion SUR (1) (1)' height=\"600\" width=\"977\"  itemprop=\"thumbnailUrl\" srcset=\"https:\/\/radiorevelacionfm.cl\/wp-content\/uploads\/2021\/06\/Contaminacion-SUR-1-1.jpg 977w, https:\/\/radiorevelacionfm.cl\/wp-content\/uploads\/2021\/06\/Contaminacion-SUR-1-1-300x184.jpg 300w, https:\/\/radiorevelacionfm.cl\/wp-content\/uploads\/2021\/06\/Contaminacion-SUR-1-1-768x472.jpg 768w, https:\/\/radiorevelacionfm.cl\/wp-content\/uploads\/2021\/06\/Contaminacion-SUR-1-1-705x433.jpg 705w, https:\/\/radiorevelacionfm.cl\/wp-content\/uploads\/2021\/06\/Contaminacion-SUR-1-1-600x368.jpg 600w\" sizes=\"(max-width: 977px) 100vw, 977px\" \/><\/div><\/div><\/div><\/div><div class=\"flex_column av_one_full  flex_column_div av-zero-column-padding first  avia-builder-el-2  el_after_av_one_full  el_before_av_one_full  column-top-margin\" style='border-radius:0px; '><section class=\"av_textblock_section \"  itemscope=\"itemscope\" itemtype=\"https:\/\/schema.org\/BlogPosting\" itemprop=\"blogPost\" ><div class='avia_textblock  '   itemprop=\"text\" ><p style=\"text-align: center;\"><span style=\"font-size: 18pt;\"><b>Fiscalizadores de la SMA se desplegaron en terreno ante la primera Preemergencia ambiental del PDA de Coyhaique<\/b><\/span><\/p>\n<div id=\"gtx-trans\" style=\"position: absolute; left: -50px; top: 4.31534px;\">\n<div class=\"gtx-trans-icon\"><\/div>\n<\/div>\n<\/div><\/section><\/div><\/p>\n<div class=\"flex_column av_one_full  flex_column_div av-zero-column-padding first  avia-builder-el-4  el_after_av_one_full  el_before_av_hr  column-top-margin\" style='border-radius:0px; '><section class=\"av_textblock_section \"  itemscope=\"itemscope\" itemtype=\"https:\/\/schema.org\/BlogPosting\" itemprop=\"blogPost\" ><div class='avia_textblock  '   itemprop=\"text\" ><p style=\"text-align: justify;\"><em>Inspecciones se centraron en las medidas permanentes del Plan de Descontaminaci\u00f3n Atmosf\u00e9rica (PDA), que proh\u00edbe el uso de calefactores a le\u00f1a en establecimientos comerciales y en dependencias estatales y municipales.<\/em><\/p>\n<p style=\"text-align: justify;\">En el marco del Plan de Descontaminaci\u00f3n Atmosf\u00e9rica de Coyhaique y su zona circundante, fiscalizadores de la Superintendencia del Medio Ambiente se desplegaron en terreno durante la primera Preemergencia ambiental del periodo de Gesti\u00f3n de Episodios Cr\u00edticos (GEC) 2025, declarada por la Delegaci\u00f3n Presidencial Regional.<\/p>\n<p style=\"text-align: justify;\">Durante la jornada se fiscaliz\u00f3 el cumplimiento de las medidas permanentes establecidas en el art\u00edculo 43 del Plan, que proh\u00edbe de forma permanente el uso de calefactores a le\u00f1a en establecimientos comerciales y en dependencias de organismos de la Administraci\u00f3n del Estado y municipal.<\/p>\n<p style=\"text-align: justify;\">Al respecto, \u00d3scar Leal, Jefe Regional SMA de Ays\u00e9n hizo un llamado a todos los regulados a respetar las disposiciones del plan durante el periodo GEC:\u00a0\u00abEl cumplimiento de estas medidas es fundamental para avanzar en la mejora de la calidad del aire de nuestra ciudad y proteger la salud de la poblaci\u00f3n, como Superintendencia, realizaremos las acciones de fiscalizaci\u00f3n durante todo el periodo GEC\u00bb.<\/p>\n<p style=\"text-align: justify;\">El Plan de Descontaminaci\u00f3n Atmosf\u00e9rica busca reducir los niveles de material particulado fino (MP2,5), uno de los principales contaminantes del aire en la zona, especialmente durante la temporada de oto\u00f1o e invierno, cuando el uso de calefacci\u00f3n a le\u00f1a se intensifica.<\/p>\n<\/div><\/section><\/div>\n<div  style='height:50px' class='hr hr-invisible   avia-builder-el-6  el_after_av_one_full  el_before_av_social_share '><span class='hr-inner ' ><span class='hr-inner-style'><\/span><\/span><\/div>\n<div  class='av-social-sharing-box  avia-builder-el-7  el_after_av_hr  el_before_av_hr  '><div class='av-share-box'><h5 class='av-share-link-description av-no-toc '>Compartir esta noticia<\/h5><ul class='av-share-box-list noLightbox'><li class='av-share-link av-social-link-facebook' ><a target=\"_blank\" aria-label=\"Compartir en Facebook\" href='https:\/\/www.facebook.com\/sharer.php?u=https:\/\/radiorevelacionfm.cl\/?p=54022&#038;t=Fiscalizadores%20de%20la%20SMA%20se%20desplegaron%20en%20terreno%20ante%20la%20primera%20Preemergencia%20ambiental%20del%20PDA%20de%20Coyhaique' aria-hidden='false' data-av_icon='\ue8f3' data-av_iconfont='entypo-fontello' title='' data-avia-related-tooltip='Compartir en Facebook' rel=\"noopener\"><span class='avia_hidden_link_text'>Compartir en Facebook<\/span><\/a><\/li><li class='av-share-link av-social-link-twitter' ><a target=\"_blank\" aria-label=\"Compartir en Twitter\" href='https:\/\/twitter.com\/share?text=Fiscalizadores%20de%20la%20SMA%20se%20desplegaron%20en%20terreno%20ante%20la%20primera%20Preemergencia%20ambiental%20del%20PDA%20de%20Coyhaique&#038;url=https:\/\/radiorevelacionfm.cl\/?p=54022' aria-hidden='false' data-av_icon='\ue8f1' data-av_iconfont='entypo-fontello' title='' data-avia-related-tooltip='Compartir en Twitter' rel=\"noopener\"><span class='avia_hidden_link_text'>Compartir en Twitter<\/span><\/a><\/li><li class='av-share-link av-social-link-whatsapp' ><a target=\"_blank\" aria-label=\"Compartir en Whatsapp\" href='https:\/\/api.whatsapp.com\/send?text=https:\/\/radiorevelacionfm.cl\/?p=54022' aria-hidden='false' data-av_icon='\uf232' data-av_iconfont='entypo-fontello' title='' data-avia-related-tooltip='Compartir en Whatsapp' rel=\"noopener\"><span class='avia_hidden_link_text'>Compartir en Whatsapp<\/span><\/a><\/li><li class='av-share-link av-social-link-linkedin' ><a target=\"_blank\" aria-label=\"Compartir en LinkedIn\" href='https:\/\/linkedin.com\/shareArticle?mini=true&#038;title=Fiscalizadores%20de%20la%20SMA%20se%20desplegaron%20en%20terreno%20ante%20la%20primera%20Preemergencia%20ambiental%20del%20PDA%20de%20Coyhaique&#038;url=https:\/\/radiorevelacionfm.cl\/?p=54022' aria-hidden='false' data-av_icon='\ue8fc' data-av_iconfont='entypo-fontello' title='' data-avia-related-tooltip='Compartir en LinkedIn' rel=\"noopener\"><span class='avia_hidden_link_text'>Compartir en LinkedIn<\/span><\/a><\/li><li class='av-share-link av-social-link-mail' ><a  aria-label=\"Compartir por correo\" href='mailto:?subject=Fiscalizadores%20de%20la%20SMA%20se%20desplegaron%20en%20terreno%20ante%20la%20primera%20Preemergencia%20ambiental%20del%20PDA%20de%20Coyhaique&#038;body=https:\/\/radiorevelacionfm.cl\/?p=54022' aria-hidden='false' data-av_icon='\ue805' data-av_iconfont='entypo-fontello' title='' data-avia-related-tooltip='Compartir por correo'><span class='avia_hidden_link_text'>Compartir por correo<\/span><\/a><\/li><\/ul><\/div><\/div>\n<div  style='height:50px' class='hr hr-invisible   avia-builder-el-8  el_after_av_social_share  el_before_av_comments_list '><span class='hr-inner ' ><span class='hr-inner-style'><\/span><\/span><\/div>\n<div  class='av-buildercomment  av-blog-meta-html-info-disabled av-blog-meta-tag-disabled  '><\/div>\n","protected":false},"excerpt":{"rendered":"","protected":false},"author":1,"featured_media":4849,"comment_status":"closed","ping_status":"closed","sticky":false,"template":"","format":"standard","meta":{"footnotes":""},"categories":[39],"tags":[],"class_list":["post-54022","post","type-post","status-publish","format-standard","has-post-thumbnail","hentry","category-medio-ambiente"],"jetpack_featured_media_url":"https:\/\/radiorevelacionfm.cl\/wp-content\/uploads\/2021\/06\/Contaminacion-SUR-1-1.jpg","_links":{"self":[{"href":"https:\/\/radiorevelacionfm.cl\/index.php?rest_route=\/wp\/v2\/posts\/54022","targetHints":{"allow":["GET"]}}],"collection":[{"href":"https:\/\/radiorevelacionfm.cl\/index.php?rest_route=\/wp\/v2\/posts"}],"about":[{"href":"https:\/\/radiorevelacionfm.cl\/index.php?rest_route=\/wp\/v2\/types\/post"}],"author":[{"embeddable":true,"href":"https:\/\/radiorevelacionfm.cl\/index.php?rest_route=\/wp\/v2\/users\/1"}],"replies":[{"embeddable":true,"href":"https:\/\/radiorevelacionfm.cl\/index.php?rest_route=%2Fwp%2Fv2%2Fcomments&post=54022"}],"version-history":[{"count":3,"href":"https:\/\/radiorevelacionfm.cl\/index.php?rest_route=\/wp\/v2\/posts\/54022\/revisions"}],"predecessor-version":[{"id":54048,"href":"https:\/\/radiorevelacionfm.cl\/index.php?rest_route=\/wp\/v2\/posts\/54022\/revisions\/54048"}],"wp:featuredmedia":[{"embeddable":true,"href":"https:\/\/radiorevelacionfm.cl\/index.php?rest_route=\/wp\/v2\/media\/4849"}],"wp:attachment":[{"href":"https:\/\/radiorevelacionfm.cl\/index.php?rest_route=%2Fwp%2Fv2%2Fmedia&parent=54022"}],"wp:term":[{"taxonomy":"category","embeddable":true,"href":"https:\/\/radiorevelacionfm.cl\/index.php?rest_route=%2Fwp%2Fv2%2Fcategories&post=54022"},{"taxonomy":"post_tag","embeddable":true,"href":"https:\/\/radiorevelacionfm.cl\/index.php?rest_route=%2Fwp%2Fv2%2Ftags&post=54022"}],"curies":[{"name":"wp","href":"https:\/\/api.w.org\/{rel}","templated":true}]}}