{"id":5402,"date":"2021-06-17T18:01:19","date_gmt":"2021-06-17T21:01:19","guid":{"rendered":"https:\/\/radiorevelacionfm.cl\/?p=5402"},"modified":"2021-06-17T18:04:10","modified_gmt":"2021-06-17T21:04:10","slug":"dan-inicio-a-licitacion-para-nuevo-cuartel-de-bomberos-en-puerto-cisnes","status":"publish","type":"post","link":"https:\/\/radiorevelacionfm.cl\/?p=5402","title":{"rendered":"Inician licitaci\u00f3n para construcci\u00f3n de nuevo Cuartel de Bomberos en Puerto Cisnes"},"content":{"rendered":"<div class=\"flex_column av_one_full  flex_column_div av-zero-column-padding first  avia-builder-el-0  el_before_av_one_full  avia-builder-el-first  \" style='border-radius:0px; '><div  class='avia-image-container  av-styling-    avia-builder-el-1  avia-builder-el-no-sibling  avia-align-center '  itemprop=\"image\" itemscope=\"itemscope\" itemtype=\"https:\/\/schema.org\/ImageObject\"  ><div class='avia-image-container-inner'><div class='avia-image-overlay-wrap'><img decoding=\"async\" class='wp-image-5403 avia-img-lazy-loading-not-5403 avia_image' src=\"https:\/\/radiorevelacionfm.cl\/wp-content\/uploads\/2021\/06\/licitacion-cuartel-bomberos-Cisnes-1-1.jpg\" alt='' title='licitacion cuartel bomberos Cisnes (1) (1)' height=\"600\" width=\"1051\"  itemprop=\"thumbnailUrl\" srcset=\"https:\/\/radiorevelacionfm.cl\/wp-content\/uploads\/2021\/06\/licitacion-cuartel-bomberos-Cisnes-1-1.jpg 1051w, https:\/\/radiorevelacionfm.cl\/wp-content\/uploads\/2021\/06\/licitacion-cuartel-bomberos-Cisnes-1-1-300x171.jpg 300w, https:\/\/radiorevelacionfm.cl\/wp-content\/uploads\/2021\/06\/licitacion-cuartel-bomberos-Cisnes-1-1-1030x588.jpg 1030w, https:\/\/radiorevelacionfm.cl\/wp-content\/uploads\/2021\/06\/licitacion-cuartel-bomberos-Cisnes-1-1-768x438.jpg 768w, https:\/\/radiorevelacionfm.cl\/wp-content\/uploads\/2021\/06\/licitacion-cuartel-bomberos-Cisnes-1-1-705x402.jpg 705w, https:\/\/radiorevelacionfm.cl\/wp-content\/uploads\/2021\/06\/licitacion-cuartel-bomberos-Cisnes-1-1-600x343.jpg 600w\" sizes=\"(max-width: 1051px) 100vw, 1051px\" \/><\/div><\/div><\/div><\/div>\n<div class=\"flex_column av_one_full  flex_column_div av-zero-column-padding first  avia-builder-el-2  el_after_av_one_full  el_before_av_one_full  column-top-margin\" style='border-radius:0px; '><section class=\"av_textblock_section \"  itemscope=\"itemscope\" itemtype=\"https:\/\/schema.org\/BlogPosting\" itemprop=\"blogPost\" ><div class='avia_textblock  '   itemprop=\"text\" ><p style=\"text-align: center;\"><strong><span style=\"font-size: 18pt;\">Inician licitaci\u00f3n para construcci\u00f3n de nuevo Cuartel de Bomberos en Puerto Cisnes<\/span><\/strong><\/p>\n<div id=\"gtx-trans\" style=\"position: absolute; left: -50px; top: 4.31534px;\">\n<div class=\"gtx-trans-icon\"><\/div>\n<\/div>\n<\/div><\/section><\/div><div class=\"flex_column av_one_full  flex_column_div av-zero-column-padding first  avia-builder-el-4  el_after_av_one_full  el_before_av_hr  column-top-margin\" style='border-radius:0px; '><section class=\"av_textblock_section \"  itemscope=\"itemscope\" itemtype=\"https:\/\/schema.org\/BlogPosting\" itemprop=\"blogPost\" ><div class='avia_textblock  '   itemprop=\"text\" ><p style=\"text-align: justify;\">La iniciativa obtuvo financiamiento del Gobierno Regional de Ays\u00e9n, tras la votaci\u00f3n un\u00e1nime en CORE. Hoy ad portas de comenzar la construcci\u00f3n, una vez que concluya el proceso de licitaci\u00f3n.<\/p>\n<p style=\"text-align: justify;\">El Alcalde Francisco Roncagliolo Lepio junto al Director de la Primera Compa\u00f1\u00eda de Bomberos Rodolfo Knopke Beroiza y el Capit\u00e1n Fernando \u00d1ancupel Anti\u00f1anco, informaron a la comunidad sobre el inicio del proceso de licitaci\u00f3n que permitir\u00e1 muy pronto iniciar la construcci\u00f3n del nuevo cuartel en Puerto Cisnes.<\/p>\n<p style=\"text-align: justify;\">Es una inversi\u00f3n del Gobierno Regional de Ays\u00e9n que supera los 680 millones de pesos, destac\u00f3 el Edil.<\/p>\n<p style=\"text-align: justify;\">\u201cDar a conocer a la comunidad de que el proyecto que hace un tiempo atr\u00e1s se hab\u00eda anunciado del nuevo cuartel para Puerto Cisnes, que ya contaba con financiamiento, el d\u00eda de hoy se encuentra en licitaci\u00f3n. Por lo tanto, est\u00e1 disponible para que cualquier empresa pueda postular a la construcci\u00f3n de este cuartel. Son m\u00e1s de 680 millones de pesos en esta licitaci\u00f3n y obviamente va a cambiar en su totalidad lo que hoy conocemos como Primera Compa\u00f1\u00eda, en lo que respecta a su infraestructura\u201d.<\/p>\n<p style=\"text-align: justify;\">Agradecidos de la gesti\u00f3n de la Municipalidad de Cisnes, mediante su autoridad comunal y el equipo t\u00e9cnico, se mostr\u00f3 el Director de la Primera Compa\u00f1\u00eda de Bomberos de esta comuna, Rodolfo knopke.<\/p>\n<p style=\"text-align: justify;\">\u201cEstamos muy contentos, agradecidos adem\u00e1s por la oportunidad que tenemos de tener una casa nueva, en donde vamos a poder mejorar sin duda el servicio que prestamos a la comunidad. Agradecidos de la gesti\u00f3n municipal, agradecidos de todos quienes han puesto un grano de arena en este proyecto, que es un proyecto que lleva mucho tiempo, por lo menos han pasado varios Superintendentes trabajando en ello. As\u00ed es que, lo de hoy es una gesti\u00f3n importante de la Municipalidad que est\u00e1 rindiendo frutos y ya pronto veremos c\u00f3mo se instala la empresa que va a construir nuestro cuartel\u201d.<\/p>\n<p style=\"text-align: justify;\">El proyecto de reposici\u00f3n del Cuartel General y de la Primera Compa\u00f1\u00eda de Bomberos de Cisnes, viene a ser un reconocimiento a cada uno de los voluntarios y oficiales que d\u00eda a d\u00eda est\u00e1n dispuestos a colaborar con la comunidad, no solo en las emergencias, tambi\u00e9n lo han hecho en campa\u00f1as, actividades sociales, en la sanitizaci\u00f3n de las distintas localidades, siempre con la voluntad y disposici\u00f3n que los caracteriza. Por ello, la Municipalidad de Cisnes, liderada por su Alcalde Francisco Roncagliolo, no dudaron en llevar adelante este importante proyecto que en los pr\u00f3ximos meses ser\u00e1 una realidad.<\/p>\n<\/div><\/section><\/div><\/p>\n<div  style='height:50px' class='hr hr-invisible   avia-builder-el-6  el_after_av_one_full  el_before_av_social_share '><span class='hr-inner ' ><span class='hr-inner-style'><\/span><\/span><\/div>\n<div  class='av-social-sharing-box  avia-builder-el-7  el_after_av_hr  el_before_av_hr  '><div class='av-share-box'><h5 class='av-share-link-description av-no-toc '>Compartir esta noticia<\/h5><ul class='av-share-box-list noLightbox'><li class='av-share-link av-social-link-facebook' ><a target=\"_blank\" aria-label=\"Compartir en Facebook\" href='https:\/\/www.facebook.com\/sharer.php?u=https:\/\/radiorevelacionfm.cl\/?p=5402&#038;t=Inician%20licitaci%C3%B3n%20para%20construcci%C3%B3n%20de%20nuevo%20Cuartel%20de%20Bomberos%20en%20Puerto%20Cisnes' aria-hidden='false' data-av_icon='\ue8f3' data-av_iconfont='entypo-fontello' title='' data-avia-related-tooltip='Compartir en Facebook' rel=\"noopener\"><span class='avia_hidden_link_text'>Compartir en Facebook<\/span><\/a><\/li><li class='av-share-link av-social-link-twitter' ><a target=\"_blank\" aria-label=\"Compartir en Twitter\" href='https:\/\/twitter.com\/share?text=Inician%20licitaci%C3%B3n%20para%20construcci%C3%B3n%20de%20nuevo%20Cuartel%20de%20Bomberos%20en%20Puerto%20Cisnes&#038;url=https:\/\/radiorevelacionfm.cl\/?p=5402' aria-hidden='false' data-av_icon='\ue8f1' data-av_iconfont='entypo-fontello' title='' data-avia-related-tooltip='Compartir en Twitter' rel=\"noopener\"><span class='avia_hidden_link_text'>Compartir en Twitter<\/span><\/a><\/li><li class='av-share-link av-social-link-whatsapp' ><a target=\"_blank\" aria-label=\"Compartir en Whatsapp\" href='https:\/\/api.whatsapp.com\/send?text=https:\/\/radiorevelacionfm.cl\/?p=5402' aria-hidden='false' data-av_icon='\uf232' data-av_iconfont='entypo-fontello' title='' data-avia-related-tooltip='Compartir en Whatsapp' rel=\"noopener\"><span class='avia_hidden_link_text'>Compartir en Whatsapp<\/span><\/a><\/li><li class='av-share-link av-social-link-linkedin' ><a target=\"_blank\" aria-label=\"Compartir en LinkedIn\" href='https:\/\/linkedin.com\/shareArticle?mini=true&#038;title=Inician%20licitaci%C3%B3n%20para%20construcci%C3%B3n%20de%20nuevo%20Cuartel%20de%20Bomberos%20en%20Puerto%20Cisnes&#038;url=https:\/\/radiorevelacionfm.cl\/?p=5402' aria-hidden='false' data-av_icon='\ue8fc' data-av_iconfont='entypo-fontello' title='' data-avia-related-tooltip='Compartir en LinkedIn' rel=\"noopener\"><span class='avia_hidden_link_text'>Compartir en LinkedIn<\/span><\/a><\/li><li class='av-share-link av-social-link-mail' ><a  aria-label=\"Compartir por correo\" href='mailto:?subject=Inician%20licitaci%C3%B3n%20para%20construcci%C3%B3n%20de%20nuevo%20Cuartel%20de%20Bomberos%20en%20Puerto%20Cisnes&#038;body=https:\/\/radiorevelacionfm.cl\/?p=5402' aria-hidden='false' data-av_icon='\ue805' data-av_iconfont='entypo-fontello' title='' data-avia-related-tooltip='Compartir por correo'><span class='avia_hidden_link_text'>Compartir por correo<\/span><\/a><\/li><\/ul><\/div><\/div>\n<div  style='height:50px' class='hr hr-invisible   avia-builder-el-8  el_after_av_social_share  el_before_av_comments_list '><span class='hr-inner ' ><span class='hr-inner-style'><\/span><\/span><\/div>\n<div  class='av-buildercomment  av-blog-meta-html-info-disabled av-blog-meta-tag-disabled  '><\/div>\n","protected":false},"excerpt":{"rendered":"","protected":false},"author":1,"featured_media":5403,"comment_status":"open","ping_status":"open","sticky":false,"template":"","format":"standard","meta":{"footnotes":""},"categories":[38],"tags":[],"class_list":["post-5402","post","type-post","status-publish","format-standard","has-post-thumbnail","hentry","category-regional"],"jetpack_featured_media_url":"https:\/\/radiorevelacionfm.cl\/wp-content\/uploads\/2021\/06\/licitacion-cuartel-bomberos-Cisnes-1-1.jpg","_links":{"self":[{"href":"https:\/\/radiorevelacionfm.cl\/index.php?rest_route=\/wp\/v2\/posts\/5402","targetHints":{"allow":["GET"]}}],"collection":[{"href":"https:\/\/radiorevelacionfm.cl\/index.php?rest_route=\/wp\/v2\/posts"}],"about":[{"href":"https:\/\/radiorevelacionfm.cl\/index.php?rest_route=\/wp\/v2\/types\/post"}],"author":[{"embeddable":true,"href":"https:\/\/radiorevelacionfm.cl\/index.php?rest_route=\/wp\/v2\/users\/1"}],"replies":[{"embeddable":true,"href":"https:\/\/radiorevelacionfm.cl\/index.php?rest_route=%2Fwp%2Fv2%2Fcomments&post=5402"}],"version-history":[{"count":3,"href":"https:\/\/radiorevelacionfm.cl\/index.php?rest_route=\/wp\/v2\/posts\/5402\/revisions"}],"predecessor-version":[{"id":5406,"href":"https:\/\/radiorevelacionfm.cl\/index.php?rest_route=\/wp\/v2\/posts\/5402\/revisions\/5406"}],"wp:featuredmedia":[{"embeddable":true,"href":"https:\/\/radiorevelacionfm.cl\/index.php?rest_route=\/wp\/v2\/media\/5403"}],"wp:attachment":[{"href":"https:\/\/radiorevelacionfm.cl\/index.php?rest_route=%2Fwp%2Fv2%2Fmedia&parent=5402"}],"wp:term":[{"taxonomy":"category","embeddable":true,"href":"https:\/\/radiorevelacionfm.cl\/index.php?rest_route=%2Fwp%2Fv2%2Fcategories&post=5402"},{"taxonomy":"post_tag","embeddable":true,"href":"https:\/\/radiorevelacionfm.cl\/index.php?rest_route=%2Fwp%2Fv2%2Ftags&post=5402"}],"curies":[{"name":"wp","href":"https:\/\/api.w.org\/{rel}","templated":true}]}}