{"id":54015,"date":"2025-05-16T16:31:44","date_gmt":"2025-05-16T19:31:44","guid":{"rendered":"https:\/\/radiorevelacionfm.cl\/?p=54015"},"modified":"2025-05-16T16:31:44","modified_gmt":"2025-05-16T19:31:44","slug":"comunidad-educativa-de-escuela-carlos-condell-recibe-reconocimiento-a-la-mejor-ejecucion-regional-del-fondo-de-proteccion-ambiental","status":"publish","type":"post","link":"https:\/\/radiorevelacionfm.cl\/?p=54015","title":{"rendered":"Comunidad educativa de Escuela Carlos Condell, recibe reconocimiento a la mejor ejecuci\u00f3n regional del Fondo de Protecci\u00f3n Ambiental"},"content":{"rendered":"<div class=\"flex_column av_one_full  flex_column_div av-zero-column-padding first  avia-builder-el-0  el_before_av_one_full  avia-builder-el-first  \" style='border-radius:0px; '><div  class='avia-image-container  av-styling-    avia-builder-el-1  avia-builder-el-no-sibling  avia-align-center '  itemprop=\"image\" itemscope=\"itemscope\" itemtype=\"https:\/\/schema.org\/ImageObject\"  ><div class='avia-image-container-inner'><div class='avia-image-overlay-wrap'><img decoding=\"async\" class='wp-image-54016 avia-img-lazy-loading-not-54016 avia_image' src=\"https:\/\/radiorevelacionfm.cl\/wp-content\/uploads\/2025\/05\/img_2997-1_optimized-1_optimized-1.jpg\" alt='' title='img_2997-(1)_optimized-(1)_optimized (1)' height=\"600\" width=\"1048\"  itemprop=\"thumbnailUrl\" srcset=\"https:\/\/radiorevelacionfm.cl\/wp-content\/uploads\/2025\/05\/img_2997-1_optimized-1_optimized-1.jpg 1048w, https:\/\/radiorevelacionfm.cl\/wp-content\/uploads\/2025\/05\/img_2997-1_optimized-1_optimized-1-300x172.jpg 300w, https:\/\/radiorevelacionfm.cl\/wp-content\/uploads\/2025\/05\/img_2997-1_optimized-1_optimized-1-1030x590.jpg 1030w, https:\/\/radiorevelacionfm.cl\/wp-content\/uploads\/2025\/05\/img_2997-1_optimized-1_optimized-1-768x440.jpg 768w, https:\/\/radiorevelacionfm.cl\/wp-content\/uploads\/2025\/05\/img_2997-1_optimized-1_optimized-1-705x404.jpg 705w, https:\/\/radiorevelacionfm.cl\/wp-content\/uploads\/2025\/05\/img_2997-1_optimized-1_optimized-1-450x258.jpg 450w, https:\/\/radiorevelacionfm.cl\/wp-content\/uploads\/2025\/05\/img_2997-1_optimized-1_optimized-1-600x344.jpg 600w\" sizes=\"(max-width: 1048px) 100vw, 1048px\" \/><\/div><\/div><\/div><\/div><div class=\"flex_column av_one_full  flex_column_div av-zero-column-padding first  avia-builder-el-2  el_after_av_one_full  el_before_av_one_full  column-top-margin\" style='border-radius:0px; '><section class=\"av_textblock_section \"  itemscope=\"itemscope\" itemtype=\"https:\/\/schema.org\/BlogPosting\" itemprop=\"blogPost\" ><div class='avia_textblock  '   itemprop=\"text\" ><p style=\"text-align: center;\"><span style=\"font-size: 18pt;\"><strong>Comunidad educativa de Escuela Carlos Condell, recibe reconocimiento a la mejor ejecuci\u00f3n regional del Fondo de Protecci\u00f3n Ambiental <\/strong><\/span><\/p>\n<div id=\"gtx-trans\" style=\"position: absolute; left: -50px; top: 4.31534px;\">\n<div class=\"gtx-trans-icon\"><\/div>\n<\/div>\n<\/div><\/section><\/div><div class=\"flex_column av_one_full  flex_column_div av-zero-column-padding first  avia-builder-el-4  el_after_av_one_full  el_before_av_hr  column-top-margin\" style='border-radius:0px; '><section class=\"av_textblock_section \"  itemscope=\"itemscope\" itemtype=\"https:\/\/schema.org\/BlogPosting\" itemprop=\"blogPost\" ><div class='avia_textblock  '   itemprop=\"text\" ><p style=\"text-align: justify;\">El SEREMI del Medio Ambiente de la regi\u00f3n de Ays\u00e9n, Yoal D\u00edaz en su gira por isla Las Huichas hizo entrega oficial del premio Carolina Hazard a la comunidad educativa de la escuela Carlos Condell de Caleta Andrade, reconociendo la mejor ejecuci\u00f3n de un proyecto del fondo de Protecci\u00f3n Ambiental FPA en la regi\u00f3n de Ays\u00e9n durante el a\u00f1o 2024.<\/p>\n<p style=\"text-align: justify;\">\u201cHoy tuvimos el placer, el honor y el privilegio de entregar el reconocimiento Carolina Hazard, que se entrega al Fondo de Protecci\u00f3n Ambiental con la mejor ejecuci\u00f3n. Primero es un hito tener un FPA en las Huichas, pero adem\u00e1s la importancia de la actividad, hicieron un sendero que de alguna manera releva la biodiversidad de su entorno y que sirve tambi\u00e9n como un aula abierta. As\u00ed que contentos por este trabajo de equipo con las y los estudiantes\u201d, declar\u00f3 el Seremi del Medio Ambiente, Yoal D\u00edaz.<\/p>\n<p style=\"text-align: justify;\">Por su parte la representante del Centro General de Padres Bernardita Rarum\u00e1n manifest\u00f3 que est\u00e1n \u201cfelices por ese premio, este reconocimiento y a la vez agradecer a todas las personas que hicieron posible esto, por todo el apoyo que siempre nos ha brindado ac\u00e1 para poder cumplir con ese proyecto. La idea que tenemos nosotros continuar con otro proyecto por medio de CONAF para seguir ampliando lo que este sendero educativo, ya que es un espacio que es muy agradable para nuestros ni\u00f1os ac\u00e1 desde el colegio\u201d.<\/p>\n<p style=\"text-align: justify;\">El Proyecto FPA 2024 \u201c\u201c<em>Senderos Educativos: Un recorrido por las \u00e1reas verdes de mi escuela<\/em>\u201d, adjudicado a trav\u00e9s del Centro General de Padres del establecimiento educacional, tuvo como objetivo contribuir a la protecci\u00f3n, recuperaci\u00f3n y preservaci\u00f3n del patrimonio natural de Islas Huichas, mediante la habilitaci\u00f3n de un sendero educativo de 124 metros lineales en una superficie aproximada de 4.500 m\u00b2 dentro del terreno de la Escuela Carlos Condell de Caleta Andrade. Este espacio alberga una rica biodiversidad, incluyendo especies nativas como cipr\u00e9s de las Guaitecas (vulnerable), canelo, coihue, tep\u00fa, luma, murta, calafate y diversas especies de hongos y aves.<\/p>\n<p style=\"text-align: justify;\">La iniciativa contempl\u00f3 la construcci\u00f3n de infraestructura educativa en el entorno natural \u2014incluyendo un mirador, aula abierta y se\u00f1al\u00e9tica interpretativa\u2014, y la realizaci\u00f3n de actividades de educaci\u00f3n ambiental con la comunidad escolar y local, vinculando adem\u00e1s a organismos colaboradores como la Planta \u201cRobinson\u201d, que realiz\u00f3\u00a0 aporte de conchilla para senderos; Escuela Carlos Condell, que otorg\u00f3 el espacio f\u00edsico, apoyo log\u00edstico y difusi\u00f3n; CONAF Ays\u00e9n, que don\u00f3 \u00e1rboles nativos y charlas educativas; y Minimarket Franco, que aport\u00f3 con materiales de construcci\u00f3n (clavos y madera).<\/p>\n<p style=\"text-align: justify;\">La directora de la Escuela Carlos Condell, Sandra Osorio, destac\u00f3 el aporte de la iniciativa al curr\u00edculo ambiental del establecimiento, que forma parte de la red del Sistema de Certificaci\u00f3n Ambiental de Establecimientos Educacionales SNCAE \u201clo que hemos estado haciendo es reforzar el sello medioambiental. Se implement\u00f3 el sendero educativo como una forma de ense\u00f1ar a los estudiantes flora y fauna nativa. Y todos los padres nos ayudan, contamos con un punto limpio y ahora iniciamos un nuevo proyecto que es la reutilizaci\u00f3n\u201d, explic\u00f3 haciendo referencia al recientemente adjudicado proyecto FPA 2025 <em>Ecomoda en mi escuela: reutilizando mis residuos textiles, <\/em>que busca promover un cambio cultural en la comunidad escolar fomentando pr\u00e1cticas de consumo responsable y reducci\u00f3n de residuos textiles mediante talleres de upcycling.<\/p>\n<p style=\"text-align: justify;\">El reconocimiento busca perdurar el legado de Carolina Hazard Vergara, quien se desempe\u00f1\u00f3 por 14 a\u00f1os en la SEREMI del Medio Ambiente de la Regi\u00f3n de la Araucan\u00eda en el \u00e1rea de Educaci\u00f3n Ambiental. As\u00ed, se materializa en un galvano que se entrega a las organizaciones ejecutoras de proyectos FPA destacados, que hayan cumplido sus actividades con una amplia participaci\u00f3n de la comunidad y de otras organizaciones, que tambi\u00e9n han generado un impacto ambiental positivo en su territorio.<\/p>\n<\/div><\/section><\/div><div  style='height:50px' class='hr hr-invisible   avia-builder-el-6  el_after_av_one_full  el_before_av_social_share '><span class='hr-inner ' ><span class='hr-inner-style'><\/span><\/span><\/div><\/p>\n<div  class='av-social-sharing-box  avia-builder-el-7  el_after_av_hr  el_before_av_hr  '><div class='av-share-box'><h5 class='av-share-link-description av-no-toc '>Compartir esta noticia<\/h5><ul class='av-share-box-list noLightbox'><li class='av-share-link av-social-link-facebook' ><a target=\"_blank\" aria-label=\"Compartir en Facebook\" href='https:\/\/www.facebook.com\/sharer.php?u=https:\/\/radiorevelacionfm.cl\/?p=54015&#038;t=Comunidad%20educativa%20de%20Escuela%20Carlos%20Condell%2C%20recibe%20reconocimiento%20a%20la%20mejor%20ejecuci%C3%B3n%20regional%20del%20Fondo%20de%20Protecci%C3%B3n%20Ambiental' aria-hidden='false' data-av_icon='\ue8f3' data-av_iconfont='entypo-fontello' title='' data-avia-related-tooltip='Compartir en Facebook' rel=\"noopener\"><span class='avia_hidden_link_text'>Compartir en Facebook<\/span><\/a><\/li><li class='av-share-link av-social-link-twitter' ><a target=\"_blank\" aria-label=\"Compartir en Twitter\" href='https:\/\/twitter.com\/share?text=Comunidad%20educativa%20de%20Escuela%20Carlos%20Condell%2C%20recibe%20reconocimiento%20a%20la%20mejor%20ejecuci%C3%B3n%20regional%20del%20Fondo%20de%20Protecci%C3%B3n%20Ambiental&#038;url=https:\/\/radiorevelacionfm.cl\/?p=54015' aria-hidden='false' data-av_icon='\ue8f1' data-av_iconfont='entypo-fontello' title='' data-avia-related-tooltip='Compartir en Twitter' rel=\"noopener\"><span class='avia_hidden_link_text'>Compartir en Twitter<\/span><\/a><\/li><li class='av-share-link av-social-link-whatsapp' ><a target=\"_blank\" aria-label=\"Compartir en Whatsapp\" href='https:\/\/api.whatsapp.com\/send?text=https:\/\/radiorevelacionfm.cl\/?p=54015' aria-hidden='false' data-av_icon='\uf232' data-av_iconfont='entypo-fontello' title='' data-avia-related-tooltip='Compartir en Whatsapp' rel=\"noopener\"><span class='avia_hidden_link_text'>Compartir en Whatsapp<\/span><\/a><\/li><li class='av-share-link av-social-link-linkedin' ><a target=\"_blank\" aria-label=\"Compartir en LinkedIn\" href='https:\/\/linkedin.com\/shareArticle?mini=true&#038;title=Comunidad%20educativa%20de%20Escuela%20Carlos%20Condell%2C%20recibe%20reconocimiento%20a%20la%20mejor%20ejecuci%C3%B3n%20regional%20del%20Fondo%20de%20Protecci%C3%B3n%20Ambiental&#038;url=https:\/\/radiorevelacionfm.cl\/?p=54015' aria-hidden='false' data-av_icon='\ue8fc' data-av_iconfont='entypo-fontello' title='' data-avia-related-tooltip='Compartir en LinkedIn' rel=\"noopener\"><span class='avia_hidden_link_text'>Compartir en LinkedIn<\/span><\/a><\/li><li class='av-share-link av-social-link-mail' ><a  aria-label=\"Compartir por correo\" href='mailto:?subject=Comunidad%20educativa%20de%20Escuela%20Carlos%20Condell%2C%20recibe%20reconocimiento%20a%20la%20mejor%20ejecuci%C3%B3n%20regional%20del%20Fondo%20de%20Protecci%C3%B3n%20Ambiental&#038;body=https:\/\/radiorevelacionfm.cl\/?p=54015' aria-hidden='false' data-av_icon='\ue805' data-av_iconfont='entypo-fontello' title='' data-avia-related-tooltip='Compartir por correo'><span class='avia_hidden_link_text'>Compartir por correo<\/span><\/a><\/li><\/ul><\/div><\/div>\n<div  style='height:50px' class='hr hr-invisible   avia-builder-el-8  el_after_av_social_share  el_before_av_comments_list '><span class='hr-inner ' ><span class='hr-inner-style'><\/span><\/span><\/div>\n<div  class='av-buildercomment  av-blog-meta-html-info-disabled av-blog-meta-tag-disabled  '><\/div>\n","protected":false},"excerpt":{"rendered":"","protected":false},"author":1,"featured_media":54016,"comment_status":"closed","ping_status":"closed","sticky":false,"template":"","format":"standard","meta":{"footnotes":""},"categories":[39],"tags":[],"class_list":["post-54015","post","type-post","status-publish","format-standard","has-post-thumbnail","hentry","category-medio-ambiente"],"jetpack_featured_media_url":"https:\/\/radiorevelacionfm.cl\/wp-content\/uploads\/2025\/05\/img_2997-1_optimized-1_optimized-1.jpg","_links":{"self":[{"href":"https:\/\/radiorevelacionfm.cl\/index.php?rest_route=\/wp\/v2\/posts\/54015","targetHints":{"allow":["GET"]}}],"collection":[{"href":"https:\/\/radiorevelacionfm.cl\/index.php?rest_route=\/wp\/v2\/posts"}],"about":[{"href":"https:\/\/radiorevelacionfm.cl\/index.php?rest_route=\/wp\/v2\/types\/post"}],"author":[{"embeddable":true,"href":"https:\/\/radiorevelacionfm.cl\/index.php?rest_route=\/wp\/v2\/users\/1"}],"replies":[{"embeddable":true,"href":"https:\/\/radiorevelacionfm.cl\/index.php?rest_route=%2Fwp%2Fv2%2Fcomments&post=54015"}],"version-history":[{"count":2,"href":"https:\/\/radiorevelacionfm.cl\/index.php?rest_route=\/wp\/v2\/posts\/54015\/revisions"}],"predecessor-version":[{"id":54018,"href":"https:\/\/radiorevelacionfm.cl\/index.php?rest_route=\/wp\/v2\/posts\/54015\/revisions\/54018"}],"wp:featuredmedia":[{"embeddable":true,"href":"https:\/\/radiorevelacionfm.cl\/index.php?rest_route=\/wp\/v2\/media\/54016"}],"wp:attachment":[{"href":"https:\/\/radiorevelacionfm.cl\/index.php?rest_route=%2Fwp%2Fv2%2Fmedia&parent=54015"}],"wp:term":[{"taxonomy":"category","embeddable":true,"href":"https:\/\/radiorevelacionfm.cl\/index.php?rest_route=%2Fwp%2Fv2%2Fcategories&post=54015"},{"taxonomy":"post_tag","embeddable":true,"href":"https:\/\/radiorevelacionfm.cl\/index.php?rest_route=%2Fwp%2Fv2%2Ftags&post=54015"}],"curies":[{"name":"wp","href":"https:\/\/api.w.org\/{rel}","templated":true}]}}