{"id":54012,"date":"2025-05-16T17:18:59","date_gmt":"2025-05-16T20:18:59","guid":{"rendered":"https:\/\/radiorevelacionfm.cl\/?p=54012"},"modified":"2025-05-16T17:18:59","modified_gmt":"2025-05-16T20:18:59","slug":"comite-de-desarrollo-productivo-aysen-suma-nuevo-programa-para-impulsar-sectores-productivos-estrategicos-en-la-region","status":"publish","type":"post","link":"https:\/\/radiorevelacionfm.cl\/?p=54012","title":{"rendered":"Comit\u00e9 de Desarrollo Productivo Ays\u00e9n suma nuevo programa para impulsar sectores productivos estrat\u00e9gicos en la regi\u00f3n"},"content":{"rendered":"<div class=\"flex_column av_one_full  flex_column_div av-zero-column-padding first  avia-builder-el-0  el_before_av_one_full  avia-builder-el-first  \" style='border-radius:0px; '><div  class='avia-image-container  av-styling-    avia-builder-el-1  avia-builder-el-no-sibling  avia-align-center '  itemprop=\"image\" itemscope=\"itemscope\" itemtype=\"https:\/\/schema.org\/ImageObject\"  ><div class='avia-image-container-inner'><div class='avia-image-overlay-wrap'><img decoding=\"async\" class='wp-image-54013 avia-img-lazy-loading-not-54013 avia_image' src=\"https:\/\/radiorevelacionfm.cl\/wp-content\/uploads\/2025\/05\/20250402_094006-1_optimized-1.jpg\" alt='' title='20250402_094006-(1)_optimized (1)' height=\"600\" width=\"1065\"  itemprop=\"thumbnailUrl\" srcset=\"https:\/\/radiorevelacionfm.cl\/wp-content\/uploads\/2025\/05\/20250402_094006-1_optimized-1.jpg 1065w, https:\/\/radiorevelacionfm.cl\/wp-content\/uploads\/2025\/05\/20250402_094006-1_optimized-1-300x169.jpg 300w, https:\/\/radiorevelacionfm.cl\/wp-content\/uploads\/2025\/05\/20250402_094006-1_optimized-1-1030x580.jpg 1030w, https:\/\/radiorevelacionfm.cl\/wp-content\/uploads\/2025\/05\/20250402_094006-1_optimized-1-768x433.jpg 768w, https:\/\/radiorevelacionfm.cl\/wp-content\/uploads\/2025\/05\/20250402_094006-1_optimized-1-705x397.jpg 705w, https:\/\/radiorevelacionfm.cl\/wp-content\/uploads\/2025\/05\/20250402_094006-1_optimized-1-450x254.jpg 450w, https:\/\/radiorevelacionfm.cl\/wp-content\/uploads\/2025\/05\/20250402_094006-1_optimized-1-600x338.jpg 600w\" sizes=\"(max-width: 1065px) 100vw, 1065px\" \/><\/div><\/div><\/div><\/div><div class=\"flex_column av_one_full  flex_column_div av-zero-column-padding first  avia-builder-el-2  el_after_av_one_full  el_before_av_one_full  column-top-margin\" style='border-radius:0px; '><section class=\"av_textblock_section \"  itemscope=\"itemscope\" itemtype=\"https:\/\/schema.org\/BlogPosting\" itemprop=\"blogPost\" ><div class='avia_textblock  '   itemprop=\"text\" ><p style=\"text-align: center;\"><span style=\"font-size: 18pt;\"><b>Comit\u00e9 de Desarrollo Productivo Ays\u00e9n suma nuevo programa para impulsar sectores productivos estrat\u00e9gicos en la regi\u00f3n<\/b><\/span><\/p>\n<div id=\"gtx-trans\" style=\"position: absolute; left: -50px; top: 4.31534px;\">\n<div class=\"gtx-trans-icon\"><\/div>\n<\/div>\n<\/div><\/section><\/div><div class=\"flex_column av_one_full  flex_column_div av-zero-column-padding first  avia-builder-el-4  el_after_av_one_full  el_before_av_hr  column-top-margin\" style='border-radius:0px; '><section class=\"av_textblock_section \"  itemscope=\"itemscope\" itemtype=\"https:\/\/schema.org\/BlogPosting\" itemprop=\"blogPost\" ><div class='avia_textblock  '   itemprop=\"text\" ><p style=\"font-weight: 400; text-align: justify;\"><em>Transforma, programa de Corfo delegado al Comit\u00e9 de Desarrollo Productivo Regional, busca mejorar la competitividad y fortalecer la colaboraci\u00f3n p\u00fablico-privada en cadenas de valor con alto potencial.<\/em><\/p>\n<p style=\"font-weight: 400; text-align: justify;\">En una nueva sesi\u00f3n del pleno del Comit\u00e9 de Desarrollo Productivo Regional (CDPR) de Ays\u00e9n, se formaliz\u00f3 la incorporaci\u00f3n del programa Transforma, iniciativa de Corfo que permitir\u00e1 dinamizar sectores productivos estrat\u00e9gicos mediante una gesti\u00f3n articulada y colaborativa desde el territorio.<\/p>\n<p style=\"font-weight: 400; text-align: justify;\">El objetivo del programa es contribuir a la mejora de la competitividad de las empresas de un sector o plataforma habilitante, especialmente en aquellos \u00e1mbitos con alto potencial de generaci\u00f3n de valor o crecimiento. Para ello, busca resolver brechas de competitividad y\/o fallas de coordinaci\u00f3n entre agentes p\u00fablicos y privados, generando un entorno m\u00e1s favorable para el aumento de la productividad, la innovaci\u00f3n y el emprendimiento.<\/p>\n<p style=\"font-weight: 400; text-align: justify;\">Durante la sesi\u00f3n, el director regional de Corfo, Humberto Mar\u00edn Leiva, valor\u00f3 la incorporaci\u00f3n del programa al Comit\u00e9. \u201cTransforma es un programa impulsado por Corfo que permite articular estrategias de desarrollo productivo con visi\u00f3n de largo plazo, potenciando sectores con alto valor para la regi\u00f3n. Su llegada al CDPR Ays\u00e9n refuerza el compromiso institucional con un desarrollo descentralizado, sostenible y basado en la colaboraci\u00f3n p\u00fablico-privada\u201d, indic\u00f3.<\/p>\n<p style=\"font-weight: 400; text-align: justify;\">El programa tambi\u00e9n busca generar y consensuar una visi\u00f3n de largo plazo diferenciadora, capaz de alcanzar ventajas competitivas relevantes a nivel global. Asimismo, promueve la creaci\u00f3n y fortalecimiento de gobernanzas y capital social, que mejoren el entorno para la coordinaci\u00f3n y la acci\u00f3n colectiva entre diversos actores del territorio.<\/p>\n<p style=\"font-weight: 400; text-align: justify;\">Con esta incorporaci\u00f3n, el CDPR Ays\u00e9n ampl\u00eda su portafolio de instrumentos orientados a fortalecer el desarrollo econ\u00f3mico regional. A la fecha, el Comit\u00e9 ha canalizado m\u00e1s de $1.900 millones en apoyo a iniciativas productivas, consolid\u00e1ndose como una plataforma clave para el fomento de la innovaci\u00f3n, la inversi\u00f3n y el emprendimiento con pertinencia territorial.<\/p>\n<\/div><\/section><\/div><div  style='height:50px' class='hr hr-invisible   avia-builder-el-6  el_after_av_one_full  el_before_av_social_share '><span class='hr-inner ' ><span class='hr-inner-style'><\/span><\/span><\/div><\/p>\n<div  class='av-social-sharing-box  avia-builder-el-7  el_after_av_hr  el_before_av_hr  '><div class='av-share-box'><h5 class='av-share-link-description av-no-toc '>Compartir esta noticia<\/h5><ul class='av-share-box-list noLightbox'><li class='av-share-link av-social-link-facebook' ><a target=\"_blank\" aria-label=\"Compartir en Facebook\" href='https:\/\/www.facebook.com\/sharer.php?u=https:\/\/radiorevelacionfm.cl\/?p=54012&#038;t=Comit%C3%A9%20de%20Desarrollo%20Productivo%20Ays%C3%A9n%20suma%20nuevo%20programa%20para%20impulsar%20sectores%20productivos%20estrat%C3%A9gicos%20en%20la%20regi%C3%B3n' aria-hidden='false' data-av_icon='\ue8f3' data-av_iconfont='entypo-fontello' title='' data-avia-related-tooltip='Compartir en Facebook' rel=\"noopener\"><span class='avia_hidden_link_text'>Compartir en Facebook<\/span><\/a><\/li><li class='av-share-link av-social-link-twitter' ><a target=\"_blank\" aria-label=\"Compartir en Twitter\" href='https:\/\/twitter.com\/share?text=Comit%C3%A9%20de%20Desarrollo%20Productivo%20Ays%C3%A9n%20suma%20nuevo%20programa%20para%20impulsar%20sectores%20productivos%20estrat%C3%A9gicos%20en%20la%20regi%C3%B3n&#038;url=https:\/\/radiorevelacionfm.cl\/?p=54012' aria-hidden='false' data-av_icon='\ue8f1' data-av_iconfont='entypo-fontello' title='' data-avia-related-tooltip='Compartir en Twitter' rel=\"noopener\"><span class='avia_hidden_link_text'>Compartir en Twitter<\/span><\/a><\/li><li class='av-share-link av-social-link-whatsapp' ><a target=\"_blank\" aria-label=\"Compartir en Whatsapp\" href='https:\/\/api.whatsapp.com\/send?text=https:\/\/radiorevelacionfm.cl\/?p=54012' aria-hidden='false' data-av_icon='\uf232' data-av_iconfont='entypo-fontello' title='' data-avia-related-tooltip='Compartir en Whatsapp' rel=\"noopener\"><span class='avia_hidden_link_text'>Compartir en Whatsapp<\/span><\/a><\/li><li class='av-share-link av-social-link-linkedin' ><a target=\"_blank\" aria-label=\"Compartir en LinkedIn\" href='https:\/\/linkedin.com\/shareArticle?mini=true&#038;title=Comit%C3%A9%20de%20Desarrollo%20Productivo%20Ays%C3%A9n%20suma%20nuevo%20programa%20para%20impulsar%20sectores%20productivos%20estrat%C3%A9gicos%20en%20la%20regi%C3%B3n&#038;url=https:\/\/radiorevelacionfm.cl\/?p=54012' aria-hidden='false' data-av_icon='\ue8fc' data-av_iconfont='entypo-fontello' title='' data-avia-related-tooltip='Compartir en LinkedIn' rel=\"noopener\"><span class='avia_hidden_link_text'>Compartir en LinkedIn<\/span><\/a><\/li><li class='av-share-link av-social-link-mail' ><a  aria-label=\"Compartir por correo\" href='mailto:?subject=Comit%C3%A9%20de%20Desarrollo%20Productivo%20Ays%C3%A9n%20suma%20nuevo%20programa%20para%20impulsar%20sectores%20productivos%20estrat%C3%A9gicos%20en%20la%20regi%C3%B3n&#038;body=https:\/\/radiorevelacionfm.cl\/?p=54012' aria-hidden='false' data-av_icon='\ue805' data-av_iconfont='entypo-fontello' title='' data-avia-related-tooltip='Compartir por correo'><span class='avia_hidden_link_text'>Compartir por correo<\/span><\/a><\/li><\/ul><\/div><\/div>\n<div  style='height:50px' class='hr hr-invisible   avia-builder-el-8  el_after_av_social_share  el_before_av_comments_list '><span class='hr-inner ' ><span class='hr-inner-style'><\/span><\/span><\/div>\n<div  class='av-buildercomment  av-blog-meta-html-info-disabled av-blog-meta-tag-disabled  '><\/div>\n","protected":false},"excerpt":{"rendered":"","protected":false},"author":1,"featured_media":54013,"comment_status":"closed","ping_status":"closed","sticky":false,"template":"","format":"standard","meta":{"footnotes":""},"categories":[38],"tags":[],"class_list":["post-54012","post","type-post","status-publish","format-standard","has-post-thumbnail","hentry","category-regional"],"jetpack_featured_media_url":"https:\/\/radiorevelacionfm.cl\/wp-content\/uploads\/2025\/05\/20250402_094006-1_optimized-1.jpg","_links":{"self":[{"href":"https:\/\/radiorevelacionfm.cl\/index.php?rest_route=\/wp\/v2\/posts\/54012","targetHints":{"allow":["GET"]}}],"collection":[{"href":"https:\/\/radiorevelacionfm.cl\/index.php?rest_route=\/wp\/v2\/posts"}],"about":[{"href":"https:\/\/radiorevelacionfm.cl\/index.php?rest_route=\/wp\/v2\/types\/post"}],"author":[{"embeddable":true,"href":"https:\/\/radiorevelacionfm.cl\/index.php?rest_route=\/wp\/v2\/users\/1"}],"replies":[{"embeddable":true,"href":"https:\/\/radiorevelacionfm.cl\/index.php?rest_route=%2Fwp%2Fv2%2Fcomments&post=54012"}],"version-history":[{"count":2,"href":"https:\/\/radiorevelacionfm.cl\/index.php?rest_route=\/wp\/v2\/posts\/54012\/revisions"}],"predecessor-version":[{"id":54024,"href":"https:\/\/radiorevelacionfm.cl\/index.php?rest_route=\/wp\/v2\/posts\/54012\/revisions\/54024"}],"wp:featuredmedia":[{"embeddable":true,"href":"https:\/\/radiorevelacionfm.cl\/index.php?rest_route=\/wp\/v2\/media\/54013"}],"wp:attachment":[{"href":"https:\/\/radiorevelacionfm.cl\/index.php?rest_route=%2Fwp%2Fv2%2Fmedia&parent=54012"}],"wp:term":[{"taxonomy":"category","embeddable":true,"href":"https:\/\/radiorevelacionfm.cl\/index.php?rest_route=%2Fwp%2Fv2%2Fcategories&post=54012"},{"taxonomy":"post_tag","embeddable":true,"href":"https:\/\/radiorevelacionfm.cl\/index.php?rest_route=%2Fwp%2Fv2%2Ftags&post=54012"}],"curies":[{"name":"wp","href":"https:\/\/api.w.org\/{rel}","templated":true}]}}