{"id":54005,"date":"2025-05-16T15:47:23","date_gmt":"2025-05-16T18:47:23","guid":{"rendered":"https:\/\/radiorevelacionfm.cl\/?p=54005"},"modified":"2025-05-16T17:33:26","modified_gmt":"2025-05-16T20:33:26","slug":"puente-el-blanco-de-aysen-sera-una-realidad-gracias-a-financiamiento-del-gobierno-regional","status":"publish","type":"post","link":"https:\/\/radiorevelacionfm.cl\/?p=54005","title":{"rendered":"Puente El Blanco de Ays\u00e9n ser\u00e1 una realidad gracias a acuerdo entre el Gobierno Regional y el MOP"},"content":{"rendered":"<div class=\"flex_column av_one_full  flex_column_div av-zero-column-padding first  avia-builder-el-0  el_before_av_one_full  avia-builder-el-first  \" style='border-radius:0px; '><div  class='avia-image-container  av-styling-    avia-builder-el-1  avia-builder-el-no-sibling  avia-align-center '  itemprop=\"image\" itemscope=\"itemscope\" itemtype=\"https:\/\/schema.org\/ImageObject\"  ><div class='avia-image-container-inner'><div class='avia-image-overlay-wrap'><img decoding=\"async\" class='wp-image-54009 avia-img-lazy-loading-not-54009 avia_image' src=\"https:\/\/radiorevelacionfm.cl\/wp-content\/uploads\/2025\/05\/Andrea-Ponce-Benjamin-Infante-gobernador-regional-Marcelo-Santana-ministra-alcalde-Luis-Martinez-1-1.jpg\" alt='' title='Andrea Ponce, Benjamin Infante, gobernador regional Marcelo Santana, ministra, alcalde Luis Martinez (1) (1)' height=\"600\" width=\"1056\"  itemprop=\"thumbnailUrl\" srcset=\"https:\/\/radiorevelacionfm.cl\/wp-content\/uploads\/2025\/05\/Andrea-Ponce-Benjamin-Infante-gobernador-regional-Marcelo-Santana-ministra-alcalde-Luis-Martinez-1-1.jpg 1056w, https:\/\/radiorevelacionfm.cl\/wp-content\/uploads\/2025\/05\/Andrea-Ponce-Benjamin-Infante-gobernador-regional-Marcelo-Santana-ministra-alcalde-Luis-Martinez-1-1-300x170.jpg 300w, https:\/\/radiorevelacionfm.cl\/wp-content\/uploads\/2025\/05\/Andrea-Ponce-Benjamin-Infante-gobernador-regional-Marcelo-Santana-ministra-alcalde-Luis-Martinez-1-1-1030x585.jpg 1030w, https:\/\/radiorevelacionfm.cl\/wp-content\/uploads\/2025\/05\/Andrea-Ponce-Benjamin-Infante-gobernador-regional-Marcelo-Santana-ministra-alcalde-Luis-Martinez-1-1-768x436.jpg 768w, https:\/\/radiorevelacionfm.cl\/wp-content\/uploads\/2025\/05\/Andrea-Ponce-Benjamin-Infante-gobernador-regional-Marcelo-Santana-ministra-alcalde-Luis-Martinez-1-1-705x401.jpg 705w, https:\/\/radiorevelacionfm.cl\/wp-content\/uploads\/2025\/05\/Andrea-Ponce-Benjamin-Infante-gobernador-regional-Marcelo-Santana-ministra-alcalde-Luis-Martinez-1-1-450x256.jpg 450w, https:\/\/radiorevelacionfm.cl\/wp-content\/uploads\/2025\/05\/Andrea-Ponce-Benjamin-Infante-gobernador-regional-Marcelo-Santana-ministra-alcalde-Luis-Martinez-1-1-600x341.jpg 600w\" sizes=\"(max-width: 1056px) 100vw, 1056px\" \/><\/div><\/div><\/div><\/div>\n<div class=\"flex_column av_one_full  flex_column_div av-zero-column-padding first  avia-builder-el-2  el_after_av_one_full  el_before_av_one_full  column-top-margin\" style='border-radius:0px; '><section class=\"av_textblock_section \"  itemscope=\"itemscope\" itemtype=\"https:\/\/schema.org\/BlogPosting\" itemprop=\"blogPost\" ><div class='avia_textblock  '   itemprop=\"text\" ><p style=\"text-align: center;\"><strong><span style=\"font-size: 18pt;\">Puente El Blanco de Ays\u00e9n ser\u00e1 una realidad gracias a acuerdo entre el Gobierno Regional y el MOP<\/span><\/strong><\/p>\n<div id=\"gtx-trans\" style=\"position: absolute; left: -50px; top: 4.31534px;\">\n<div class=\"gtx-trans-icon\"><\/div>\n<\/div>\n<\/div><\/section><\/div><div class=\"flex_column av_one_full  flex_column_div av-zero-column-padding first  avia-builder-el-4  el_after_av_one_full  el_before_av_hr  column-top-margin\" style='border-radius:0px; '><section class=\"av_textblock_section \"  itemscope=\"itemscope\" itemtype=\"https:\/\/schema.org\/BlogPosting\" itemprop=\"blogPost\" ><div class='avia_textblock  '   itemprop=\"text\" ><p style=\"text-align: justify;\"><em>El gobernador regional de Ays\u00e9n, Marcelo Santana, y el alcalde de la Municipalidad de Ays\u00e9n, Luis Mart\u00ednez, gestionaron con el Ministerio de Obras P\u00fablicas (MOP) el aporte de $1.300 millones para concretar la construcci\u00f3n del puente El Blanco que permitir\u00e1 mejorar la conectividad en el sector.<\/em><\/p>\n<p style=\"text-align: justify;\">Un acuerdo por $1.300 millones para la construcci\u00f3n del puente El Blanco de Ays\u00e9n lograron el gobernador regional de Ays\u00e9n, Marcelo Santana, y Luis Mart\u00ednez, alcalde de la comuna, junto a los consejeros regionales, Andrea Ponce y Benjam\u00edn Infante, en el marco de un encuentro con la ministra de Obras P\u00fablicas, J\u00e9ssica L\u00f3pez.<\/p>\n<p style=\"text-align: justify;\">En la oportunidad, la ministra se\u00f1al\u00f3 que el proceso proceso de licitaci\u00f3n arroj\u00f3 montos superiores a lo presupuestado, por lo que se est\u00e1n realizando los ajustes necesarios para que el proyecto se inicie a la brevedad.<\/p>\n<p style=\"text-align: justify;\">\u201cBueno, efectivamente una buena noticia. Va a estar un poquito demorada, porque se trata de los resultados de la licitaci\u00f3n, cuya propuesta finalmente result\u00f3 ser algo m\u00e1s alta que lo que tenemos autorizado. As\u00ed que vamos a tener que entrar a una reevaluaci\u00f3n. Pero debi\u00e9ramos igualmente iniciar ese proyecto pronto e ir graduando en el tiempo la manera en que lo vamos a abordar\u201d, explic\u00f3 la ministra L\u00f3pez.<\/p>\n<p style=\"text-align: justify;\">El gobernador regional, Marcelo Santana, subray\u00f3 la importancia estrat\u00e9gica de este tipo de proyectos para la conectividad de la regi\u00f3n y el extremo sur del pa\u00eds, refiri\u00e9ndose a la necesidad de este puente para la comuna de Ays\u00e9n y el avance del proyecto Chile por Chile.<\/p>\n<p style=\"text-align: justify;\">\u201cHemos estado con la ministra de Obras P\u00fablicas revisando iniciativas que son de inter\u00e9s de nuestra regi\u00f3n. En primer lugar, hay un proyecto que para nosotros es de alto inter\u00e9s como macrozona sur, que tiene que ver con la conectividad de Chile con Chile. Analizamos las alternativas que trabaja el ministerio, as\u00ed como otras que han surgido en el \u00faltimo tiempo. Esperamos que el MOP las analice en su justo m\u00e9rito, porque existe un inter\u00e9s desde Puerto Montt hasta Magallanes por conectarnos cada vez m\u00e1s por una ruta vial que nos una como pa\u00eds\u201d, se\u00f1al\u00f3 Santana.<\/p>\n<p style=\"text-align: justify;\">En tanto, que el alcalde Luis Mart\u00ednez valor\u00f3 la disposici\u00f3n del Gobierno y del MOP para avanzar en una obra que la comunidad ha esperado por m\u00e1s de tres d\u00e9cadas:<\/p>\n<p style=\"text-align: justify;\">\u201cBueno, en este paso por Santiago, junto al gobernador regional, tuvimos esta importante noticia con respecto al puente Blanco que nuestros vecinos nos encargaron que vi\u00e9ramos la forma del financiamiento que faltaba. La ministra se ha comprometido a financiar 1.300 millones de pesos que faltaban. Lo que nos tiene muy contentos. As\u00ed que esperamos que a partir del pr\u00f3ximo a\u00f1o ya esos recursos est\u00e9n disponibles para terminar con este anhelado sue\u00f1o de los vecinos de El Blanco\u201d, expres\u00f3.<\/p>\n<p style=\"text-align: justify;\">La consejera Andrea Ponce, presidenta de la Comisi\u00f3n de Infraestructura, Transporte y Telecomunicaciones, destac\u00f3 los resultados positivos de la reuni\u00f3n en Santiago: \u201cLa b\u00fasqueda era lograr mayores recursos para la construcci\u00f3n del puente El Blanco y adem\u00e1s que este proyecto tan anhelado por los vecinos y vecinas fuera priorizado. Definitivamente, si las soluciones no llegan a nuestra regi\u00f3n, debemos salir a buscarlas. Eso es lo que tenemos que hacer por el bienestar de nuestra regi\u00f3n de Ays\u00e9n\u201d.<\/p>\n<p style=\"text-align: justify;\">En tanto que el consejero Benjam\u00edn Infante destac\u00f3 que con esta gesti\u00f3n se est\u00e1 solucionando una necesidad importante de esta comunidad: \u201cEl Ministerio de Obras P\u00fablicas comprometi\u00f3 priorizar el financiamiento del puente El Blanco, que conecta el lago Portales y todo el sector del lago Atravesado con Puerto Ays\u00e9n, que responde a un anhelo de larga data de los vecinos de dicho sector. Son 1.000 millones de pesos que est\u00e1n comprometidos para poder construir infraestructura habilitante para que la regi\u00f3n se pueda desarrollar de mejor manera\u201d.<\/p>\n<p style=\"text-align: justify;\">Tanto los consejeros regionales como las autoridades regionales coincidieron en la urgencia de avanzar con celeridad en este proyecto que permitir\u00e1 mejorar la calidad de vida de los ayseninos y que contribuir\u00e1 a fortalecer la conectividad de Ays\u00e9n con otras localidades de la regi\u00f3n.<\/p>\n<\/div><\/section><\/div><div  style='height:50px' class='hr hr-invisible   avia-builder-el-6  el_after_av_one_full  el_before_av_social_share '><span class='hr-inner ' ><span class='hr-inner-style'><\/span><\/span><\/div><\/p>\n<div  class='av-social-sharing-box  avia-builder-el-7  el_after_av_hr  el_before_av_hr  '><div class='av-share-box'><h5 class='av-share-link-description av-no-toc '>Compartir esta noticia<\/h5><ul class='av-share-box-list noLightbox'><li class='av-share-link av-social-link-facebook' ><a target=\"_blank\" aria-label=\"Compartir en Facebook\" href='https:\/\/www.facebook.com\/sharer.php?u=https:\/\/radiorevelacionfm.cl\/?p=54005&#038;t=Puente%20El%20Blanco%20de%20Ays%C3%A9n%20ser%C3%A1%20una%20realidad%20gracias%20a%20acuerdo%20entre%20el%20Gobierno%20Regional%20y%20el%20MOP' aria-hidden='false' data-av_icon='\ue8f3' data-av_iconfont='entypo-fontello' title='' data-avia-related-tooltip='Compartir en Facebook' rel=\"noopener\"><span class='avia_hidden_link_text'>Compartir en Facebook<\/span><\/a><\/li><li class='av-share-link av-social-link-twitter' ><a target=\"_blank\" aria-label=\"Compartir en Twitter\" href='https:\/\/twitter.com\/share?text=Puente%20El%20Blanco%20de%20Ays%C3%A9n%20ser%C3%A1%20una%20realidad%20gracias%20a%20acuerdo%20entre%20el%20Gobierno%20Regional%20y%20el%20MOP&#038;url=https:\/\/radiorevelacionfm.cl\/?p=54005' aria-hidden='false' data-av_icon='\ue8f1' data-av_iconfont='entypo-fontello' title='' data-avia-related-tooltip='Compartir en Twitter' rel=\"noopener\"><span class='avia_hidden_link_text'>Compartir en Twitter<\/span><\/a><\/li><li class='av-share-link av-social-link-whatsapp' ><a target=\"_blank\" aria-label=\"Compartir en Whatsapp\" href='https:\/\/api.whatsapp.com\/send?text=https:\/\/radiorevelacionfm.cl\/?p=54005' aria-hidden='false' data-av_icon='\uf232' data-av_iconfont='entypo-fontello' title='' data-avia-related-tooltip='Compartir en Whatsapp' rel=\"noopener\"><span class='avia_hidden_link_text'>Compartir en Whatsapp<\/span><\/a><\/li><li class='av-share-link av-social-link-linkedin' ><a target=\"_blank\" aria-label=\"Compartir en LinkedIn\" href='https:\/\/linkedin.com\/shareArticle?mini=true&#038;title=Puente%20El%20Blanco%20de%20Ays%C3%A9n%20ser%C3%A1%20una%20realidad%20gracias%20a%20acuerdo%20entre%20el%20Gobierno%20Regional%20y%20el%20MOP&#038;url=https:\/\/radiorevelacionfm.cl\/?p=54005' aria-hidden='false' data-av_icon='\ue8fc' data-av_iconfont='entypo-fontello' title='' data-avia-related-tooltip='Compartir en LinkedIn' rel=\"noopener\"><span class='avia_hidden_link_text'>Compartir en LinkedIn<\/span><\/a><\/li><li class='av-share-link av-social-link-mail' ><a  aria-label=\"Compartir por correo\" href='mailto:?subject=Puente%20El%20Blanco%20de%20Ays%C3%A9n%20ser%C3%A1%20una%20realidad%20gracias%20a%20acuerdo%20entre%20el%20Gobierno%20Regional%20y%20el%20MOP&#038;body=https:\/\/radiorevelacionfm.cl\/?p=54005' aria-hidden='false' data-av_icon='\ue805' data-av_iconfont='entypo-fontello' title='' data-avia-related-tooltip='Compartir por correo'><span class='avia_hidden_link_text'>Compartir por correo<\/span><\/a><\/li><\/ul><\/div><\/div>\n<div  style='height:50px' class='hr hr-invisible   avia-builder-el-8  el_after_av_social_share  el_before_av_comments_list '><span class='hr-inner ' ><span class='hr-inner-style'><\/span><\/span><\/div>\n<div  class='av-buildercomment  av-blog-meta-html-info-disabled av-blog-meta-tag-disabled  '><\/div>\n","protected":false},"excerpt":{"rendered":"","protected":false},"author":1,"featured_media":54009,"comment_status":"closed","ping_status":"closed","sticky":false,"template":"","format":"standard","meta":{"footnotes":""},"categories":[38],"tags":[],"class_list":["post-54005","post","type-post","status-publish","format-standard","has-post-thumbnail","hentry","category-regional"],"jetpack_featured_media_url":"https:\/\/radiorevelacionfm.cl\/wp-content\/uploads\/2025\/05\/Andrea-Ponce-Benjamin-Infante-gobernador-regional-Marcelo-Santana-ministra-alcalde-Luis-Martinez-1-1.jpg","_links":{"self":[{"href":"https:\/\/radiorevelacionfm.cl\/index.php?rest_route=\/wp\/v2\/posts\/54005","targetHints":{"allow":["GET"]}}],"collection":[{"href":"https:\/\/radiorevelacionfm.cl\/index.php?rest_route=\/wp\/v2\/posts"}],"about":[{"href":"https:\/\/radiorevelacionfm.cl\/index.php?rest_route=\/wp\/v2\/types\/post"}],"author":[{"embeddable":true,"href":"https:\/\/radiorevelacionfm.cl\/index.php?rest_route=\/wp\/v2\/users\/1"}],"replies":[{"embeddable":true,"href":"https:\/\/radiorevelacionfm.cl\/index.php?rest_route=%2Fwp%2Fv2%2Fcomments&post=54005"}],"version-history":[{"count":3,"href":"https:\/\/radiorevelacionfm.cl\/index.php?rest_route=\/wp\/v2\/posts\/54005\/revisions"}],"predecessor-version":[{"id":54029,"href":"https:\/\/radiorevelacionfm.cl\/index.php?rest_route=\/wp\/v2\/posts\/54005\/revisions\/54029"}],"wp:featuredmedia":[{"embeddable":true,"href":"https:\/\/radiorevelacionfm.cl\/index.php?rest_route=\/wp\/v2\/media\/54009"}],"wp:attachment":[{"href":"https:\/\/radiorevelacionfm.cl\/index.php?rest_route=%2Fwp%2Fv2%2Fmedia&parent=54005"}],"wp:term":[{"taxonomy":"category","embeddable":true,"href":"https:\/\/radiorevelacionfm.cl\/index.php?rest_route=%2Fwp%2Fv2%2Fcategories&post=54005"},{"taxonomy":"post_tag","embeddable":true,"href":"https:\/\/radiorevelacionfm.cl\/index.php?rest_route=%2Fwp%2Fv2%2Ftags&post=54005"}],"curies":[{"name":"wp","href":"https:\/\/api.w.org\/{rel}","templated":true}]}}