{"id":53993,"date":"2025-05-16T15:08:44","date_gmt":"2025-05-16T18:08:44","guid":{"rendered":"https:\/\/radiorevelacionfm.cl\/?p=53993"},"modified":"2025-05-16T15:08:44","modified_gmt":"2025-05-16T18:08:44","slug":"edelaysen-se-suma-a-la-primera-feria-de-la-calidad-del-aire-en-360-realizada-en-cochrane","status":"publish","type":"post","link":"https:\/\/radiorevelacionfm.cl\/?p=53993","title":{"rendered":"Edelaysen se suma a la primera Feria de la Calidad del Aire en 360\u00b0 realizada en Cochrane"},"content":{"rendered":"<div class=\"flex_column av_one_full  flex_column_div av-zero-column-padding first  avia-builder-el-0  el_before_av_one_full  avia-builder-el-first  \" style='border-radius:0px; '><div  class='avia-image-container  av-styling-    avia-builder-el-1  avia-builder-el-no-sibling  avia-align-center '  itemprop=\"image\" itemscope=\"itemscope\" itemtype=\"https:\/\/schema.org\/ImageObject\"  ><div class='avia-image-container-inner'><div class='avia-image-overlay-wrap'><img decoding=\"async\" class='wp-image-53994 avia-img-lazy-loading-not-53994 avia_image' src=\"https:\/\/radiorevelacionfm.cl\/wp-content\/uploads\/2025\/05\/feria-calidad-del-aire-2-1_optimized.jpeg\" alt='' title='feria-calidad-del-aire-(2)-(1)_optimized' height=\"600\" width=\"800\"  itemprop=\"thumbnailUrl\" srcset=\"https:\/\/radiorevelacionfm.cl\/wp-content\/uploads\/2025\/05\/feria-calidad-del-aire-2-1_optimized.jpeg 800w, https:\/\/radiorevelacionfm.cl\/wp-content\/uploads\/2025\/05\/feria-calidad-del-aire-2-1_optimized-300x225.jpeg 300w, https:\/\/radiorevelacionfm.cl\/wp-content\/uploads\/2025\/05\/feria-calidad-del-aire-2-1_optimized-768x576.jpeg 768w, https:\/\/radiorevelacionfm.cl\/wp-content\/uploads\/2025\/05\/feria-calidad-del-aire-2-1_optimized-705x529.jpeg 705w, https:\/\/radiorevelacionfm.cl\/wp-content\/uploads\/2025\/05\/feria-calidad-del-aire-2-1_optimized-450x338.jpeg 450w, https:\/\/radiorevelacionfm.cl\/wp-content\/uploads\/2025\/05\/feria-calidad-del-aire-2-1_optimized-600x450.jpeg 600w\" sizes=\"(max-width: 800px) 100vw, 800px\" \/><\/div><\/div><\/div><\/div><div class=\"flex_column av_one_full  flex_column_div av-zero-column-padding first  avia-builder-el-2  el_after_av_one_full  el_before_av_one_full  column-top-margin\" style='border-radius:0px; '><section class=\"av_textblock_section \"  itemscope=\"itemscope\" itemtype=\"https:\/\/schema.org\/BlogPosting\" itemprop=\"blogPost\" ><div class='avia_textblock  '   itemprop=\"text\" ><p style=\"text-align: center;\"><strong><span style=\"font-size: 18pt;\">Edelaysen se suma a la primera Feria de la Calidad del Aire en 360\u00b0 realizada en Cochrane<\/span><\/strong><\/p>\n<div id=\"gtx-trans\" style=\"position: absolute; left: -50px; top: 4.31534px;\">\n<div class=\"gtx-trans-icon\"><\/div>\n<\/div>\n<\/div><\/section><\/div><div class=\"flex_column av_one_full  flex_column_div av-zero-column-padding first  avia-builder-el-4  el_after_av_one_full  el_before_av_hr  column-top-margin\" style='border-radius:0px; '><section class=\"av_textblock_section \"  itemscope=\"itemscope\" itemtype=\"https:\/\/schema.org\/BlogPosting\" itemprop=\"blogPost\" ><div class='avia_textblock  '   itemprop=\"text\" ><p style=\"text-align: justify;\"><em>La actividad organizada por la Municipalidad de Cochrane y la Seremi de Medio Ambiente, convoc\u00f3 a instituciones p\u00fablicas y privadas en el compromiso con la descontaminaci\u00f3n y la promoci\u00f3n de energ\u00edas limpias. <\/em><\/p>\n<p style=\"text-align: justify;\">Con una alta participaci\u00f3n, desde el Mercado Municipal de Cochrane se desarroll\u00f3 la Primera Feria de la Calidad del Aire en 360\u00b0, organizada por la municipalidad junto a la Seremi de Medio Ambiente de la Regi\u00f3n de Ays\u00e9n. La iniciativa tuvo como objetivo concientizar sobre la importancia de mejorar la calidad del aire y avanzar hacia una comuna m\u00e1s limpia y sustentable.<\/p>\n<p style=\"text-align: justify;\">En la oportunidad, la el\u00e9ctrica particip\u00f3 durante toda la jornada con un stand que invit\u00f3 a la comunidad a dialogar sobre las acciones en torno a la eficiencia energ\u00e9tica, el uso de energ\u00edas limpias y la electromovilidad. Durante la feria Edelaysen dio a conocer las funcionalidades del auto el\u00e9ctrico, adem\u00e1s de la instalaci\u00f3n de un t\u00f3tem de recarga gratuita para celulares y la entrega de informaci\u00f3n sobre oficina virtual y otros canales de atenci\u00f3n.<\/p>\n<p style=\"text-align: justify;\">Por su parte, el alcalde Patricio Ulloa, valor\u00f3 la instancia y la participaci\u00f3n del sector privado, destacando qu\u00e9: \u201cEdelaysen particip\u00f3 activamente con un stand apuntando a un tema que es esencial, que es como tener disponibilidad de energ\u00edas que sean limpias y sustentables. Pudimos ver por ejemplo la electromovilidad que no estaba presente en Cochrane. Trajeron un auto que funciona con bater\u00eda, entonces eso ya tiende al objetivo que nosotros estamos persiguiendo que es descontaminar Cochrane. Por lo tanto, con una peque\u00f1a acci\u00f3n podemos generar conciencia que es lo m\u00e1s importante. Y la empresa el\u00e9ctrica que est\u00e1 presente en la regi\u00f3n, hoy en Cochrane, con una cercan\u00eda tambi\u00e9n enorme con la comunidad creo que en el fondo tiende a cumplir el objetivo que nosotros estamos buscando que es descontaminar la comuna y creo que las energ\u00edas renovables y limpias apuntan a eso.\u201d<\/p>\n<p style=\"text-align: justify;\">Por su parte, Jorge Jaramillo, ejecutivo de Edelaysen destac\u00f3 que: \u201cEstamos muy contentos de participar en esta feria, porque creemos firmemente que la construcci\u00f3n de un futuro m\u00e1s limpio debe hacerse con la comunidad y desde cada una de nuestras comunas. Como empresa hemos estado impulsando iniciativas de electromovilidad, eficiencia energ\u00e9tica y uso de fuentes renovables, y es muy positivo poder mostrar esto en Cochrane, donde queremos seguir aportando con acciones concretas y cercanas\u201d.<\/p>\n<p style=\"text-align: justify;\">Es as\u00ed como la jornada concluy\u00f3 con una charla abierta sobre el uso del auto el\u00e9ctrico y sus beneficios para el medio ambiente, reforzando el compromiso compartido por avanzar hacia una Patagonia m\u00e1s limpia y consciente.<\/p>\n<\/div><\/section><\/div><div  style='height:50px' class='hr hr-invisible   avia-builder-el-6  el_after_av_one_full  el_before_av_social_share '><span class='hr-inner ' ><span class='hr-inner-style'><\/span><\/span><\/div><\/p>\n<div  class='av-social-sharing-box  avia-builder-el-7  el_after_av_hr  el_before_av_hr  '><div class='av-share-box'><h5 class='av-share-link-description av-no-toc '>Compartir esta noticia<\/h5><ul class='av-share-box-list noLightbox'><li class='av-share-link av-social-link-facebook' ><a target=\"_blank\" aria-label=\"Compartir en Facebook\" href='https:\/\/www.facebook.com\/sharer.php?u=https:\/\/radiorevelacionfm.cl\/?p=53993&#038;t=Edelaysen%20se%20suma%20a%20la%20primera%20Feria%20de%20la%20Calidad%20del%20Aire%20en%20360%C2%B0%20realizada%20en%20Cochrane' aria-hidden='false' data-av_icon='\ue8f3' data-av_iconfont='entypo-fontello' title='' data-avia-related-tooltip='Compartir en Facebook' rel=\"noopener\"><span class='avia_hidden_link_text'>Compartir en Facebook<\/span><\/a><\/li><li class='av-share-link av-social-link-twitter' ><a target=\"_blank\" aria-label=\"Compartir en Twitter\" href='https:\/\/twitter.com\/share?text=Edelaysen%20se%20suma%20a%20la%20primera%20Feria%20de%20la%20Calidad%20del%20Aire%20en%20360%C2%B0%20realizada%20en%20Cochrane&#038;url=https:\/\/radiorevelacionfm.cl\/?p=53993' aria-hidden='false' data-av_icon='\ue8f1' data-av_iconfont='entypo-fontello' title='' data-avia-related-tooltip='Compartir en Twitter' rel=\"noopener\"><span class='avia_hidden_link_text'>Compartir en Twitter<\/span><\/a><\/li><li class='av-share-link av-social-link-whatsapp' ><a target=\"_blank\" aria-label=\"Compartir en Whatsapp\" href='https:\/\/api.whatsapp.com\/send?text=https:\/\/radiorevelacionfm.cl\/?p=53993' aria-hidden='false' data-av_icon='\uf232' data-av_iconfont='entypo-fontello' title='' data-avia-related-tooltip='Compartir en Whatsapp' rel=\"noopener\"><span class='avia_hidden_link_text'>Compartir en Whatsapp<\/span><\/a><\/li><li class='av-share-link av-social-link-linkedin' ><a target=\"_blank\" aria-label=\"Compartir en LinkedIn\" href='https:\/\/linkedin.com\/shareArticle?mini=true&#038;title=Edelaysen%20se%20suma%20a%20la%20primera%20Feria%20de%20la%20Calidad%20del%20Aire%20en%20360%C2%B0%20realizada%20en%20Cochrane&#038;url=https:\/\/radiorevelacionfm.cl\/?p=53993' aria-hidden='false' data-av_icon='\ue8fc' data-av_iconfont='entypo-fontello' title='' data-avia-related-tooltip='Compartir en LinkedIn' rel=\"noopener\"><span class='avia_hidden_link_text'>Compartir en LinkedIn<\/span><\/a><\/li><li class='av-share-link av-social-link-mail' ><a  aria-label=\"Compartir por correo\" href='mailto:?subject=Edelaysen%20se%20suma%20a%20la%20primera%20Feria%20de%20la%20Calidad%20del%20Aire%20en%20360%C2%B0%20realizada%20en%20Cochrane&#038;body=https:\/\/radiorevelacionfm.cl\/?p=53993' aria-hidden='false' data-av_icon='\ue805' data-av_iconfont='entypo-fontello' title='' data-avia-related-tooltip='Compartir por correo'><span class='avia_hidden_link_text'>Compartir por correo<\/span><\/a><\/li><\/ul><\/div><\/div>\n<div  style='height:50px' class='hr hr-invisible   avia-builder-el-8  el_after_av_social_share  el_before_av_comments_list '><span class='hr-inner ' ><span class='hr-inner-style'><\/span><\/span><\/div>\n<div  class='av-buildercomment  av-blog-meta-html-info-disabled av-blog-meta-tag-disabled  '><\/div>\n","protected":false},"excerpt":{"rendered":"","protected":false},"author":1,"featured_media":53994,"comment_status":"closed","ping_status":"closed","sticky":false,"template":"","format":"standard","meta":{"footnotes":""},"categories":[38],"tags":[],"class_list":["post-53993","post","type-post","status-publish","format-standard","has-post-thumbnail","hentry","category-regional"],"jetpack_featured_media_url":"https:\/\/radiorevelacionfm.cl\/wp-content\/uploads\/2025\/05\/feria-calidad-del-aire-2-1_optimized.jpeg","_links":{"self":[{"href":"https:\/\/radiorevelacionfm.cl\/index.php?rest_route=\/wp\/v2\/posts\/53993","targetHints":{"allow":["GET"]}}],"collection":[{"href":"https:\/\/radiorevelacionfm.cl\/index.php?rest_route=\/wp\/v2\/posts"}],"about":[{"href":"https:\/\/radiorevelacionfm.cl\/index.php?rest_route=\/wp\/v2\/types\/post"}],"author":[{"embeddable":true,"href":"https:\/\/radiorevelacionfm.cl\/index.php?rest_route=\/wp\/v2\/users\/1"}],"replies":[{"embeddable":true,"href":"https:\/\/radiorevelacionfm.cl\/index.php?rest_route=%2Fwp%2Fv2%2Fcomments&post=53993"}],"version-history":[{"count":2,"href":"https:\/\/radiorevelacionfm.cl\/index.php?rest_route=\/wp\/v2\/posts\/53993\/revisions"}],"predecessor-version":[{"id":54004,"href":"https:\/\/radiorevelacionfm.cl\/index.php?rest_route=\/wp\/v2\/posts\/53993\/revisions\/54004"}],"wp:featuredmedia":[{"embeddable":true,"href":"https:\/\/radiorevelacionfm.cl\/index.php?rest_route=\/wp\/v2\/media\/53994"}],"wp:attachment":[{"href":"https:\/\/radiorevelacionfm.cl\/index.php?rest_route=%2Fwp%2Fv2%2Fmedia&parent=53993"}],"wp:term":[{"taxonomy":"category","embeddable":true,"href":"https:\/\/radiorevelacionfm.cl\/index.php?rest_route=%2Fwp%2Fv2%2Fcategories&post=53993"},{"taxonomy":"post_tag","embeddable":true,"href":"https:\/\/radiorevelacionfm.cl\/index.php?rest_route=%2Fwp%2Fv2%2Ftags&post=53993"}],"curies":[{"name":"wp","href":"https:\/\/api.w.org\/{rel}","templated":true}]}}