{"id":5399,"date":"2021-06-18T10:27:43","date_gmt":"2021-06-18T13:27:43","guid":{"rendered":"https:\/\/radiorevelacionfm.cl\/?p=5399"},"modified":"2021-06-18T10:27:43","modified_gmt":"2021-06-18T13:27:43","slug":"minvu-anuncia-medidas-de-apoyo-para-pymes-del-rubro-de-la-construccion-en-aysen","status":"publish","type":"post","link":"https:\/\/radiorevelacionfm.cl\/?p=5399","title":{"rendered":"Minvu anuncia medidas de apoyo para pymes del rubro de la construcci\u00f3n en Ays\u00e9n"},"content":{"rendered":"<div class=\"flex_column av_one_full  flex_column_div av-zero-column-padding first  avia-builder-el-0  el_before_av_one_full  avia-builder-el-first  \" style='border-radius:0px; '><div  class='avia-image-container  av-styling-    avia-builder-el-1  avia-builder-el-no-sibling  avia-align-center '  itemprop=\"image\" itemscope=\"itemscope\" itemtype=\"https:\/\/schema.org\/ImageObject\"  ><div class='avia-image-container-inner'><div class='avia-image-overlay-wrap'><img decoding=\"async\" class='wp-image-5400 avia-img-lazy-loading-not-5400 avia_image' src=\"https:\/\/radiorevelacionfm.cl\/wp-content\/uploads\/2021\/06\/construccion-foto-archivo-1_optimized.jpg\" alt='' title='construcci\u00f3n-foto-archivo-(1)_optimized' height=\"600\" width=\"899\"  itemprop=\"thumbnailUrl\" srcset=\"https:\/\/radiorevelacionfm.cl\/wp-content\/uploads\/2021\/06\/construccion-foto-archivo-1_optimized.jpg 899w, https:\/\/radiorevelacionfm.cl\/wp-content\/uploads\/2021\/06\/construccion-foto-archivo-1_optimized-300x200.jpg 300w, https:\/\/radiorevelacionfm.cl\/wp-content\/uploads\/2021\/06\/construccion-foto-archivo-1_optimized-768x513.jpg 768w, https:\/\/radiorevelacionfm.cl\/wp-content\/uploads\/2021\/06\/construccion-foto-archivo-1_optimized-705x471.jpg 705w, https:\/\/radiorevelacionfm.cl\/wp-content\/uploads\/2021\/06\/construccion-foto-archivo-1_optimized-600x400.jpg 600w\" sizes=\"(max-width: 899px) 100vw, 899px\" \/><\/div><\/div><\/div><\/div><div class=\"flex_column av_one_full  flex_column_div av-zero-column-padding first  avia-builder-el-2  el_after_av_one_full  el_before_av_one_full  column-top-margin\" style='border-radius:0px; '><section class=\"av_textblock_section \"  itemscope=\"itemscope\" itemtype=\"https:\/\/schema.org\/BlogPosting\" itemprop=\"blogPost\" ><div class='avia_textblock  '   itemprop=\"text\" ><p style=\"text-align: center;\"><span style=\"font-size: 18pt;\"><strong>Minvu anuncia medidas de apoyo para pymes del rubro de la construcci\u00f3n en Ays\u00e9n<\/strong><\/span><\/p>\n<div id=\"gtx-trans\" style=\"position: absolute; left: -50px; top: 4.31534px;\">\n<div class=\"gtx-trans-icon\"><\/div>\n<\/div>\n<\/div><\/section><\/div><div class=\"flex_column av_one_full  flex_column_div av-zero-column-padding first  avia-builder-el-4  el_after_av_one_full  el_before_av_hr  column-top-margin\" style='border-radius:0px; '><section class=\"av_textblock_section \"  itemscope=\"itemscope\" itemtype=\"https:\/\/schema.org\/BlogPosting\" itemprop=\"blogPost\" ><div class='avia_textblock  '   itemprop=\"text\" ><p style=\"text-align: justify;\">El Ministerio de Vivienda y Urbanismo anunci\u00f3 en los \u00faltimos d\u00edas una serie de medidas en apoyo a las empresas y pymes, para mitigar el impacto que ha tenido la pandemia en el sector de la construcci\u00f3n. En ese sentido, el Minvu se\u00f1al\u00f3 que los proyectos de mejoramiento de viviendas son los que m\u00e1s se han visto afectados con la crisis provocada por el COVID-19, ya que son realizados por peque\u00f1as y medianas empresas.<\/p>\n<p style=\"text-align: justify;\">Por eso, realizaron una actualizaci\u00f3n del listado de precios de materiales de construcci\u00f3n, aumentando en promedio un 12% en todo el pa\u00eds, para proyectos del Programa de Mejoramiento del Patrimonio Familiar (DS255) y del Programa de Mejoramiento de Viviendas y Barrios (DS27). Con esta medida se logra apoyar los inicios m\u00e1s de 5.154 de obras de mejoramiento e ir en beneficio y tranquilidad de m\u00e1s de 22 mil familias a lo largo de Chile.<\/p>\n<p style=\"text-align: justify;\">Bajo ese contexto, el Ministro de Vivienda y Urbanismo, Felipe Ward, asegur\u00f3 que \u201cEste apoyo es una gran noticia para las pymes, las cuales se han visto afectadas ante el alza de los costos de los materiales y por otros efectos provocados por la pandemia. Queremos que esta ayuda llegue a todas las peque\u00f1as y medianas empresas que atraviesan momentos dif\u00edciles. El coraz\u00f3n de nuestra fuerza laboral est\u00e1 en ellas, porque entendemos que son el motor del emprendimiento. Queremos que el Minvu sea un aporte con medidas concretas y herramientas que les permitan sentir m\u00e1s apoyo por parte del Gobierno\u201d.<\/p>\n<p style=\"text-align: justify;\">Por su parte el Seremi de Vivienda, Diego Silva, agreg\u00f3 que esta es una gran noticia tanto para las peque\u00f1as y medianas empresas como para las familias que se ver\u00e1n favorecidas con la reactivaci\u00f3n de muchos proyectos habitacionales. \u201cTal como hemos dicho muchas veces, desde el Gobierno y desde nuestro sector estamos fuertemente comprometidos con la recuperaci\u00f3n econ\u00f3mica y social del pa\u00eds y tambi\u00e9n sabemos que las familias necesitan que estas obras se concreten en el menor tiempo posible. En t\u00e9rminos generales podemos decir que en los pr\u00f3ximos meses se reactivar\u00e1n al menos 174 proyectos a nivel regional, lo que se suma a los m\u00e1s de 300 proyectos que hoy se encuentran en plena ejecuci\u00f3n tanto en Coyhaique como en otras ciudades y\u00a0 comunas \u201cprecis\u00f3.<\/p>\n<p style=\"text-align: justify;\">De igual forma el Consejero Regional, Ra\u00fal Rudolphi, tambi\u00e9n destac\u00f3 la reuni\u00f3n sostenida con contratistas locales, ya que a la vista de los acontecimientos se hac\u00eda muy necesaria: \u201cRefuerza lo que hemos venido constatando desde hace un tiempo en distintos puntos de la regi\u00f3n, la necesidad de buscar una soluci\u00f3n que permita enfrentar alzas de precios y problemas de abastecimiento en materiales, con el objetivo de mantener la ejecuci\u00f3n de proyectos de mejoramiento, habitabilidad y aislaci\u00f3n t\u00e9rmica en viviendas, junto con dar respuesta a las familias que han postulado a los subsidios del Minvu y apoyar la reactivaci\u00f3n econ\u00f3mica, con la consecuente generaci\u00f3n de puestos de trabajo\u00bb, manifest\u00f3.<\/p>\n<p style=\"text-align: justify;\">Cabe consignar que para analizar este tema, el Minvu form\u00f3 una mesa de trabajo con la C\u00e1mara Chilena de la Construcci\u00f3n, otros gremios y organizaciones de pymes del pa\u00eds, con el objetivo de analizar particularmente cada realidad regional y la ejecuci\u00f3n de sus proyectos urbanos y habitacionales.<\/p>\n<p style=\"text-align: justify;\">Fue as\u00ed como el diagn\u00f3stico realizado en conjunto revel\u00f3 un aumento en los costos de algunos materiales de construcci\u00f3n, nuevos gastos producto de la aplicaci\u00f3n de protocolos COVID, dificultad de disponer de mano de obra, entre otros hallazgos que determinaron estas medidas de ayuda para el sector.<\/p>\n<\/div><\/section><\/div><div  style='height:50px' class='hr hr-invisible   avia-builder-el-6  el_after_av_one_full  el_before_av_social_share '><span class='hr-inner ' ><span class='hr-inner-style'><\/span><\/span><\/div><\/p>\n<div  class='av-social-sharing-box  avia-builder-el-7  el_after_av_hr  el_before_av_hr  '><div class='av-share-box'><h5 class='av-share-link-description av-no-toc '>Compartir esta noticia<\/h5><ul class='av-share-box-list noLightbox'><li class='av-share-link av-social-link-facebook' ><a target=\"_blank\" aria-label=\"Compartir en Facebook\" href='https:\/\/www.facebook.com\/sharer.php?u=https:\/\/radiorevelacionfm.cl\/?p=5399&#038;t=Minvu%20anuncia%20medidas%20de%20apoyo%20para%20pymes%20del%20rubro%20de%20la%20construcci%C3%B3n%20en%20Ays%C3%A9n' aria-hidden='false' data-av_icon='\ue8f3' data-av_iconfont='entypo-fontello' title='' data-avia-related-tooltip='Compartir en Facebook' rel=\"noopener\"><span class='avia_hidden_link_text'>Compartir en Facebook<\/span><\/a><\/li><li class='av-share-link av-social-link-twitter' ><a target=\"_blank\" aria-label=\"Compartir en Twitter\" href='https:\/\/twitter.com\/share?text=Minvu%20anuncia%20medidas%20de%20apoyo%20para%20pymes%20del%20rubro%20de%20la%20construcci%C3%B3n%20en%20Ays%C3%A9n&#038;url=https:\/\/radiorevelacionfm.cl\/?p=5399' aria-hidden='false' data-av_icon='\ue8f1' data-av_iconfont='entypo-fontello' title='' data-avia-related-tooltip='Compartir en Twitter' rel=\"noopener\"><span class='avia_hidden_link_text'>Compartir en Twitter<\/span><\/a><\/li><li class='av-share-link av-social-link-whatsapp' ><a target=\"_blank\" aria-label=\"Compartir en Whatsapp\" href='https:\/\/api.whatsapp.com\/send?text=https:\/\/radiorevelacionfm.cl\/?p=5399' aria-hidden='false' data-av_icon='\uf232' data-av_iconfont='entypo-fontello' title='' data-avia-related-tooltip='Compartir en Whatsapp' rel=\"noopener\"><span class='avia_hidden_link_text'>Compartir en Whatsapp<\/span><\/a><\/li><li class='av-share-link av-social-link-linkedin' ><a target=\"_blank\" aria-label=\"Compartir en LinkedIn\" href='https:\/\/linkedin.com\/shareArticle?mini=true&#038;title=Minvu%20anuncia%20medidas%20de%20apoyo%20para%20pymes%20del%20rubro%20de%20la%20construcci%C3%B3n%20en%20Ays%C3%A9n&#038;url=https:\/\/radiorevelacionfm.cl\/?p=5399' aria-hidden='false' data-av_icon='\ue8fc' data-av_iconfont='entypo-fontello' title='' data-avia-related-tooltip='Compartir en LinkedIn' rel=\"noopener\"><span class='avia_hidden_link_text'>Compartir en LinkedIn<\/span><\/a><\/li><li class='av-share-link av-social-link-mail' ><a  aria-label=\"Compartir por correo\" href='mailto:?subject=Minvu%20anuncia%20medidas%20de%20apoyo%20para%20pymes%20del%20rubro%20de%20la%20construcci%C3%B3n%20en%20Ays%C3%A9n&#038;body=https:\/\/radiorevelacionfm.cl\/?p=5399' aria-hidden='false' data-av_icon='\ue805' data-av_iconfont='entypo-fontello' title='' data-avia-related-tooltip='Compartir por correo'><span class='avia_hidden_link_text'>Compartir por correo<\/span><\/a><\/li><\/ul><\/div><\/div>\n<div  style='height:50px' class='hr hr-invisible   avia-builder-el-8  el_after_av_social_share  el_before_av_comments_list '><span class='hr-inner ' ><span class='hr-inner-style'><\/span><\/span><\/div>\n<div  class='av-buildercomment  av-blog-meta-html-info-disabled av-blog-meta-tag-disabled  '><\/div>\n","protected":false},"excerpt":{"rendered":"","protected":false},"author":1,"featured_media":5400,"comment_status":"open","ping_status":"open","sticky":false,"template":"","format":"standard","meta":{"footnotes":""},"categories":[57],"tags":[],"class_list":["post-5399","post","type-post","status-publish","format-standard","has-post-thumbnail","hentry","category-vivienda"],"jetpack_featured_media_url":"https:\/\/radiorevelacionfm.cl\/wp-content\/uploads\/2021\/06\/construccion-foto-archivo-1_optimized.jpg","_links":{"self":[{"href":"https:\/\/radiorevelacionfm.cl\/index.php?rest_route=\/wp\/v2\/posts\/5399","targetHints":{"allow":["GET"]}}],"collection":[{"href":"https:\/\/radiorevelacionfm.cl\/index.php?rest_route=\/wp\/v2\/posts"}],"about":[{"href":"https:\/\/radiorevelacionfm.cl\/index.php?rest_route=\/wp\/v2\/types\/post"}],"author":[{"embeddable":true,"href":"https:\/\/radiorevelacionfm.cl\/index.php?rest_route=\/wp\/v2\/users\/1"}],"replies":[{"embeddable":true,"href":"https:\/\/radiorevelacionfm.cl\/index.php?rest_route=%2Fwp%2Fv2%2Fcomments&post=5399"}],"version-history":[{"count":1,"href":"https:\/\/radiorevelacionfm.cl\/index.php?rest_route=\/wp\/v2\/posts\/5399\/revisions"}],"predecessor-version":[{"id":5401,"href":"https:\/\/radiorevelacionfm.cl\/index.php?rest_route=\/wp\/v2\/posts\/5399\/revisions\/5401"}],"wp:featuredmedia":[{"embeddable":true,"href":"https:\/\/radiorevelacionfm.cl\/index.php?rest_route=\/wp\/v2\/media\/5400"}],"wp:attachment":[{"href":"https:\/\/radiorevelacionfm.cl\/index.php?rest_route=%2Fwp%2Fv2%2Fmedia&parent=5399"}],"wp:term":[{"taxonomy":"category","embeddable":true,"href":"https:\/\/radiorevelacionfm.cl\/index.php?rest_route=%2Fwp%2Fv2%2Fcategories&post=5399"},{"taxonomy":"post_tag","embeddable":true,"href":"https:\/\/radiorevelacionfm.cl\/index.php?rest_route=%2Fwp%2Fv2%2Ftags&post=5399"}],"curies":[{"name":"wp","href":"https:\/\/api.w.org\/{rel}","templated":true}]}}