{"id":53987,"date":"2025-05-16T10:37:37","date_gmt":"2025-05-16T13:37:37","guid":{"rendered":"https:\/\/radiorevelacionfm.cl\/?p=53987"},"modified":"2025-05-16T10:37:37","modified_gmt":"2025-05-16T13:37:37","slug":"propuestas-para-el-fortalecimiento-economico-del-sector-rural-se-centran-en-lo-productivo-turistico-y-la-comercializacion","status":"publish","type":"post","link":"https:\/\/radiorevelacionfm.cl\/?p=53987","title":{"rendered":"Propuestas para el Fortalecimiento Econ\u00f3mico del Sector Rural se centran en lo productivo, tur\u00edstico y la comercializaci\u00f3n"},"content":{"rendered":"<div class=\"flex_column av_one_full  flex_column_div av-zero-column-padding first  avia-builder-el-0  el_before_av_one_full  avia-builder-el-first  \" style='border-radius:0px; '><div  class='avia-image-container  av-styling-    avia-builder-el-1  avia-builder-el-no-sibling  avia-align-center '  itemprop=\"image\" itemscope=\"itemscope\" itemtype=\"https:\/\/schema.org\/ImageObject\"  ><div class='avia-image-container-inner'><div class='avia-image-overlay-wrap'><img decoding=\"async\" class='wp-image-53988 avia-img-lazy-loading-not-53988 avia_image' src=\"https:\/\/radiorevelacionfm.cl\/wp-content\/uploads\/2025\/05\/IMG_8679-1-1.jpg\" alt='' title='IMG_8679 (1) (1)' height=\"600\" width=\"800\"  itemprop=\"thumbnailUrl\" srcset=\"https:\/\/radiorevelacionfm.cl\/wp-content\/uploads\/2025\/05\/IMG_8679-1-1.jpg 800w, https:\/\/radiorevelacionfm.cl\/wp-content\/uploads\/2025\/05\/IMG_8679-1-1-300x225.jpg 300w, https:\/\/radiorevelacionfm.cl\/wp-content\/uploads\/2025\/05\/IMG_8679-1-1-768x576.jpg 768w, https:\/\/radiorevelacionfm.cl\/wp-content\/uploads\/2025\/05\/IMG_8679-1-1-705x529.jpg 705w, https:\/\/radiorevelacionfm.cl\/wp-content\/uploads\/2025\/05\/IMG_8679-1-1-450x338.jpg 450w, https:\/\/radiorevelacionfm.cl\/wp-content\/uploads\/2025\/05\/IMG_8679-1-1-600x450.jpg 600w\" sizes=\"(max-width: 800px) 100vw, 800px\" \/><\/div><\/div><\/div><\/div><div class=\"flex_column av_one_full  flex_column_div av-zero-column-padding first  avia-builder-el-2  el_after_av_one_full  el_before_av_one_full  column-top-margin\" style='border-radius:0px; '><section class=\"av_textblock_section \"  itemscope=\"itemscope\" itemtype=\"https:\/\/schema.org\/BlogPosting\" itemprop=\"blogPost\" ><div class='avia_textblock  '   itemprop=\"text\" ><p style=\"text-align: center;\"><span style=\"font-size: 18pt;\"><strong>Propuestas para el Fortalecimiento Econ\u00f3mico del Sector Rural se centran en lo productivo, tur\u00edstico y la comercializaci\u00f3n<\/strong><\/span><\/p>\n<div id=\"gtx-trans\" style=\"position: absolute; left: -50px; top: 4.31534px;\">\n<div class=\"gtx-trans-icon\"><\/div>\n<\/div>\n<\/div><\/section><\/div><div class=\"flex_column av_one_full  flex_column_div av-zero-column-padding first  avia-builder-el-4  el_after_av_one_full  el_before_av_hr  column-top-margin\" style='border-radius:0px; '><section class=\"av_textblock_section \"  itemscope=\"itemscope\" itemtype=\"https:\/\/schema.org\/BlogPosting\" itemprop=\"blogPost\" ><div class='avia_textblock  '   itemprop=\"text\" ><p style=\"text-align: justify;\">\u201cQuienes sostienen la actividad agr\u00edcola en Chile presentan una realidad muy compleja, la cual se ha venido arrastrando en los \u00faltimos a\u00f1os. Entonces imag\u00ednense lo que significa extrapolar este contexto a los campos de Ays\u00e9n, ciertamente un panorama mucho peor\u201d, explic\u00f3 el Consejero Regional por la Provincia de General Carrera Arcadio Soto Ser\u00f3n. Para \u00e9l, al igual que para autoridades y representantes de diversas asociaciones del territorio, \u201chay que reaccionar urgentemente\u201d.<\/p>\n<p style=\"text-align: justify;\">En esa l\u00ednea, con el objetivo de concretar acciones y pasar del diagn\u00f3stico a soluciones efectivas, el core de la Uni\u00f3n Dem\u00f3crata Independiente y representante de General Carrera busca impulsar una propuesta s\u00f3lida desde el Gobierno Regional de Ays\u00e9n.<\/p>\n<p style=\"text-align: justify;\">\u201cSon tres ejes estrat\u00e9gicos que, en conjunto, buscan fortalecer el tejido productivo campesino y mejorar las condiciones de vida de quienes habitan y trabajan en los distintos sectores rurales de nuestra regi\u00f3n\u201d, expuso Soto ante sus pares del cuerpo colegiado.<\/p>\n<p style=\"text-align: justify;\">Las propuestas contemplan, en primer lugar, el fortalecimiento productivo mediante el acceso a maquinaria agr\u00edcola, considerando que actualmente no existe equipamiento adecuado ni disponibilidad suficiente para optimizar las labores del sector.<\/p>\n<p style=\"text-align: justify;\">En este punto, la Asociaci\u00f3n Gremial El Bosque de Cerro Castillo, a trav\u00e9s de su presidenta Rosa Martel, manifest\u00f3 que \u201ces muy importante contar con maquinaria agr\u00edcola para suplir las necesidades de siembra y cosecha de forraje, lo que ser\u00eda un gran aporte al sector como tambi\u00e9n para los ganaderos\u201d.<\/p>\n<p style=\"text-align: justify;\">De acuerdo con Soto, \u201ces urgente implementar un plan de apoyo\u201d que considere la entrega, en r\u00e9gimen de comodato o financiamiento subsidiado, de maquinaria, junto con capacitaci\u00f3n t\u00e9cnica, mantenimiento programado y asistencia en terreno.<\/p>\n<p style=\"text-align: justify;\">Para el alcalde de R\u00edo Ib\u00e1\u00f1ez, Marcelo J\u00e9lvez C\u00e1rdenas, lo que requiere la regi\u00f3n y su comuna es \u201cuna transferencia tecnol\u00f3gica efectiva, lo que permita a nuestros agricultores salir del estancamiento del sector que se ha agravado durante los \u00faltimos tres a\u00f1os y medio\u201d.<\/p>\n<p style=\"text-align: justify;\">El segundo eje de la estrategia es el fortalecimiento del turismo rural como una alternativa de diversificaci\u00f3n econ\u00f3mica que releve el patrimonio cultural, gastron\u00f3mico y natural de los territorios. La propuesta contempla inversiones en infraestructura b\u00e1sica, dise\u00f1o de experiencias y articulaci\u00f3n p\u00fablico-privada.<\/p>\n<p style=\"text-align: justify;\">Finalmente, el tercer eje corresponde al apoyo al comercio local y a la generaci\u00f3n de canales de comercializaci\u00f3n campesina. \u201cEste tercer pilar se refiere a la comercializaci\u00f3n de productos del sector, especialmente aquellos que se desarrollan a trav\u00e9s de ferias libres, mercados locales o circuitos cortos de comercializaci\u00f3n. Estas instancias son clave para la subsistencia de muchas familias rurales, y representan una valiosa herramienta para promover la soberan\u00eda alimentaria y el consumo responsable\u201d, sentenci\u00f3 Arcadio Soto.<\/p>\n<p style=\"text-align: justify;\">Tras esta presentaci\u00f3n, el Consejero Regional de General Carrera propone que, junto al equipo del Gobierno Regional, se d\u00e9 inici\u00f3 al dise\u00f1o de un programa integral de desarrollo rural que aborde simult\u00e1neamente estos tres \u00e1mbitos prioritarios: adquisici\u00f3n de maquinaria, diversificaci\u00f3n econ\u00f3mica a trav\u00e9s del turismo rural y fortalecimiento de los canales de comercializaci\u00f3n de productos locales.<\/p>\n<\/div><\/section><\/div><div  style='height:50px' class='hr hr-invisible   avia-builder-el-6  el_after_av_one_full  el_before_av_social_share '><span class='hr-inner ' ><span class='hr-inner-style'><\/span><\/span><\/div><\/p>\n<div  class='av-social-sharing-box  avia-builder-el-7  el_after_av_hr  el_before_av_hr  '><div class='av-share-box'><h5 class='av-share-link-description av-no-toc '>Compartir esta noticia<\/h5><ul class='av-share-box-list noLightbox'><li class='av-share-link av-social-link-facebook' ><a target=\"_blank\" aria-label=\"Compartir en Facebook\" href='https:\/\/www.facebook.com\/sharer.php?u=https:\/\/radiorevelacionfm.cl\/?p=53987&#038;t=Propuestas%20para%20el%20Fortalecimiento%20Econ%C3%B3mico%20del%20Sector%20Rural%20se%20centran%20en%20lo%20productivo%2C%20tur%C3%ADstico%20y%20la%20comercializaci%C3%B3n' aria-hidden='false' data-av_icon='\ue8f3' data-av_iconfont='entypo-fontello' title='' data-avia-related-tooltip='Compartir en Facebook' rel=\"noopener\"><span class='avia_hidden_link_text'>Compartir en Facebook<\/span><\/a><\/li><li class='av-share-link av-social-link-twitter' ><a target=\"_blank\" aria-label=\"Compartir en Twitter\" href='https:\/\/twitter.com\/share?text=Propuestas%20para%20el%20Fortalecimiento%20Econ%C3%B3mico%20del%20Sector%20Rural%20se%20centran%20en%20lo%20productivo%2C%20tur%C3%ADstico%20y%20la%20comercializaci%C3%B3n&#038;url=https:\/\/radiorevelacionfm.cl\/?p=53987' aria-hidden='false' data-av_icon='\ue8f1' data-av_iconfont='entypo-fontello' title='' data-avia-related-tooltip='Compartir en Twitter' rel=\"noopener\"><span class='avia_hidden_link_text'>Compartir en Twitter<\/span><\/a><\/li><li class='av-share-link av-social-link-whatsapp' ><a target=\"_blank\" aria-label=\"Compartir en Whatsapp\" href='https:\/\/api.whatsapp.com\/send?text=https:\/\/radiorevelacionfm.cl\/?p=53987' aria-hidden='false' data-av_icon='\uf232' data-av_iconfont='entypo-fontello' title='' data-avia-related-tooltip='Compartir en Whatsapp' rel=\"noopener\"><span class='avia_hidden_link_text'>Compartir en Whatsapp<\/span><\/a><\/li><li class='av-share-link av-social-link-linkedin' ><a target=\"_blank\" aria-label=\"Compartir en LinkedIn\" href='https:\/\/linkedin.com\/shareArticle?mini=true&#038;title=Propuestas%20para%20el%20Fortalecimiento%20Econ%C3%B3mico%20del%20Sector%20Rural%20se%20centran%20en%20lo%20productivo%2C%20tur%C3%ADstico%20y%20la%20comercializaci%C3%B3n&#038;url=https:\/\/radiorevelacionfm.cl\/?p=53987' aria-hidden='false' data-av_icon='\ue8fc' data-av_iconfont='entypo-fontello' title='' data-avia-related-tooltip='Compartir en LinkedIn' rel=\"noopener\"><span class='avia_hidden_link_text'>Compartir en LinkedIn<\/span><\/a><\/li><li class='av-share-link av-social-link-mail' ><a  aria-label=\"Compartir por correo\" href='mailto:?subject=Propuestas%20para%20el%20Fortalecimiento%20Econ%C3%B3mico%20del%20Sector%20Rural%20se%20centran%20en%20lo%20productivo%2C%20tur%C3%ADstico%20y%20la%20comercializaci%C3%B3n&#038;body=https:\/\/radiorevelacionfm.cl\/?p=53987' aria-hidden='false' data-av_icon='\ue805' data-av_iconfont='entypo-fontello' title='' data-avia-related-tooltip='Compartir por correo'><span class='avia_hidden_link_text'>Compartir por correo<\/span><\/a><\/li><\/ul><\/div><\/div>\n<div  style='height:50px' class='hr hr-invisible   avia-builder-el-8  el_after_av_social_share  el_before_av_comments_list '><span class='hr-inner ' ><span class='hr-inner-style'><\/span><\/span><\/div>\n<div  class='av-buildercomment  av-blog-meta-html-info-disabled av-blog-meta-tag-disabled  '><\/div>\n","protected":false},"excerpt":{"rendered":"","protected":false},"author":1,"featured_media":53988,"comment_status":"closed","ping_status":"closed","sticky":false,"template":"","format":"standard","meta":{"footnotes":""},"categories":[38],"tags":[],"class_list":["post-53987","post","type-post","status-publish","format-standard","has-post-thumbnail","hentry","category-regional"],"jetpack_featured_media_url":"https:\/\/radiorevelacionfm.cl\/wp-content\/uploads\/2025\/05\/IMG_8679-1-1.jpg","_links":{"self":[{"href":"https:\/\/radiorevelacionfm.cl\/index.php?rest_route=\/wp\/v2\/posts\/53987","targetHints":{"allow":["GET"]}}],"collection":[{"href":"https:\/\/radiorevelacionfm.cl\/index.php?rest_route=\/wp\/v2\/posts"}],"about":[{"href":"https:\/\/radiorevelacionfm.cl\/index.php?rest_route=\/wp\/v2\/types\/post"}],"author":[{"embeddable":true,"href":"https:\/\/radiorevelacionfm.cl\/index.php?rest_route=\/wp\/v2\/users\/1"}],"replies":[{"embeddable":true,"href":"https:\/\/radiorevelacionfm.cl\/index.php?rest_route=%2Fwp%2Fv2%2Fcomments&post=53987"}],"version-history":[{"count":2,"href":"https:\/\/radiorevelacionfm.cl\/index.php?rest_route=\/wp\/v2\/posts\/53987\/revisions"}],"predecessor-version":[{"id":53992,"href":"https:\/\/radiorevelacionfm.cl\/index.php?rest_route=\/wp\/v2\/posts\/53987\/revisions\/53992"}],"wp:featuredmedia":[{"embeddable":true,"href":"https:\/\/radiorevelacionfm.cl\/index.php?rest_route=\/wp\/v2\/media\/53988"}],"wp:attachment":[{"href":"https:\/\/radiorevelacionfm.cl\/index.php?rest_route=%2Fwp%2Fv2%2Fmedia&parent=53987"}],"wp:term":[{"taxonomy":"category","embeddable":true,"href":"https:\/\/radiorevelacionfm.cl\/index.php?rest_route=%2Fwp%2Fv2%2Fcategories&post=53987"},{"taxonomy":"post_tag","embeddable":true,"href":"https:\/\/radiorevelacionfm.cl\/index.php?rest_route=%2Fwp%2Fv2%2Ftags&post=53987"}],"curies":[{"name":"wp","href":"https:\/\/api.w.org\/{rel}","templated":true}]}}