{"id":53984,"date":"2025-05-16T10:09:57","date_gmt":"2025-05-16T13:09:57","guid":{"rendered":"https:\/\/radiorevelacionfm.cl\/?p=53984"},"modified":"2025-05-16T10:09:57","modified_gmt":"2025-05-16T13:09:57","slug":"slep-aysen-obtiene-recomendacion-satisfactoria-para-la-reposicion-de-la-escuela-despertar","status":"publish","type":"post","link":"https:\/\/radiorevelacionfm.cl\/?p=53984","title":{"rendered":"SLEP Ays\u00e9n obtiene recomendaci\u00f3n satisfactoria para la reposici\u00f3n de la Escuela Despertar"},"content":{"rendered":"<div class=\"flex_column av_one_full  flex_column_div av-zero-column-padding first  avia-builder-el-0  el_before_av_one_full  avia-builder-el-first  \" style='border-radius:0px; '><div  class='avia-image-container  av-styling-    avia-builder-el-1  avia-builder-el-no-sibling  avia-align-center '  itemprop=\"image\" itemscope=\"itemscope\" itemtype=\"https:\/\/schema.org\/ImageObject\"  ><div class='avia-image-container-inner'><div class='avia-image-overlay-wrap'><img decoding=\"async\" class='wp-image-53985 avia-img-lazy-loading-not-53985 avia_image' src=\"https:\/\/radiorevelacionfm.cl\/wp-content\/uploads\/2025\/05\/img_6198-1_optimized-1.jpeg\" alt='' title='img_6198-(1)_optimized (1)' height=\"600\" width=\"800\"  itemprop=\"thumbnailUrl\" srcset=\"https:\/\/radiorevelacionfm.cl\/wp-content\/uploads\/2025\/05\/img_6198-1_optimized-1.jpeg 800w, https:\/\/radiorevelacionfm.cl\/wp-content\/uploads\/2025\/05\/img_6198-1_optimized-1-300x225.jpeg 300w, https:\/\/radiorevelacionfm.cl\/wp-content\/uploads\/2025\/05\/img_6198-1_optimized-1-768x576.jpeg 768w, https:\/\/radiorevelacionfm.cl\/wp-content\/uploads\/2025\/05\/img_6198-1_optimized-1-705x529.jpeg 705w, https:\/\/radiorevelacionfm.cl\/wp-content\/uploads\/2025\/05\/img_6198-1_optimized-1-450x338.jpeg 450w, https:\/\/radiorevelacionfm.cl\/wp-content\/uploads\/2025\/05\/img_6198-1_optimized-1-600x450.jpeg 600w\" sizes=\"(max-width: 800px) 100vw, 800px\" \/><\/div><\/div><\/div><\/div><div class=\"flex_column av_one_full  flex_column_div av-zero-column-padding first  avia-builder-el-2  el_after_av_one_full  el_before_av_one_full  column-top-margin\" style='border-radius:0px; '><section class=\"av_textblock_section \"  itemscope=\"itemscope\" itemtype=\"https:\/\/schema.org\/BlogPosting\" itemprop=\"blogPost\" ><div class='avia_textblock  '   itemprop=\"text\" ><p style=\"text-align: center;\"><strong><span style=\"font-size: 18pt;\">SLEP Ays\u00e9n obtiene recomendaci\u00f3n satisfactoria para la reposici\u00f3n de la Escuela Despertar<\/span><\/strong><\/p>\n<div id=\"gtx-trans\" style=\"position: absolute; left: -50px; top: 4.31534px;\">\n<div class=\"gtx-trans-icon\"><\/div>\n<\/div>\n<\/div><\/section><\/div><div class=\"flex_column av_one_full  flex_column_div av-zero-column-padding first  avia-builder-el-4  el_after_av_one_full  el_before_av_hr  column-top-margin\" style='border-radius:0px; '><section class=\"av_textblock_section \"  itemscope=\"itemscope\" itemtype=\"https:\/\/schema.org\/BlogPosting\" itemprop=\"blogPost\" ><div class='avia_textblock  '   itemprop=\"text\" ><p style=\"text-align: justify;\">El Servicio Local de Educaci\u00f3n P\u00fablica (SLEP) de Ays\u00e9n anunci\u00f3 la obtenci\u00f3n de la Recomendaci\u00f3n Satisfactoria (RS) entregada por parte del Ministerio de Desarrollo Social y Familia para el proyecto de reposici\u00f3n de la Escuela Despertar de Puerto Ays\u00e9n, marcando un hito fundamental para avanzar en la mejora de la infraestructura educativa en la regi\u00f3n.<\/p>\n<p style=\"text-align: justify;\">La noticia fue comunicada este jueves por el director ejecutivo del SLEP Ays\u00e9n, Sebasti\u00e1n Gonz\u00e1lez Rogers a la comunidad educativa, quien destac\u00f3 que este logro permitir\u00e1 no solo avanzar en el dise\u00f1o y ejecuci\u00f3n del nuevo establecimiento, sino tambi\u00e9n implementar un plan de contingencia que garantizar\u00e1 un espacio transitorio para los y las estudiantes mientras se desarrollan las obras. \u00abEsta es una muy buena noticia para nuestro servicio, ya que seguimos cumpliendo con los compromisos adquiridos con la comunidad educativa de la Escuela Despertar. Es una se\u00f1al importante que hayamos obtenido nuestro segundo RS: el primero fue en octubre de 2024 para la reposici\u00f3n de la Escuela Diferencial Espa\u00f1a. Hoy reafirmamos nuestra misi\u00f3n de liderar una educaci\u00f3n p\u00fablica con espacios dignos para todos y todas\u00bb, se\u00f1al\u00f3 el director ejecutivo.<\/p>\n<p dir=\"auto\" style=\"text-align: justify;\">El proyecto contempla una reposici\u00f3n total del establecimiento, con una inversi\u00f3n estimada cercana a los 12mil 600 millones de pesos y un financiamiento compartido entre el Gobierno Regional de Ays\u00e9n y el Ministerio de Educaci\u00f3n para las obras civiles, consultor\u00edas, equipamiento, gastos administrativos y la log\u00edstica del plan de contingencia, que considera la habilitaci\u00f3n de las instalaciones de la ex Direcci\u00f3n de Educaci\u00f3n Municipal de Puerto Ays\u00e9n, ubicadas junto a la actual escuela, como espacio provisorio para su funcionamiento.<\/p>\n<p dir=\"auto\" style=\"text-align: justify;\">La nueva escuela tendr\u00e1 una superficie de 2740 m\u00b2, e incluir\u00e1 espacios pedag\u00f3gicos, talleres laborales, \u00e1reas administrativas y otras dependencias claves para fortalecer el desarrollo integral de los estudiantes. El proyecto fue ingresado al Sistema Nacional de Inversiones el 26 de marzo 2025 por parte del SLEP Ays\u00e9n y obtuvo la RS en un plazo de un mes y 20 d\u00edas.<\/p>\n<p style=\"text-align: justify;\">Con esta aprobaci\u00f3n, el proyecto entra en una nueva etapa que contempla la identificaci\u00f3n presupuestaria y la adjudicaci\u00f3n de la licitaci\u00f3n del plan de contingencia, el que permitir\u00e1 contar con un espacio acorde a las necesidades educativas de los y las estudiantes de la Escuela Despertar.<\/p>\n<p style=\"text-align: justify;\">\u00abEsto ha sido un proceso donde se han involucrado diferentes actores, donde se han trabajado con la comunidad educativa de manera peri\u00f3dica con reuniones informativas con nuestro equipo t\u00e9cnico de infraestructura, trabajando con un cronograma que permita lograr claridad e informaci\u00f3n de primera fuente para cada uno de ellos. Vemos con mucha esperanza contar pronto con el presupuesto para seguir avanzando en este sue\u00f1o que cada d\u00eda se concreta m\u00e1s\u00bb, puntualiz\u00f3 el jefe superior del servicio.<\/p>\n<p style=\"text-align: justify;\">Este importante logro implicar\u00e1 que SLEP Ays\u00e9n se constituya como una nueva unidad t\u00e9cnica en la regi\u00f3n con el desaf\u00edo de ser el primer servicio local en ejecutar obras publicas de esta envergadura.<\/p>\n<\/div><\/section><\/div><div  style='height:50px' class='hr hr-invisible   avia-builder-el-6  el_after_av_one_full  el_before_av_social_share '><span class='hr-inner ' ><span class='hr-inner-style'><\/span><\/span><\/div><\/p>\n<div  class='av-social-sharing-box  avia-builder-el-7  el_after_av_hr  el_before_av_hr  '><div class='av-share-box'><h5 class='av-share-link-description av-no-toc '>Compartir esta noticia<\/h5><ul class='av-share-box-list noLightbox'><li class='av-share-link av-social-link-facebook' ><a target=\"_blank\" aria-label=\"Compartir en Facebook\" href='https:\/\/www.facebook.com\/sharer.php?u=https:\/\/radiorevelacionfm.cl\/?p=53984&#038;t=SLEP%20Ays%C3%A9n%20obtiene%20recomendaci%C3%B3n%20satisfactoria%20para%20la%20reposici%C3%B3n%20de%20la%20Escuela%20Despertar' aria-hidden='false' data-av_icon='\ue8f3' data-av_iconfont='entypo-fontello' title='' data-avia-related-tooltip='Compartir en Facebook' rel=\"noopener\"><span class='avia_hidden_link_text'>Compartir en Facebook<\/span><\/a><\/li><li class='av-share-link av-social-link-twitter' ><a target=\"_blank\" aria-label=\"Compartir en Twitter\" href='https:\/\/twitter.com\/share?text=SLEP%20Ays%C3%A9n%20obtiene%20recomendaci%C3%B3n%20satisfactoria%20para%20la%20reposici%C3%B3n%20de%20la%20Escuela%20Despertar&#038;url=https:\/\/radiorevelacionfm.cl\/?p=53984' aria-hidden='false' data-av_icon='\ue8f1' data-av_iconfont='entypo-fontello' title='' data-avia-related-tooltip='Compartir en Twitter' rel=\"noopener\"><span class='avia_hidden_link_text'>Compartir en Twitter<\/span><\/a><\/li><li class='av-share-link av-social-link-whatsapp' ><a target=\"_blank\" aria-label=\"Compartir en Whatsapp\" href='https:\/\/api.whatsapp.com\/send?text=https:\/\/radiorevelacionfm.cl\/?p=53984' aria-hidden='false' data-av_icon='\uf232' data-av_iconfont='entypo-fontello' title='' data-avia-related-tooltip='Compartir en Whatsapp' rel=\"noopener\"><span class='avia_hidden_link_text'>Compartir en Whatsapp<\/span><\/a><\/li><li class='av-share-link av-social-link-linkedin' ><a target=\"_blank\" aria-label=\"Compartir en LinkedIn\" href='https:\/\/linkedin.com\/shareArticle?mini=true&#038;title=SLEP%20Ays%C3%A9n%20obtiene%20recomendaci%C3%B3n%20satisfactoria%20para%20la%20reposici%C3%B3n%20de%20la%20Escuela%20Despertar&#038;url=https:\/\/radiorevelacionfm.cl\/?p=53984' aria-hidden='false' data-av_icon='\ue8fc' data-av_iconfont='entypo-fontello' title='' data-avia-related-tooltip='Compartir en LinkedIn' rel=\"noopener\"><span class='avia_hidden_link_text'>Compartir en LinkedIn<\/span><\/a><\/li><li class='av-share-link av-social-link-mail' ><a  aria-label=\"Compartir por correo\" href='mailto:?subject=SLEP%20Ays%C3%A9n%20obtiene%20recomendaci%C3%B3n%20satisfactoria%20para%20la%20reposici%C3%B3n%20de%20la%20Escuela%20Despertar&#038;body=https:\/\/radiorevelacionfm.cl\/?p=53984' aria-hidden='false' data-av_icon='\ue805' data-av_iconfont='entypo-fontello' title='' data-avia-related-tooltip='Compartir por correo'><span class='avia_hidden_link_text'>Compartir por correo<\/span><\/a><\/li><\/ul><\/div><\/div>\n<div  style='height:50px' class='hr hr-invisible   avia-builder-el-8  el_after_av_social_share  el_before_av_comments_list '><span class='hr-inner ' ><span class='hr-inner-style'><\/span><\/span><\/div>\n<div  class='av-buildercomment  av-blog-meta-html-info-disabled av-blog-meta-tag-disabled  '><\/div>\n","protected":false},"excerpt":{"rendered":"","protected":false},"author":1,"featured_media":53985,"comment_status":"closed","ping_status":"closed","sticky":false,"template":"","format":"standard","meta":{"footnotes":""},"categories":[49],"tags":[],"class_list":["post-53984","post","type-post","status-publish","format-standard","has-post-thumbnail","hentry","category-educacion"],"jetpack_featured_media_url":"https:\/\/radiorevelacionfm.cl\/wp-content\/uploads\/2025\/05\/img_6198-1_optimized-1.jpeg","_links":{"self":[{"href":"https:\/\/radiorevelacionfm.cl\/index.php?rest_route=\/wp\/v2\/posts\/53984","targetHints":{"allow":["GET"]}}],"collection":[{"href":"https:\/\/radiorevelacionfm.cl\/index.php?rest_route=\/wp\/v2\/posts"}],"about":[{"href":"https:\/\/radiorevelacionfm.cl\/index.php?rest_route=\/wp\/v2\/types\/post"}],"author":[{"embeddable":true,"href":"https:\/\/radiorevelacionfm.cl\/index.php?rest_route=\/wp\/v2\/users\/1"}],"replies":[{"embeddable":true,"href":"https:\/\/radiorevelacionfm.cl\/index.php?rest_route=%2Fwp%2Fv2%2Fcomments&post=53984"}],"version-history":[{"count":2,"href":"https:\/\/radiorevelacionfm.cl\/index.php?rest_route=\/wp\/v2\/posts\/53984\/revisions"}],"predecessor-version":[{"id":53990,"href":"https:\/\/radiorevelacionfm.cl\/index.php?rest_route=\/wp\/v2\/posts\/53984\/revisions\/53990"}],"wp:featuredmedia":[{"embeddable":true,"href":"https:\/\/radiorevelacionfm.cl\/index.php?rest_route=\/wp\/v2\/media\/53985"}],"wp:attachment":[{"href":"https:\/\/radiorevelacionfm.cl\/index.php?rest_route=%2Fwp%2Fv2%2Fmedia&parent=53984"}],"wp:term":[{"taxonomy":"category","embeddable":true,"href":"https:\/\/radiorevelacionfm.cl\/index.php?rest_route=%2Fwp%2Fv2%2Fcategories&post=53984"},{"taxonomy":"post_tag","embeddable":true,"href":"https:\/\/radiorevelacionfm.cl\/index.php?rest_route=%2Fwp%2Fv2%2Ftags&post=53984"}],"curies":[{"name":"wp","href":"https:\/\/api.w.org\/{rel}","templated":true}]}}