{"id":53972,"date":"2025-05-15T18:08:25","date_gmt":"2025-05-15T21:08:25","guid":{"rendered":"https:\/\/radiorevelacionfm.cl\/?p=53972"},"modified":"2025-05-15T18:40:19","modified_gmt":"2025-05-15T21:40:19","slug":"formalizan-a-3-imputados-por-robo-en-sucursal-movistar-de-coyhaique-quienes-quedaron-en-prision-preventiva","status":"publish","type":"post","link":"https:\/\/radiorevelacionfm.cl\/?p=53972","title":{"rendered":"Formalizan a 3 imputados por robo en Sucursal Movistar de Coyhaique, quienes quedaron en prisi\u00f3n preventiva"},"content":{"rendered":"<div class=\"flex_column av_one_full  flex_column_div av-zero-column-padding first  avia-builder-el-0  el_before_av_one_full  avia-builder-el-first  \" style='border-radius:0px; '><div  class='avia-image-container  av-styling-    avia-builder-el-1  avia-builder-el-no-sibling  avia-align-center '  itemprop=\"image\" itemscope=\"itemscope\" itemtype=\"https:\/\/schema.org\/ImageObject\"  ><div class='avia-image-container-inner'><div class='avia-image-overlay-wrap'><img decoding=\"async\" class='wp-image-53815 avia-img-lazy-loading-not-53815 avia_image' src=\"https:\/\/radiorevelacionfm.cl\/wp-content\/uploads\/2025\/05\/20250512_102328-1_optimized-1.jpg\" alt='' title='20250512_102328-(1)_optimized (1)' height=\"600\" width=\"1285\"  itemprop=\"thumbnailUrl\" srcset=\"https:\/\/radiorevelacionfm.cl\/wp-content\/uploads\/2025\/05\/20250512_102328-1_optimized-1.jpg 1285w, https:\/\/radiorevelacionfm.cl\/wp-content\/uploads\/2025\/05\/20250512_102328-1_optimized-1-300x140.jpg 300w, https:\/\/radiorevelacionfm.cl\/wp-content\/uploads\/2025\/05\/20250512_102328-1_optimized-1-1030x481.jpg 1030w, https:\/\/radiorevelacionfm.cl\/wp-content\/uploads\/2025\/05\/20250512_102328-1_optimized-1-768x359.jpg 768w, https:\/\/radiorevelacionfm.cl\/wp-content\/uploads\/2025\/05\/20250512_102328-1_optimized-1-705x329.jpg 705w, https:\/\/radiorevelacionfm.cl\/wp-content\/uploads\/2025\/05\/20250512_102328-1_optimized-1-450x210.jpg 450w, https:\/\/radiorevelacionfm.cl\/wp-content\/uploads\/2025\/05\/20250512_102328-1_optimized-1-600x280.jpg 600w\" sizes=\"(max-width: 1285px) 100vw, 1285px\" \/><\/div><\/div><\/div><\/div><div class=\"flex_column av_one_full  flex_column_div av-zero-column-padding first  avia-builder-el-2  el_after_av_one_full  el_before_av_one_full  column-top-margin\" style='border-radius:0px; '><section class=\"av_textblock_section \"  itemscope=\"itemscope\" itemtype=\"https:\/\/schema.org\/BlogPosting\" itemprop=\"blogPost\" ><div class='avia_textblock  '   itemprop=\"text\" ><p style=\"text-align: center;\"><strong><span style=\"font-size: 18pt;\">Formalizan a 3 imputados por robo en Sucursal Movistar de Coyhaique, quienes quedaron en prisi\u00f3n preventiva <\/span><\/strong><\/p>\n<div id=\"gtx-trans\" style=\"position: absolute; left: -50px; top: 4.31534px;\">\n<div class=\"gtx-trans-icon\"><\/div>\n<\/div>\n<\/div><\/section><\/div><div class=\"flex_column av_one_full  flex_column_div av-zero-column-padding first  avia-builder-el-4  el_after_av_one_full  el_before_av_hr  column-top-margin\" style='border-radius:0px; '><section class=\"av_textblock_section \"  itemscope=\"itemscope\" itemtype=\"https:\/\/schema.org\/BlogPosting\" itemprop=\"blogPost\" ><div class='avia_textblock  '   itemprop=\"text\" ><p class=\"v1MsoNormal\" style=\"text-align: justify;\">El Juzgado de Garant\u00eda de Coyhaique dej\u00f3 hoy \u2013jueves 15 de mayo\u2013 sujetos a la medida cautelar de prisi\u00f3n preventiva a J.E.Z.G., D.A.A.A. y C.A.M.M., imputados por el Ministerio P\u00fablico como autores del delito consumado de robo en lugar no habitado. Il\u00edcito perpetrado entre el s\u00e1bado y lunes reci\u00e9n pasados, en la ciudad.<\/p>\n<p class=\"v1MsoNormal\" style=\"text-align: justify;\">En la audiencia de formalizaci\u00f3n (causa rol 1.235-2025), la magistrada Fabiola Mu\u00f1oz orden\u00f3 el ingreso de\u00a0J.E.Z.G., D.A.A.A. y C.A.M.M.\u00a0al Centro de Cumplimiento Penitenciario Santiago Uno, por considerar que la libertad\u00a0de los imputados\u00a0constituye un peligro para la seguridad de la sociedad. Adem\u00e1s, fij\u00f3 en\u00a060 d\u00edas\u00a0el plazo de investigaci\u00f3n.<\/p>\n<p class=\"v1MsoNormal\" style=\"text-align: justify;\">Seg\u00fan el ente persecutor, entre el 10 y 12 de mayo de 2025, los imputados, m\u00e1s un cuarto sujeto, concurrieron hasta el local de la empresa Movistar, ubicado en Paseo Horn de la comuna de Coyhaique, lugar donde mediante la fuerza, hicieron un forado desde un inmueble contiguo, lograron ingresar a dependencias del local comercial y sustraer con \u00e1nimo de lucro, celulares de diversas marcas, l\u00e1minas, tarjetas SIM y cargadores de celulares, entre otras especies con las que se dieron a la fuga. Mercader\u00edas avaluadas en la suma de $75.753.073.<\/p>\n<\/div><\/section><\/div><div  style='height:50px' class='hr hr-invisible   avia-builder-el-6  el_after_av_one_full  el_before_av_social_share '><span class='hr-inner ' ><span class='hr-inner-style'><\/span><\/span><\/div><\/p>\n<div  class='av-social-sharing-box  avia-builder-el-7  el_after_av_hr  el_before_av_hr  '><div class='av-share-box'><h5 class='av-share-link-description av-no-toc '>Compartir esta noticia<\/h5><ul class='av-share-box-list noLightbox'><li class='av-share-link av-social-link-facebook' ><a target=\"_blank\" aria-label=\"Compartir en Facebook\" href='https:\/\/www.facebook.com\/sharer.php?u=https:\/\/radiorevelacionfm.cl\/?p=53972&#038;t=Formalizan%20a%203%20imputados%20por%20robo%20en%20Sucursal%20Movistar%20de%20Coyhaique%2C%20quienes%20quedaron%20en%20prisi%C3%B3n%20preventiva' aria-hidden='false' data-av_icon='\ue8f3' data-av_iconfont='entypo-fontello' title='' data-avia-related-tooltip='Compartir en Facebook' rel=\"noopener\"><span class='avia_hidden_link_text'>Compartir en Facebook<\/span><\/a><\/li><li class='av-share-link av-social-link-twitter' ><a target=\"_blank\" aria-label=\"Compartir en Twitter\" href='https:\/\/twitter.com\/share?text=Formalizan%20a%203%20imputados%20por%20robo%20en%20Sucursal%20Movistar%20de%20Coyhaique%2C%20quienes%20quedaron%20en%20prisi%C3%B3n%20preventiva&#038;url=https:\/\/radiorevelacionfm.cl\/?p=53972' aria-hidden='false' data-av_icon='\ue8f1' data-av_iconfont='entypo-fontello' title='' data-avia-related-tooltip='Compartir en Twitter' rel=\"noopener\"><span class='avia_hidden_link_text'>Compartir en Twitter<\/span><\/a><\/li><li class='av-share-link av-social-link-whatsapp' ><a target=\"_blank\" aria-label=\"Compartir en Whatsapp\" href='https:\/\/api.whatsapp.com\/send?text=https:\/\/radiorevelacionfm.cl\/?p=53972' aria-hidden='false' data-av_icon='\uf232' data-av_iconfont='entypo-fontello' title='' data-avia-related-tooltip='Compartir en Whatsapp' rel=\"noopener\"><span class='avia_hidden_link_text'>Compartir en Whatsapp<\/span><\/a><\/li><li class='av-share-link av-social-link-linkedin' ><a target=\"_blank\" aria-label=\"Compartir en LinkedIn\" href='https:\/\/linkedin.com\/shareArticle?mini=true&#038;title=Formalizan%20a%203%20imputados%20por%20robo%20en%20Sucursal%20Movistar%20de%20Coyhaique%2C%20quienes%20quedaron%20en%20prisi%C3%B3n%20preventiva&#038;url=https:\/\/radiorevelacionfm.cl\/?p=53972' aria-hidden='false' data-av_icon='\ue8fc' data-av_iconfont='entypo-fontello' title='' data-avia-related-tooltip='Compartir en LinkedIn' rel=\"noopener\"><span class='avia_hidden_link_text'>Compartir en LinkedIn<\/span><\/a><\/li><li class='av-share-link av-social-link-mail' ><a  aria-label=\"Compartir por correo\" href='mailto:?subject=Formalizan%20a%203%20imputados%20por%20robo%20en%20Sucursal%20Movistar%20de%20Coyhaique%2C%20quienes%20quedaron%20en%20prisi%C3%B3n%20preventiva&#038;body=https:\/\/radiorevelacionfm.cl\/?p=53972' aria-hidden='false' data-av_icon='\ue805' data-av_iconfont='entypo-fontello' title='' data-avia-related-tooltip='Compartir por correo'><span class='avia_hidden_link_text'>Compartir por correo<\/span><\/a><\/li><\/ul><\/div><\/div>\n<div  style='height:50px' class='hr hr-invisible   avia-builder-el-8  el_after_av_social_share  el_before_av_comments_list '><span class='hr-inner ' ><span class='hr-inner-style'><\/span><\/span><\/div>\n<div  class='av-buildercomment  av-blog-meta-html-info-disabled av-blog-meta-tag-disabled  '><\/div>\n","protected":false},"excerpt":{"rendered":"","protected":false},"author":1,"featured_media":53815,"comment_status":"closed","ping_status":"closed","sticky":false,"template":"","format":"standard","meta":{"footnotes":""},"categories":[55],"tags":[],"class_list":["post-53972","post","type-post","status-publish","format-standard","has-post-thumbnail","hentry","category-justicia"],"jetpack_featured_media_url":"https:\/\/radiorevelacionfm.cl\/wp-content\/uploads\/2025\/05\/20250512_102328-1_optimized-1.jpg","_links":{"self":[{"href":"https:\/\/radiorevelacionfm.cl\/index.php?rest_route=\/wp\/v2\/posts\/53972","targetHints":{"allow":["GET"]}}],"collection":[{"href":"https:\/\/radiorevelacionfm.cl\/index.php?rest_route=\/wp\/v2\/posts"}],"about":[{"href":"https:\/\/radiorevelacionfm.cl\/index.php?rest_route=\/wp\/v2\/types\/post"}],"author":[{"embeddable":true,"href":"https:\/\/radiorevelacionfm.cl\/index.php?rest_route=\/wp\/v2\/users\/1"}],"replies":[{"embeddable":true,"href":"https:\/\/radiorevelacionfm.cl\/index.php?rest_route=%2Fwp%2Fv2%2Fcomments&post=53972"}],"version-history":[{"count":2,"href":"https:\/\/radiorevelacionfm.cl\/index.php?rest_route=\/wp\/v2\/posts\/53972\/revisions"}],"predecessor-version":[{"id":53983,"href":"https:\/\/radiorevelacionfm.cl\/index.php?rest_route=\/wp\/v2\/posts\/53972\/revisions\/53983"}],"wp:featuredmedia":[{"embeddable":true,"href":"https:\/\/radiorevelacionfm.cl\/index.php?rest_route=\/wp\/v2\/media\/53815"}],"wp:attachment":[{"href":"https:\/\/radiorevelacionfm.cl\/index.php?rest_route=%2Fwp%2Fv2%2Fmedia&parent=53972"}],"wp:term":[{"taxonomy":"category","embeddable":true,"href":"https:\/\/radiorevelacionfm.cl\/index.php?rest_route=%2Fwp%2Fv2%2Fcategories&post=53972"},{"taxonomy":"post_tag","embeddable":true,"href":"https:\/\/radiorevelacionfm.cl\/index.php?rest_route=%2Fwp%2Fv2%2Ftags&post=53972"}],"curies":[{"name":"wp","href":"https:\/\/api.w.org\/{rel}","templated":true}]}}