{"id":53962,"date":"2025-05-16T11:52:11","date_gmt":"2025-05-16T14:52:11","guid":{"rendered":"https:\/\/radiorevelacionfm.cl\/?p=53962"},"modified":"2025-05-16T11:52:11","modified_gmt":"2025-05-16T14:52:11","slug":"avanzan-los-dialogos-ciudadanos-sobre-el-proyecto-de-ley-del-nuevo-financiamiento-para-la-educacion-superior-fes","status":"publish","type":"post","link":"https:\/\/radiorevelacionfm.cl\/?p=53962","title":{"rendered":"Avanzan los Di\u00e1logos Ciudadanos sobre el Proyecto de Ley del nuevo Financiamiento para la Educaci\u00f3n Superior (FES)"},"content":{"rendered":"<div class=\"flex_column av_one_full  flex_column_div av-zero-column-padding first  avia-builder-el-0  el_before_av_one_full  avia-builder-el-first  \" style='border-radius:0px; '><div  class='avia-image-container  av-styling-    avia-builder-el-1  avia-builder-el-no-sibling  avia-align-center '  itemprop=\"image\" itemscope=\"itemscope\" itemtype=\"https:\/\/schema.org\/ImageObject\"  ><div class='avia-image-container-inner'><div class='avia-image-overlay-wrap'><img decoding=\"async\" class='wp-image-53963 avia-img-lazy-loading-not-53963 avia_image' src=\"https:\/\/radiorevelacionfm.cl\/wp-content\/uploads\/2025\/05\/Comunicado-15-05-2025-1-1.jpeg\" alt='' title='Comunicado 15-05-2025 (1) (1)' height=\"656\" width=\"800\"  itemprop=\"thumbnailUrl\" srcset=\"https:\/\/radiorevelacionfm.cl\/wp-content\/uploads\/2025\/05\/Comunicado-15-05-2025-1-1.jpeg 800w, https:\/\/radiorevelacionfm.cl\/wp-content\/uploads\/2025\/05\/Comunicado-15-05-2025-1-1-300x246.jpeg 300w, https:\/\/radiorevelacionfm.cl\/wp-content\/uploads\/2025\/05\/Comunicado-15-05-2025-1-1-768x630.jpeg 768w, https:\/\/radiorevelacionfm.cl\/wp-content\/uploads\/2025\/05\/Comunicado-15-05-2025-1-1-705x578.jpeg 705w, https:\/\/radiorevelacionfm.cl\/wp-content\/uploads\/2025\/05\/Comunicado-15-05-2025-1-1-450x369.jpeg 450w, https:\/\/radiorevelacionfm.cl\/wp-content\/uploads\/2025\/05\/Comunicado-15-05-2025-1-1-600x492.jpeg 600w\" sizes=\"(max-width: 800px) 100vw, 800px\" \/><\/div><\/div><\/div><\/div><div class=\"flex_column av_one_full  flex_column_div av-zero-column-padding first  avia-builder-el-2  el_after_av_one_full  el_before_av_one_full  column-top-margin\" style='border-radius:0px; '><section class=\"av_textblock_section \"  itemscope=\"itemscope\" itemtype=\"https:\/\/schema.org\/BlogPosting\" itemprop=\"blogPost\" ><div class='avia_textblock  '   itemprop=\"text\" ><p style=\"text-align: center;\"><strong><span style=\"font-size: 18pt;\">Avanzan los Di\u00e1logos Ciudadanos sobre el Proyecto de Ley del nuevo Financiamiento para la Educaci\u00f3n Superior (FES)<\/span><\/strong><\/p>\n<div id=\"gtx-trans\" style=\"position: absolute; left: -50px; top: 4.31534px;\">\n<div class=\"gtx-trans-icon\"><\/div>\n<\/div>\n<\/div><\/section><\/div><div class=\"flex_column av_one_full  flex_column_div av-zero-column-padding first  avia-builder-el-4  el_after_av_one_full  el_before_av_hr  column-top-margin\" style='border-radius:0px; '><section class=\"av_textblock_section \"  itemscope=\"itemscope\" itemtype=\"https:\/\/schema.org\/BlogPosting\" itemprop=\"blogPost\" ><div class='avia_textblock  '   itemprop=\"text\" ><p style=\"text-align: justify;\">La Seremi de Gobierno, \u00darsula Mix, junto al Seremi de Educaci\u00f3n (I) Claudio Rivera Zbinden, dieron inicio a los Di\u00e1logos Ciudadanos abiertos a la comunidad \u201cHacia un nuevo financiamiento para la Educaci\u00f3n Superior &#8211; FES\u00bb, que tienen como objetivo informar a la ciudadan\u00eda sobre la propuesta que buscar reemplazar el actual sistema de cr\u00e9ditos estudiantiles por una soluci\u00f3n justa y responsable fiscalmente para quienes tienen deudas educativas.<\/p>\n<p style=\"text-align: justify;\">El proyecto de ley contempla dos componentes centrales:<\/p>\n<ol style=\"text-align: justify;\">\n<li><strong>Un plan de reorganizaci\u00f3n y condonaci\u00f3n de deudas educativas<\/strong>, que incluye la posibilidad de condonaci\u00f3n total o parcial.<\/li>\n<li><strong>Un nuevo instrumento de financiamiento p\u00fablico para la Educaci\u00f3n Superior<\/strong>, que prioriza el bienestar de las familias por sobre la l\u00f3gica del endeudamiento bancario.<\/li>\n<\/ol>\n<p style=\"text-align: justify;\">Sobre esto, la Seremi de Gobierno \u00darsula Mix se\u00f1al\u00f3 lo siguiente: \u201cEste nuevo enfoque reconoce el esfuerzo de quienes han cumplido con sus compromisos financieros, y al mismo tiempo, apoya a quienes enfrentan dificultades para pagar sus estudios. La iniciativa tambi\u00e9n busca reformar estructuralmente el financiamiento estatal, fortaleciendo el sistema educativo p\u00fablico como un derecho social\u201d.<\/p>\n<p style=\"text-align: justify;\">La primera charla se realiz\u00f3 en la comuna de Coyhaique y forma parte de un ciclo de actividades que se realizan en diferentes escuelas y liceos de la regi\u00f3n, avanzando en la difusi\u00f3n e informando a la comunidad a trav\u00e9s de encuentros ciudadanos organizados entre la Seremi de Gobierno y la Seremi de Educaci\u00f3n.<\/p>\n<p style=\"text-align: justify;\">Durante esta semana, los di\u00e1logos continuaron en la comuna de Ays\u00e9n, donde se realizaron encuentros con la comunidad educativa del Colegio Sagrada Familia y el Liceo Bicentenario San Jos\u00e9 U.R. En estas instancias, se resolvieron dudas sobre el proyecto de ley y otros beneficios del Mineduc, gracias al apoyo de profesionales del \u00e1rea.<\/p>\n<p style=\"text-align: justify;\">\u201cInvitamos a todas las personas que se quieran sumar a una charla abierta a toda la comunidad que se llevar\u00e1 a cabo el d\u00eda viernes 16 de mayo a las 18:00 horas en el Hospital de Puerto Ays\u00e9n, ubicado en Yuseff Laibe n\u00b0180\u201d, concluy\u00f3 la Seremi.<\/p>\n<p style=\"text-align: justify;\">M\u00e1s informaci\u00f3n sobre el proyecto en <a href=\"https:\/\/fes.mineduc.cl\/\">https:\/\/fes.mineduc.cl\/<\/a><\/p>\n<p style=\"text-align: justify;\"><strong>\u00a0<\/strong><\/p>\n<\/div><\/section><\/div><div  style='height:50px' class='hr hr-invisible   avia-builder-el-6  el_after_av_one_full  el_before_av_social_share '><span class='hr-inner ' ><span class='hr-inner-style'><\/span><\/span><\/div><\/p>\n<div  class='av-social-sharing-box  avia-builder-el-7  el_after_av_hr  el_before_av_hr  '><div class='av-share-box'><h5 class='av-share-link-description av-no-toc '>Compartir esta noticia<\/h5><ul class='av-share-box-list noLightbox'><li class='av-share-link av-social-link-facebook' ><a target=\"_blank\" aria-label=\"Compartir en Facebook\" href='https:\/\/www.facebook.com\/sharer.php?u=https:\/\/radiorevelacionfm.cl\/?p=53962&#038;t=Avanzan%20los%20Di%C3%A1logos%20Ciudadanos%20sobre%20el%20Proyecto%20de%20Ley%20del%20nuevo%20Financiamiento%20para%20la%20Educaci%C3%B3n%20Superior%20%28FES%29' aria-hidden='false' data-av_icon='\ue8f3' data-av_iconfont='entypo-fontello' title='' data-avia-related-tooltip='Compartir en Facebook' rel=\"noopener\"><span class='avia_hidden_link_text'>Compartir en Facebook<\/span><\/a><\/li><li class='av-share-link av-social-link-twitter' ><a target=\"_blank\" aria-label=\"Compartir en Twitter\" href='https:\/\/twitter.com\/share?text=Avanzan%20los%20Di%C3%A1logos%20Ciudadanos%20sobre%20el%20Proyecto%20de%20Ley%20del%20nuevo%20Financiamiento%20para%20la%20Educaci%C3%B3n%20Superior%20%28FES%29&#038;url=https:\/\/radiorevelacionfm.cl\/?p=53962' aria-hidden='false' data-av_icon='\ue8f1' data-av_iconfont='entypo-fontello' title='' data-avia-related-tooltip='Compartir en Twitter' rel=\"noopener\"><span class='avia_hidden_link_text'>Compartir en Twitter<\/span><\/a><\/li><li class='av-share-link av-social-link-whatsapp' ><a target=\"_blank\" aria-label=\"Compartir en Whatsapp\" href='https:\/\/api.whatsapp.com\/send?text=https:\/\/radiorevelacionfm.cl\/?p=53962' aria-hidden='false' data-av_icon='\uf232' data-av_iconfont='entypo-fontello' title='' data-avia-related-tooltip='Compartir en Whatsapp' rel=\"noopener\"><span class='avia_hidden_link_text'>Compartir en Whatsapp<\/span><\/a><\/li><li class='av-share-link av-social-link-linkedin' ><a target=\"_blank\" aria-label=\"Compartir en LinkedIn\" href='https:\/\/linkedin.com\/shareArticle?mini=true&#038;title=Avanzan%20los%20Di%C3%A1logos%20Ciudadanos%20sobre%20el%20Proyecto%20de%20Ley%20del%20nuevo%20Financiamiento%20para%20la%20Educaci%C3%B3n%20Superior%20%28FES%29&#038;url=https:\/\/radiorevelacionfm.cl\/?p=53962' aria-hidden='false' data-av_icon='\ue8fc' data-av_iconfont='entypo-fontello' title='' data-avia-related-tooltip='Compartir en LinkedIn' rel=\"noopener\"><span class='avia_hidden_link_text'>Compartir en LinkedIn<\/span><\/a><\/li><li class='av-share-link av-social-link-mail' ><a  aria-label=\"Compartir por correo\" href='mailto:?subject=Avanzan%20los%20Di%C3%A1logos%20Ciudadanos%20sobre%20el%20Proyecto%20de%20Ley%20del%20nuevo%20Financiamiento%20para%20la%20Educaci%C3%B3n%20Superior%20%28FES%29&#038;body=https:\/\/radiorevelacionfm.cl\/?p=53962' aria-hidden='false' data-av_icon='\ue805' data-av_iconfont='entypo-fontello' title='' data-avia-related-tooltip='Compartir por correo'><span class='avia_hidden_link_text'>Compartir por correo<\/span><\/a><\/li><\/ul><\/div><\/div>\n<div  style='height:50px' class='hr hr-invisible   avia-builder-el-8  el_after_av_social_share  el_before_av_comments_list '><span class='hr-inner ' ><span class='hr-inner-style'><\/span><\/span><\/div>\n<div  class='av-buildercomment  av-blog-meta-html-info-disabled av-blog-meta-tag-disabled  '><\/div>\n","protected":false},"excerpt":{"rendered":"","protected":false},"author":1,"featured_media":53963,"comment_status":"closed","ping_status":"closed","sticky":false,"template":"","format":"standard","meta":{"footnotes":""},"categories":[38],"tags":[],"class_list":["post-53962","post","type-post","status-publish","format-standard","has-post-thumbnail","hentry","category-regional"],"jetpack_featured_media_url":"https:\/\/radiorevelacionfm.cl\/wp-content\/uploads\/2025\/05\/Comunicado-15-05-2025-1-1.jpeg","_links":{"self":[{"href":"https:\/\/radiorevelacionfm.cl\/index.php?rest_route=\/wp\/v2\/posts\/53962","targetHints":{"allow":["GET"]}}],"collection":[{"href":"https:\/\/radiorevelacionfm.cl\/index.php?rest_route=\/wp\/v2\/posts"}],"about":[{"href":"https:\/\/radiorevelacionfm.cl\/index.php?rest_route=\/wp\/v2\/types\/post"}],"author":[{"embeddable":true,"href":"https:\/\/radiorevelacionfm.cl\/index.php?rest_route=\/wp\/v2\/users\/1"}],"replies":[{"embeddable":true,"href":"https:\/\/radiorevelacionfm.cl\/index.php?rest_route=%2Fwp%2Fv2%2Fcomments&post=53962"}],"version-history":[{"count":2,"href":"https:\/\/radiorevelacionfm.cl\/index.php?rest_route=\/wp\/v2\/posts\/53962\/revisions"}],"predecessor-version":[{"id":53997,"href":"https:\/\/radiorevelacionfm.cl\/index.php?rest_route=\/wp\/v2\/posts\/53962\/revisions\/53997"}],"wp:featuredmedia":[{"embeddable":true,"href":"https:\/\/radiorevelacionfm.cl\/index.php?rest_route=\/wp\/v2\/media\/53963"}],"wp:attachment":[{"href":"https:\/\/radiorevelacionfm.cl\/index.php?rest_route=%2Fwp%2Fv2%2Fmedia&parent=53962"}],"wp:term":[{"taxonomy":"category","embeddable":true,"href":"https:\/\/radiorevelacionfm.cl\/index.php?rest_route=%2Fwp%2Fv2%2Fcategories&post=53962"},{"taxonomy":"post_tag","embeddable":true,"href":"https:\/\/radiorevelacionfm.cl\/index.php?rest_route=%2Fwp%2Fv2%2Ftags&post=53962"}],"curies":[{"name":"wp","href":"https:\/\/api.w.org\/{rel}","templated":true}]}}