{"id":53959,"date":"2025-05-15T17:28:29","date_gmt":"2025-05-15T20:28:29","guid":{"rendered":"https:\/\/radiorevelacionfm.cl\/?p=53959"},"modified":"2025-05-15T17:28:29","modified_gmt":"2025-05-15T20:28:29","slug":"comunidad-de-isla-las-huichas-recibe-vermicomposteras-gracias-a-alianza-entre-medio-ambiente-y-municipialidad-de-aysen","status":"publish","type":"post","link":"https:\/\/radiorevelacionfm.cl\/?p=53959","title":{"rendered":"Comunidad de Isla Las Huichas recibe vermicomposteras gracias a alianza entre Medio Ambiente y Municipialidad de Ays\u00e9n"},"content":{"rendered":"<div class=\"flex_column av_one_full  flex_column_div av-zero-column-padding first  avia-builder-el-0  el_before_av_one_full  avia-builder-el-first  \" style='border-radius:0px; '><div  class='avia-image-container  av-styling-    avia-builder-el-1  avia-builder-el-no-sibling  avia-align-center '  itemprop=\"image\" itemscope=\"itemscope\" itemtype=\"https:\/\/schema.org\/ImageObject\"  ><div class='avia-image-container-inner'><div class='avia-image-overlay-wrap'><img decoding=\"async\" class='wp-image-53960 avia-img-lazy-loading-not-53960 avia_image' src=\"https:\/\/radiorevelacionfm.cl\/wp-content\/uploads\/2025\/05\/2-2025-05-15t164818_optimized.648-1-1.jpg\" alt='' title='2---2025-05-15t164818_optimized.648-(1) (1)' height=\"600\" width=\"1067\"  itemprop=\"thumbnailUrl\" srcset=\"https:\/\/radiorevelacionfm.cl\/wp-content\/uploads\/2025\/05\/2-2025-05-15t164818_optimized.648-1-1.jpg 1067w, https:\/\/radiorevelacionfm.cl\/wp-content\/uploads\/2025\/05\/2-2025-05-15t164818_optimized.648-1-1-300x169.jpg 300w, https:\/\/radiorevelacionfm.cl\/wp-content\/uploads\/2025\/05\/2-2025-05-15t164818_optimized.648-1-1-1030x579.jpg 1030w, https:\/\/radiorevelacionfm.cl\/wp-content\/uploads\/2025\/05\/2-2025-05-15t164818_optimized.648-1-1-768x432.jpg 768w, https:\/\/radiorevelacionfm.cl\/wp-content\/uploads\/2025\/05\/2-2025-05-15t164818_optimized.648-1-1-705x396.jpg 705w, https:\/\/radiorevelacionfm.cl\/wp-content\/uploads\/2025\/05\/2-2025-05-15t164818_optimized.648-1-1-450x253.jpg 450w, https:\/\/radiorevelacionfm.cl\/wp-content\/uploads\/2025\/05\/2-2025-05-15t164818_optimized.648-1-1-600x337.jpg 600w\" sizes=\"(max-width: 1067px) 100vw, 1067px\" \/><\/div><\/div><\/div><\/div><div class=\"flex_column av_one_full  flex_column_div av-zero-column-padding first  avia-builder-el-2  el_after_av_one_full  el_before_av_one_full  column-top-margin\" style='border-radius:0px; '><section class=\"av_textblock_section \"  itemscope=\"itemscope\" itemtype=\"https:\/\/schema.org\/BlogPosting\" itemprop=\"blogPost\" ><div class='avia_textblock  '   itemprop=\"text\" ><p style=\"text-align: center;\"><strong><span style=\"font-size: 18pt;\">Comunidad de Isla Las Huichas recibe vermicomposteras gracias a alianza entre Medio Ambiente y Municipialidad de Ays\u00e9n<\/span><\/strong><\/p>\n<div id=\"gtx-trans\" style=\"position: absolute; left: -50px; top: 4.31534px;\">\n<div class=\"gtx-trans-icon\"><\/div>\n<\/div>\n<\/div><\/section><\/div><div class=\"flex_column av_one_full  flex_column_div av-zero-column-padding first  avia-builder-el-4  el_after_av_one_full  el_before_av_hr  column-top-margin\" style='border-radius:0px; '><section class=\"av_textblock_section \"  itemscope=\"itemscope\" itemtype=\"https:\/\/schema.org\/BlogPosting\" itemprop=\"blogPost\" ><div class='avia_textblock  '   itemprop=\"text\" ><p style=\"text-align: justify;\">En gira por Isla Las Huichas, la SEREMI del Medio Ambiente y la Ilustre Municipalidad de Ays\u00e9n, hicieron entrega de 10 vermicomposteras a las familias y establecimientos educacionales de Puerto Aguirre, Estero Copa y Caleta Andrade.<\/p>\n<p style=\"text-align: justify;\">La gesti\u00f3n del municipio para la distribuci\u00f3n de las vermicomporteras consider\u00f3 dos jardines infantiles y 8 familias que ya contaban con un huerto o invernadero para apoyar la circularidad de los residuos. La primera entrega se realiz\u00f3 en el Jard\u00edn Infantil Los Cipreses de Puerto Aguirre, donde adem\u00e1s, gracias al apoyo de empresas Bahamonde, tanto educadoras como p\u00e1rvulos participaron de un taller de vermicompostaje.<\/p>\n<p style=\"text-align: justify;\">\u201cEstamos avanzando con un trabajo colaborativo respecto a la gesti\u00f3n de residuos org\u00e1nicos en un establecimiento que tiene certificaci\u00f3n ambiental de excelencia, pero adem\u00e1s trabajando junto al municipio de Ays\u00e9n para poder fortalecer el Sistema Certificaci\u00f3n Ambiental Municipal. As\u00ed c\u00f3mo las certificaciones se conectan, encontramos una oportunidad entregar recursos, que beneficien a la comunidad en este c\u00edrculo virtuoso\u201d, declar\u00f3 el Seremi Yoal D\u00edaz, destacando la iniciativa del municipio y anunciando que pronto comenzar\u00e1 a implementarse el programa FNDR de residuos que beneficiar\u00e1 a toda la regi\u00f3n con mil composteras.<\/p>\n<p style=\"text-align: justify;\">\u201cPara nosotros es s\u00faper importante porque nuestro sello es ser un jard\u00edn cultural medio ambiental. As\u00ed que nosotros trabajamos harto con todo lo que significa el cuidado del medio ambiente. Desde el a\u00f1o pasado que estamos trabajando con vermicompostaje y para nosotros obtener nuevos aprendizajes sobre el cuidado y sobre la mantenci\u00f3n de nuestra vermicompostera es importante\u201d, asegur\u00f3 la Educadora de p\u00e1rvulos del jard\u00edn infantil Los Cipreses, Yenica Medina.<\/p>\n<p style=\"text-align: justify;\">La iniciativa realizada en el marco del Sistema de Certificaci\u00f3n Ambiental Municipal SCAM, del ministerio del Medio Ambiente, permiti\u00f3 entregar recursos al municipio para la compra de las vermicomposteras que apoyar\u00e1n la estrategia de gesti\u00f3n de residuos. El SCAM es uno de los pilares de la Gesti\u00f3n Ambiental Local GAL, del Ministerio del Medio Ambiente, y permite, a los municipios que adhieren al sistema en forma voluntaria, sistematizar los compromisos y l\u00edneas de acci\u00f3n para una gesti\u00f3n ambiental efectiva en las comunas.<\/p>\n<p style=\"text-align: justify;\">En el caso de Ays\u00e9n, el municipio se encuentra implementando el nivel II del SCAM, que implica el desarrollo de planes, dise\u00f1o de sistemas y puesta en funcionamiento de proyectos pilotos, en el \u00e1rea del reciclaje, reducci\u00f3n, el ahorro, entre otros.<\/p>\n<p style=\"text-align: justify;\">Es as\u00ed que el Municipio de Ays\u00e9n, gracias al subsidio SCAM del Ministerio por un monto de $1.500.000, logr\u00f3 implementar el programa piloto \u201cCompostando vida en Isla Las Huichas\u201d, al respecto la coordinadora de la Certificaci\u00f3n Ambiental Municipal de Ays\u00e9n, Marcela Matus indic\u00f3 que \u201csabemos que en la isla hay una gran problem\u00e1tica con la gesti\u00f3n de los residuos, entonces ayuda bastante a poder disminuir los residuos org\u00e1nicos, que tambi\u00e9n son un factor clave para la contaminaci\u00f3n que tenemos en la isla. Entonces esta iniciativa pensamos implementarla a largo plazo para poder seguir trabajando con la comunidad\u201d.<\/p>\n<p style=\"text-align: justify;\">Durante la tarde se convoc\u00f3 a las familias beneficiarias de Puerto Aguirre, Estero Copa y Caleta Andrade a reunirse en la escuela Carlos Condell, para recibir las vermicomposteras domiciliarias y tambi\u00e9n participar de un taller te\u00f3rico-pr\u00e1ctico, a cargo de empresas Bahamonde.<\/p>\n<p style=\"text-align: justify;\">\u201cS\u00faper linda la idea para poder sembrar con los ni\u00f1os. Para m\u00ed es algo nuevo. No conoc\u00eda las lombrices, igual estaba un poco nerviosa pensando \u00bfser\u00e1n muy grandes los bichitos? pero no, genial para poder compartirlo con los ni\u00f1os., relat\u00f3 la participante Luz Vera, quien represent\u00f3 al jard\u00edn Infantil Los Canelos. As\u00ed tambi\u00e9n la beneficiaria Esterlina Gueichapiren agradeci\u00f3 \u201cme gust\u00f3 mucho porque uno aprende cosas, el abono uno lo hace, pero no as\u00ed de esta forma.\u00a0 Yo trabajo en mi invernadero y el abono es esencial para hacer crecer una planta bonita. As\u00ed que estoy contenta, ya aprend\u00ed c\u00f3mo hacerlo, y creo que es muy bueno que se atrevan las mujeres, que trabajen en la tierra, porque no todas le gusta, pero a m\u00ed me encanta\u201d, concluy\u00f3.<\/p>\n<\/div><\/section><\/div><div  style='height:50px' class='hr hr-invisible   avia-builder-el-6  el_after_av_one_full  el_before_av_social_share '><span class='hr-inner ' ><span class='hr-inner-style'><\/span><\/span><\/div><\/p>\n<div  class='av-social-sharing-box  avia-builder-el-7  el_after_av_hr  el_before_av_hr  '><div class='av-share-box'><h5 class='av-share-link-description av-no-toc '>Compartir esta noticia<\/h5><ul class='av-share-box-list noLightbox'><li class='av-share-link av-social-link-facebook' ><a target=\"_blank\" aria-label=\"Compartir en Facebook\" href='https:\/\/www.facebook.com\/sharer.php?u=https:\/\/radiorevelacionfm.cl\/?p=53959&#038;t=Comunidad%20de%20Isla%20Las%20Huichas%20recibe%20vermicomposteras%20gracias%20a%20alianza%20entre%20Medio%20Ambiente%20y%20Municipialidad%20de%20Ays%C3%A9n' aria-hidden='false' data-av_icon='\ue8f3' data-av_iconfont='entypo-fontello' title='' data-avia-related-tooltip='Compartir en Facebook' rel=\"noopener\"><span class='avia_hidden_link_text'>Compartir en Facebook<\/span><\/a><\/li><li class='av-share-link av-social-link-twitter' ><a target=\"_blank\" aria-label=\"Compartir en Twitter\" href='https:\/\/twitter.com\/share?text=Comunidad%20de%20Isla%20Las%20Huichas%20recibe%20vermicomposteras%20gracias%20a%20alianza%20entre%20Medio%20Ambiente%20y%20Municipialidad%20de%20Ays%C3%A9n&#038;url=https:\/\/radiorevelacionfm.cl\/?p=53959' aria-hidden='false' data-av_icon='\ue8f1' data-av_iconfont='entypo-fontello' title='' data-avia-related-tooltip='Compartir en Twitter' rel=\"noopener\"><span class='avia_hidden_link_text'>Compartir en Twitter<\/span><\/a><\/li><li class='av-share-link av-social-link-whatsapp' ><a target=\"_blank\" aria-label=\"Compartir en Whatsapp\" href='https:\/\/api.whatsapp.com\/send?text=https:\/\/radiorevelacionfm.cl\/?p=53959' aria-hidden='false' data-av_icon='\uf232' data-av_iconfont='entypo-fontello' title='' data-avia-related-tooltip='Compartir en Whatsapp' rel=\"noopener\"><span class='avia_hidden_link_text'>Compartir en Whatsapp<\/span><\/a><\/li><li class='av-share-link av-social-link-linkedin' ><a target=\"_blank\" aria-label=\"Compartir en LinkedIn\" href='https:\/\/linkedin.com\/shareArticle?mini=true&#038;title=Comunidad%20de%20Isla%20Las%20Huichas%20recibe%20vermicomposteras%20gracias%20a%20alianza%20entre%20Medio%20Ambiente%20y%20Municipialidad%20de%20Ays%C3%A9n&#038;url=https:\/\/radiorevelacionfm.cl\/?p=53959' aria-hidden='false' data-av_icon='\ue8fc' data-av_iconfont='entypo-fontello' title='' data-avia-related-tooltip='Compartir en LinkedIn' rel=\"noopener\"><span class='avia_hidden_link_text'>Compartir en LinkedIn<\/span><\/a><\/li><li class='av-share-link av-social-link-mail' ><a  aria-label=\"Compartir por correo\" href='mailto:?subject=Comunidad%20de%20Isla%20Las%20Huichas%20recibe%20vermicomposteras%20gracias%20a%20alianza%20entre%20Medio%20Ambiente%20y%20Municipialidad%20de%20Ays%C3%A9n&#038;body=https:\/\/radiorevelacionfm.cl\/?p=53959' aria-hidden='false' data-av_icon='\ue805' data-av_iconfont='entypo-fontello' title='' data-avia-related-tooltip='Compartir por correo'><span class='avia_hidden_link_text'>Compartir por correo<\/span><\/a><\/li><\/ul><\/div><\/div>\n<div  style='height:50px' class='hr hr-invisible   avia-builder-el-8  el_after_av_social_share  el_before_av_comments_list '><span class='hr-inner ' ><span class='hr-inner-style'><\/span><\/span><\/div>\n<div  class='av-buildercomment  av-blog-meta-html-info-disabled av-blog-meta-tag-disabled  '><\/div>\n","protected":false},"excerpt":{"rendered":"","protected":false},"author":1,"featured_media":53960,"comment_status":"closed","ping_status":"closed","sticky":false,"template":"","format":"standard","meta":{"footnotes":""},"categories":[39],"tags":[],"class_list":["post-53959","post","type-post","status-publish","format-standard","has-post-thumbnail","hentry","category-medio-ambiente"],"jetpack_featured_media_url":"https:\/\/radiorevelacionfm.cl\/wp-content\/uploads\/2025\/05\/2-2025-05-15t164818_optimized.648-1-1.jpg","_links":{"self":[{"href":"https:\/\/radiorevelacionfm.cl\/index.php?rest_route=\/wp\/v2\/posts\/53959","targetHints":{"allow":["GET"]}}],"collection":[{"href":"https:\/\/radiorevelacionfm.cl\/index.php?rest_route=\/wp\/v2\/posts"}],"about":[{"href":"https:\/\/radiorevelacionfm.cl\/index.php?rest_route=\/wp\/v2\/types\/post"}],"author":[{"embeddable":true,"href":"https:\/\/radiorevelacionfm.cl\/index.php?rest_route=\/wp\/v2\/users\/1"}],"replies":[{"embeddable":true,"href":"https:\/\/radiorevelacionfm.cl\/index.php?rest_route=%2Fwp%2Fv2%2Fcomments&post=53959"}],"version-history":[{"count":2,"href":"https:\/\/radiorevelacionfm.cl\/index.php?rest_route=\/wp\/v2\/posts\/53959\/revisions"}],"predecessor-version":[{"id":53971,"href":"https:\/\/radiorevelacionfm.cl\/index.php?rest_route=\/wp\/v2\/posts\/53959\/revisions\/53971"}],"wp:featuredmedia":[{"embeddable":true,"href":"https:\/\/radiorevelacionfm.cl\/index.php?rest_route=\/wp\/v2\/media\/53960"}],"wp:attachment":[{"href":"https:\/\/radiorevelacionfm.cl\/index.php?rest_route=%2Fwp%2Fv2%2Fmedia&parent=53959"}],"wp:term":[{"taxonomy":"category","embeddable":true,"href":"https:\/\/radiorevelacionfm.cl\/index.php?rest_route=%2Fwp%2Fv2%2Fcategories&post=53959"},{"taxonomy":"post_tag","embeddable":true,"href":"https:\/\/radiorevelacionfm.cl\/index.php?rest_route=%2Fwp%2Fv2%2Ftags&post=53959"}],"curies":[{"name":"wp","href":"https:\/\/api.w.org\/{rel}","templated":true}]}}