{"id":53955,"date":"2025-05-15T16:30:40","date_gmt":"2025-05-15T19:30:40","guid":{"rendered":"https:\/\/radiorevelacionfm.cl\/?p=53955"},"modified":"2025-05-15T16:30:40","modified_gmt":"2025-05-15T19:30:40","slug":"cientificos-del-ciep-fortalecen-vinculo-con-la-comunidad-de-raul-marin-balmaceda","status":"publish","type":"post","link":"https:\/\/radiorevelacionfm.cl\/?p=53955","title":{"rendered":"Cient\u00edficos del CIEP fortalecen v\u00ednculo con la comunidad de Ra\u00fal Mar\u00edn Balmaceda"},"content":{"rendered":"<div class=\"flex_column av_one_full  flex_column_div av-zero-column-padding first  avia-builder-el-0  el_before_av_one_full  avia-builder-el-first  \" style='border-radius:0px; '><div  class='avia-image-container  av-styling-    avia-builder-el-1  avia-builder-el-no-sibling  avia-align-center '  itemprop=\"image\" itemscope=\"itemscope\" itemtype=\"https:\/\/schema.org\/ImageObject\"  ><div class='avia-image-container-inner'><div class='avia-image-overlay-wrap'><img decoding=\"async\" class='wp-image-53956 avia-img-lazy-loading-not-53956 avia_image' src=\"https:\/\/radiorevelacionfm.cl\/wp-content\/uploads\/2025\/05\/Raul_Marin_Escuela-1-1.jpg\" alt='' title='Ra\u00fal_Mar\u00edn_Escuela (1) (1)' height=\"600\" width=\"800\"  itemprop=\"thumbnailUrl\" srcset=\"https:\/\/radiorevelacionfm.cl\/wp-content\/uploads\/2025\/05\/Raul_Marin_Escuela-1-1.jpg 800w, https:\/\/radiorevelacionfm.cl\/wp-content\/uploads\/2025\/05\/Raul_Marin_Escuela-1-1-300x225.jpg 300w, https:\/\/radiorevelacionfm.cl\/wp-content\/uploads\/2025\/05\/Raul_Marin_Escuela-1-1-768x576.jpg 768w, https:\/\/radiorevelacionfm.cl\/wp-content\/uploads\/2025\/05\/Raul_Marin_Escuela-1-1-705x529.jpg 705w, https:\/\/radiorevelacionfm.cl\/wp-content\/uploads\/2025\/05\/Raul_Marin_Escuela-1-1-450x338.jpg 450w, https:\/\/radiorevelacionfm.cl\/wp-content\/uploads\/2025\/05\/Raul_Marin_Escuela-1-1-600x450.jpg 600w\" sizes=\"(max-width: 800px) 100vw, 800px\" \/><\/div><\/div><\/div><\/div><div class=\"flex_column av_one_full  flex_column_div av-zero-column-padding first  avia-builder-el-2  el_after_av_one_full  el_before_av_one_full  column-top-margin\" style='border-radius:0px; '><section class=\"av_textblock_section \"  itemscope=\"itemscope\" itemtype=\"https:\/\/schema.org\/BlogPosting\" itemprop=\"blogPost\" ><div class='avia_textblock  '   itemprop=\"text\" ><p style=\"text-align: center;\"><strong><span style=\"font-size: 18pt;\">Cient\u00edficos del CIEP fortalecen v\u00ednculo con la comunidad de Ra\u00fal Mar\u00edn Balmaceda<\/span><\/strong><\/p>\n<div id=\"gtx-trans\" style=\"position: absolute; left: -50px; top: 4.31534px;\">\n<div class=\"gtx-trans-icon\"><\/div>\n<\/div>\n<\/div><\/section><\/div><div class=\"flex_column av_one_full  flex_column_div av-zero-column-padding first  avia-builder-el-4  el_after_av_one_full  el_before_av_hr  column-top-margin\" style='border-radius:0px; '><section class=\"av_textblock_section \"  itemscope=\"itemscope\" itemtype=\"https:\/\/schema.org\/BlogPosting\" itemprop=\"blogPost\" ><div class='avia_textblock  '   itemprop=\"text\" ><p style=\"text-align: justify;\"><em>La actividad forma parte de un estudio financiado por el Gobierno Regional y su Consejo que investiga la distribuci\u00f3n y abundancia de erizo y loco en el litoral de Ays\u00e9n.<\/em><\/p>\n<p style=\"text-align: justify;\">Entre el 7 y el 11 de mayo, investigadores del CIEP de la l\u00ednea Pesca Artesanal y Acuicultura, se trasladaron a Ra\u00fal Mar\u00edn Balmaceda para desarrollar diversas actividades, las cuales incluyeron reuniones con pescadores locales, jornadas educativas en la escuela b\u00e1sica Amanda Labarca, y monitoreo de bosques de algas, con el objetivo de promover la sostenibilidad de los recursos marinos y la conservaci\u00f3n de los ecosistemas.<\/p>\n<p style=\"text-align: justify;\">Seg\u00fan explic\u00f3 Paula Ortiz, investigadora del CIEP, se convers\u00f3 con representantes de la pesca artesanal \u201cpara presentar los resultados del estudio y discutir los desaf\u00edos del manejo y gesti\u00f3n de los recursos bent\u00f3nicos en un \u00e1rea marina costera protegida\u201d.<\/p>\n<p style=\"text-align: justify;\">La investigadora destac\u00f3, de igual forma, la importancia de la colaboraci\u00f3n comunitaria para la sostenibilidad de las pesquer\u00edas.<\/p>\n<p style=\"text-align: justify;\">Adem\u00e1s, explic\u00f3 Alexis Catal\u00e1n, investigador del CIEP, se efectu\u00f3 una jornada pr\u00e1ctica en la escuela b\u00e1sica Amanda Labarca, \u201ceducando a estudiantes y profesores sobre la biodiversidad marina y los desaf\u00edos del cambio global\u201d.<\/p>\n<p style=\"text-align: justify;\">Esta actividad busca fomentar la conciencia ambiental en las nuevas generaciones y promover la conservaci\u00f3n de los ecosistemas locales, explicaron desde el Centro de Investigaci\u00f3n CIEP.<\/p>\n<p style=\"text-align: justify;\">La salida a terreno incluy\u00f3 el monitoreo de bosques de algas y su biodiversidad asociada en zonas de estudio espec\u00edficas. Para ambos investigadores estos ecosistemas son vitales para la salud del ecosistema marino, proporcionando alimento y refugio a especies de inter\u00e9s comercial.<\/p>\n<p style=\"text-align: justify;\">Cabe destacar que estas actividades se dan en el marco del estudio titulado \u201cInvestigaci\u00f3n sobre la distribuci\u00f3n y abundancia de erizo y loco en el litoral de Ays\u00e9n\u201d, financiado por el Gobierno Regional de Ays\u00e9n y su Consejo.<\/p>\n<p style=\"text-align: justify;\">Finalmente, desde el Centro de Investigaci\u00f3n CIEP indicaron que el monitoreo continuo es crucial para la implementaci\u00f3n de medidas de gesti\u00f3n efectivas y la sostenibilidad de la pesca artesanal en el sector.<\/p>\n<\/div><\/section><\/div><div  style='height:50px' class='hr hr-invisible   avia-builder-el-6  el_after_av_one_full  el_before_av_social_share '><span class='hr-inner ' ><span class='hr-inner-style'><\/span><\/span><\/div><\/p>\n<div  class='av-social-sharing-box  avia-builder-el-7  el_after_av_hr  el_before_av_hr  '><div class='av-share-box'><h5 class='av-share-link-description av-no-toc '>Compartir esta noticia<\/h5><ul class='av-share-box-list noLightbox'><li class='av-share-link av-social-link-facebook' ><a target=\"_blank\" aria-label=\"Compartir en Facebook\" href='https:\/\/www.facebook.com\/sharer.php?u=https:\/\/radiorevelacionfm.cl\/?p=53955&#038;t=Cient%C3%ADficos%20del%20CIEP%20fortalecen%20v%C3%ADnculo%20con%20la%20comunidad%20de%20Ra%C3%BAl%20Mar%C3%ADn%20Balmaceda' aria-hidden='false' data-av_icon='\ue8f3' data-av_iconfont='entypo-fontello' title='' data-avia-related-tooltip='Compartir en Facebook' rel=\"noopener\"><span class='avia_hidden_link_text'>Compartir en Facebook<\/span><\/a><\/li><li class='av-share-link av-social-link-twitter' ><a target=\"_blank\" aria-label=\"Compartir en Twitter\" href='https:\/\/twitter.com\/share?text=Cient%C3%ADficos%20del%20CIEP%20fortalecen%20v%C3%ADnculo%20con%20la%20comunidad%20de%20Ra%C3%BAl%20Mar%C3%ADn%20Balmaceda&#038;url=https:\/\/radiorevelacionfm.cl\/?p=53955' aria-hidden='false' data-av_icon='\ue8f1' data-av_iconfont='entypo-fontello' title='' data-avia-related-tooltip='Compartir en Twitter' rel=\"noopener\"><span class='avia_hidden_link_text'>Compartir en Twitter<\/span><\/a><\/li><li class='av-share-link av-social-link-whatsapp' ><a target=\"_blank\" aria-label=\"Compartir en Whatsapp\" href='https:\/\/api.whatsapp.com\/send?text=https:\/\/radiorevelacionfm.cl\/?p=53955' aria-hidden='false' data-av_icon='\uf232' data-av_iconfont='entypo-fontello' title='' data-avia-related-tooltip='Compartir en Whatsapp' rel=\"noopener\"><span class='avia_hidden_link_text'>Compartir en Whatsapp<\/span><\/a><\/li><li class='av-share-link av-social-link-linkedin' ><a target=\"_blank\" aria-label=\"Compartir en LinkedIn\" href='https:\/\/linkedin.com\/shareArticle?mini=true&#038;title=Cient%C3%ADficos%20del%20CIEP%20fortalecen%20v%C3%ADnculo%20con%20la%20comunidad%20de%20Ra%C3%BAl%20Mar%C3%ADn%20Balmaceda&#038;url=https:\/\/radiorevelacionfm.cl\/?p=53955' aria-hidden='false' data-av_icon='\ue8fc' data-av_iconfont='entypo-fontello' title='' data-avia-related-tooltip='Compartir en LinkedIn' rel=\"noopener\"><span class='avia_hidden_link_text'>Compartir en LinkedIn<\/span><\/a><\/li><li class='av-share-link av-social-link-mail' ><a  aria-label=\"Compartir por correo\" href='mailto:?subject=Cient%C3%ADficos%20del%20CIEP%20fortalecen%20v%C3%ADnculo%20con%20la%20comunidad%20de%20Ra%C3%BAl%20Mar%C3%ADn%20Balmaceda&#038;body=https:\/\/radiorevelacionfm.cl\/?p=53955' aria-hidden='false' data-av_icon='\ue805' data-av_iconfont='entypo-fontello' title='' data-avia-related-tooltip='Compartir por correo'><span class='avia_hidden_link_text'>Compartir por correo<\/span><\/a><\/li><\/ul><\/div><\/div>\n<div  style='height:50px' class='hr hr-invisible   avia-builder-el-8  el_after_av_social_share  el_before_av_comments_list '><span class='hr-inner ' ><span class='hr-inner-style'><\/span><\/span><\/div>\n<div  class='av-buildercomment  av-blog-meta-html-info-disabled av-blog-meta-tag-disabled  '><\/div>\n","protected":false},"excerpt":{"rendered":"","protected":false},"author":1,"featured_media":53956,"comment_status":"closed","ping_status":"closed","sticky":false,"template":"","format":"standard","meta":{"footnotes":""},"categories":[38],"tags":[],"class_list":["post-53955","post","type-post","status-publish","format-standard","has-post-thumbnail","hentry","category-regional"],"jetpack_featured_media_url":"https:\/\/radiorevelacionfm.cl\/wp-content\/uploads\/2025\/05\/Raul_Marin_Escuela-1-1.jpg","_links":{"self":[{"href":"https:\/\/radiorevelacionfm.cl\/index.php?rest_route=\/wp\/v2\/posts\/53955","targetHints":{"allow":["GET"]}}],"collection":[{"href":"https:\/\/radiorevelacionfm.cl\/index.php?rest_route=\/wp\/v2\/posts"}],"about":[{"href":"https:\/\/radiorevelacionfm.cl\/index.php?rest_route=\/wp\/v2\/types\/post"}],"author":[{"embeddable":true,"href":"https:\/\/radiorevelacionfm.cl\/index.php?rest_route=\/wp\/v2\/users\/1"}],"replies":[{"embeddable":true,"href":"https:\/\/radiorevelacionfm.cl\/index.php?rest_route=%2Fwp%2Fv2%2Fcomments&post=53955"}],"version-history":[{"count":2,"href":"https:\/\/radiorevelacionfm.cl\/index.php?rest_route=\/wp\/v2\/posts\/53955\/revisions"}],"predecessor-version":[{"id":53958,"href":"https:\/\/radiorevelacionfm.cl\/index.php?rest_route=\/wp\/v2\/posts\/53955\/revisions\/53958"}],"wp:featuredmedia":[{"embeddable":true,"href":"https:\/\/radiorevelacionfm.cl\/index.php?rest_route=\/wp\/v2\/media\/53956"}],"wp:attachment":[{"href":"https:\/\/radiorevelacionfm.cl\/index.php?rest_route=%2Fwp%2Fv2%2Fmedia&parent=53955"}],"wp:term":[{"taxonomy":"category","embeddable":true,"href":"https:\/\/radiorevelacionfm.cl\/index.php?rest_route=%2Fwp%2Fv2%2Fcategories&post=53955"},{"taxonomy":"post_tag","embeddable":true,"href":"https:\/\/radiorevelacionfm.cl\/index.php?rest_route=%2Fwp%2Fv2%2Ftags&post=53955"}],"curies":[{"name":"wp","href":"https:\/\/api.w.org\/{rel}","templated":true}]}}