{"id":53946,"date":"2025-05-15T15:16:09","date_gmt":"2025-05-15T18:16:09","guid":{"rendered":"https:\/\/radiorevelacionfm.cl\/?p=53946"},"modified":"2025-05-15T15:16:09","modified_gmt":"2025-05-15T18:16:09","slug":"ciep-alerta-sobre-focos-de-contaminacion-minera-en-alto-manihuales","status":"publish","type":"post","link":"https:\/\/radiorevelacionfm.cl\/?p=53946","title":{"rendered":"CIEP alerta sobre focos de contaminaci\u00f3n minera en Alto Ma\u00f1ihuales"},"content":{"rendered":"<div class=\"flex_column av_one_full  flex_column_div av-zero-column-padding first  avia-builder-el-0  el_before_av_one_full  avia-builder-el-first  \" style='border-radius:0px; '><div  class='avia-image-container  av-styling-    avia-builder-el-1  avia-builder-el-no-sibling  avia-align-center '  itemprop=\"image\" itemscope=\"itemscope\" itemtype=\"https:\/\/schema.org\/ImageObject\"  ><div class='avia-image-container-inner'><div class='avia-image-overlay-wrap'><img decoding=\"async\" class='wp-image-53947 avia-img-lazy-loading-not-53947 avia_image' src=\"https:\/\/radiorevelacionfm.cl\/wp-content\/uploads\/2025\/05\/t_optimized.relave-confluencia-el-toqui-1.jpg\" alt='' title='t_optimized.relave-confluencia-el-toqui-(1)' height=\"800\" width=\"800\"  itemprop=\"thumbnailUrl\" srcset=\"https:\/\/radiorevelacionfm.cl\/wp-content\/uploads\/2025\/05\/t_optimized.relave-confluencia-el-toqui-1.jpg 800w, https:\/\/radiorevelacionfm.cl\/wp-content\/uploads\/2025\/05\/t_optimized.relave-confluencia-el-toqui-1-300x300.jpg 300w, https:\/\/radiorevelacionfm.cl\/wp-content\/uploads\/2025\/05\/t_optimized.relave-confluencia-el-toqui-1-80x80.jpg 80w, https:\/\/radiorevelacionfm.cl\/wp-content\/uploads\/2025\/05\/t_optimized.relave-confluencia-el-toqui-1-768x768.jpg 768w, https:\/\/radiorevelacionfm.cl\/wp-content\/uploads\/2025\/05\/t_optimized.relave-confluencia-el-toqui-1-36x36.jpg 36w, https:\/\/radiorevelacionfm.cl\/wp-content\/uploads\/2025\/05\/t_optimized.relave-confluencia-el-toqui-1-180x180.jpg 180w, https:\/\/radiorevelacionfm.cl\/wp-content\/uploads\/2025\/05\/t_optimized.relave-confluencia-el-toqui-1-705x705.jpg 705w, https:\/\/radiorevelacionfm.cl\/wp-content\/uploads\/2025\/05\/t_optimized.relave-confluencia-el-toqui-1-120x120.jpg 120w, https:\/\/radiorevelacionfm.cl\/wp-content\/uploads\/2025\/05\/t_optimized.relave-confluencia-el-toqui-1-450x450.jpg 450w, https:\/\/radiorevelacionfm.cl\/wp-content\/uploads\/2025\/05\/t_optimized.relave-confluencia-el-toqui-1-600x600.jpg 600w, https:\/\/radiorevelacionfm.cl\/wp-content\/uploads\/2025\/05\/t_optimized.relave-confluencia-el-toqui-1-100x100.jpg 100w\" sizes=\"(max-width: 800px) 100vw, 800px\" \/><\/div><\/div><\/div><\/div><div class=\"flex_column av_one_full  flex_column_div av-zero-column-padding first  avia-builder-el-2  el_after_av_one_full  el_before_av_one_full  column-top-margin\" style='border-radius:0px; '><section class=\"av_textblock_section \"  itemscope=\"itemscope\" itemtype=\"https:\/\/schema.org\/BlogPosting\" itemprop=\"blogPost\" ><div class='avia_textblock  '   itemprop=\"text\" ><p style=\"text-align: center;\"><strong><span style=\"font-size: 18pt;\">CIEP alerta sobre focos de contaminaci\u00f3n minera en Alto Ma\u00f1ihuales\u00a0<\/span><\/strong><\/p>\n<div id=\"gtx-trans\" style=\"position: absolute; left: -50px; top: 4.31534px;\">\n<div class=\"gtx-trans-icon\"><\/div>\n<\/div>\n<\/div><\/section><\/div><div class=\"flex_column av_one_full  flex_column_div av-zero-column-padding first  avia-builder-el-4  el_after_av_one_full  el_before_av_hr  column-top-margin\" style='border-radius:0px; '><section class=\"av_textblock_section \"  itemscope=\"itemscope\" itemtype=\"https:\/\/schema.org\/BlogPosting\" itemprop=\"blogPost\" ><div class='avia_textblock  '   itemprop=\"text\" ><ul>\n<li dir=\"ltr\" style=\"text-align: justify;\"><em>El Centro de Investigaci\u00f3n en Ecosistemas de la Patagonia (CIEP) entreg\u00f3 valiosa informaci\u00f3n ante el Consejo Regional de Ays\u00e9n que respalda cient\u00edficamente las denuncias realizadas durante a\u00f1os por organizaciones socioambientales de Ays\u00e9n.<\/em><\/li>\n<li dir=\"ltr\" style=\"text-align: justify;\"><em>Las autoridades regionales del Ministerio de Medio Ambiente, Ministerio de Miner\u00eda, SERNAGEOMIN y Direcci\u00f3n General de Aguas quedaron citadas para una pr\u00f3xima sesi\u00f3n del Consejo Regional.<\/em><\/li>\n<\/ul>\n<p dir=\"ltr\" style=\"text-align: justify;\">El foco de contaminaci\u00f3n generado por la mina El Toqui, de propiedad de la Sociedad Pac\u00edfico del Sur, que contin\u00faa en operaciones en la zona de Alto Ma\u00f1ihuales, ha quedado nuevamente en evidencia al surgir datos y estudios entregados por el Centro de Investigaci\u00f3n en Ecosistemas de la Patagonia (CIEP), que confirman las denuncias hist\u00f3ricas realizadas por organizaciones socioambientales sobre el tema. Se espera nueva informaci\u00f3n sobre la calidad de las aguas en la zona, que trabaja la Universidad de Ays\u00e9n, como se ha dado a conocer durante esta semana.<\/p>\n<p dir=\"ltr\" style=\"text-align: justify;\">Los antecedentes fueron recopilados y entregados por el subdirector cient\u00edfico del CIEP, Brian Reid, el martes 13 de mayo, ante la Comisi\u00f3n Mixta de Regionalizaci\u00f3n, Integraci\u00f3n Territorial y Medio Ambiente, y de Ciencia, Tecnolog\u00eda e Innovaci\u00f3n del Consejo Regional de Ays\u00e9n, en torno a los \u00abestudios, an\u00e1lisis o informaci\u00f3n relacionada con la concentraci\u00f3n de metales pesados en las aguas del sector de Alto Ma\u00f1ihuales\u00bb.<\/p>\n<p dir=\"ltr\" style=\"text-align: justify;\">En s\u00edntesis, al analizar datos p\u00fablicos, de la propia empresa minera, del <a href=\"https:\/\/seia.sea.gob.cl\/expediente\/ficha\/fichaPrincipal.php?modo=normal&amp;id_expediente=183303\" target=\"_blank\" rel=\"noopener noreferrer\">Estudio de Impacto Ambiental del tranque de relaves Confluencia<\/a> y de otras mediciones, comprendido todo entre los a\u00f1os 2006 al 2015, Reid confirma la existencia de eventos recurrentes con altos \u00edndices de ars\u00e9nico, y en menor medida de fierro, plomo y manganeso en los esteros San Antonio y Confluencia, como tambi\u00e9n en aguas subterr\u00e1neas del \u00e1rea de influencia de la mina. Esto, adem\u00e1s de condiciones de falta de ox\u00edgeno que permiten la liberaci\u00f3n de estos metales pesados en las aguas subterr\u00e1neas de la zona.<\/p>\n<p dir=\"ltr\" style=\"text-align: justify;\">El cient\u00edfico alert\u00f3 que el sistema de monitoreo completo del, actualmente inactivo, tranque de relaves Confluencia para aguas subterr\u00e1neas, drenaje, infiltraci\u00f3n, recirculaci\u00f3n, junto al riego con aspersores -utilizado para minimizar la emisi\u00f3n del polvo del relave- podr\u00eda ser una fuente extra y permanente de bombeo de agua lixiviada hasta los cursos h\u00eddricos.\u00a0 \u00abEl problema que veo con eso puede ser, es una hip\u00f3tesis, un sistema de bombeo para lixiviar metales hasta el acu\u00edfero llegando al r\u00edo constantemente\u00bb se\u00f1al\u00f3.<\/p>\n<p dir=\"ltr\" style=\"text-align: justify;\">Finalmente, Reid sugiri\u00f3 la necesidad de estudiar este caso, desde el an\u00e1lisis de los suelos y la vegetaci\u00f3n, \u00abensayos de sangre y tambi\u00e9n de tejido de animales y peces, para aquellos que se alimentan de peces\u00bb, abordando la situaci\u00f3n de forma multisectorial, ante la sumatoria de vectores de riesgo, provocados por la actividad minera en Alto Ma\u00f1ihuales.<\/p>\n<p dir=\"ltr\" style=\"text-align: justify;\">Erwin Sandoval Gallardo, presidente de la Corporaci\u00f3n Privada para el Desarrollo de Ays\u00e9n (CODESA), quien asisti\u00f3 a la sesi\u00f3n del Consejo Regional junto a Deisy Avenda\u00f1o de la Red de Protecci\u00f3n de la Patagonia y Mitzi Urtubia de ONG Ecosistemas, valor\u00f3 la informaci\u00f3n proporcionada por el investigador del CIEP, y enfatiz\u00f3 la desidia con que la SMA ha actuado.<\/p>\n<p dir=\"ltr\" style=\"text-align: justify;\">\u00abHoy d\u00eda vemos con desolaci\u00f3n c\u00f3mo tenemos un tranque de relaves que no ha sido evaluado ambientalmente, c\u00f3mo el plan de cierre de ese tranque de relaves no ha sido ejecutado, c\u00f3mo las garant\u00edas econ\u00f3micas asociadas a ese plan de cierre no han sido constituidas y c\u00f3mo un plan de cierre que debi\u00f3 haber sido actualizado al a\u00f1o 2023 a la fecha todav\u00eda no ha sido ni auditado ni actualizado. Sin embargo la institucionalidad p\u00fablica, la Superintendencia del Medio Ambiente en particular, contin\u00faan con un actuar negligente que al final de cuentas termina traduci\u00e9ndose en una grave e inaceptable vulneraci\u00f3n de los derechos humanos de los habitantes de Alto Ma\u00f1ihuales\u00bb.<\/p>\n<p dir=\"ltr\" style=\"text-align: justify;\">La academia tambi\u00e9n se ha visto involucrada en el conflicto desatado por el impacto ambiental y social de los dep\u00f3sitos de relaves en la zona.\u00a0 Recientemente se conoci\u00f3 la difusi\u00f3n p\u00fablica de los primeros antecedentes del proyecto de investigaci\u00f3n\u00a0\u00abSustentabilidad bajo el enfoque Una Salud en la Regi\u00f3n de Ays\u00e9n\u00bb, que realizan profesionales del Departamento de Ciencias de la Salud de la Universidad de Ays\u00e9n. \u00abLa comunidad regional y, espec\u00edficamente, las familias afectadas por el funcionamiento irregular del complejo minero El Toqui, requieren con urgencia de informaci\u00f3n actualizada sobre este caso. Por esto esperamos que la casa de estudio de Ays\u00e9n pueda hacer p\u00fablico los resultados de nueva evidencia que exista desde la perspectiva de la salud\u00bb se\u00f1al\u00f3 Mitzi Urtubia de ONG Ecosistemas.<\/p>\n<p dir=\"ltr\" style=\"text-align: justify;\">Cabe recordar que esta semana sali\u00f3 a la luz p\u00fablica, adem\u00e1s, un\u00a0<a href=\"https:\/\/snifa.sma.gob.cl\/General\/Descargar\/20920005366\" target=\"_blank\" rel=\"noopener noreferrer\">duro informe<\/a>\u00a0emitido recientemente por el Servicio Nacional de Geolog\u00eda y Miner\u00eda (SERNAGEOMIN) sobre los incumplimientos normativos y administrativos de Sociedad Minera Pac\u00edfico del Sur, en torno a las operaciones del yacimiento El Toqui en Alto Ma\u00f1ihuales, espec\u00edficamente sobre el tranque de relaves Confluencia.\u00a0\u00a0Esto, por requerimiento de la Superintendencia del Medio Ambiente (SMA) que est\u00e1 llevando adelante un\u00a0<a href=\"https:\/\/snifa.sma.gob.cl\/RequerimientoIngreso\/Ficha\/25\" target=\"_blank\" rel=\"noopener noreferrer\">procedimiento de requerimiento de ingreso al Sistema de Evaluaci\u00f3n de Impacto Ambiental<\/a>, el cual inici\u00f3 en 2018 y se mantuvo paralizado por a\u00f1os.<\/p>\n<ul>\n<li dir=\"ltr\" style=\"text-align: justify;\">\n<p dir=\"ltr\"><a href=\"https:\/\/www.youtube.com\/watch?v=vJnzkncmXp8\" target=\"_blank\" rel=\"noopener noreferrer\">Revisa la sesi\u00f3n de la Comisi\u00f3n Regional de Ays\u00e9n<\/a><\/p>\n<\/li>\n<li dir=\"ltr\">\n<p dir=\"ltr\" style=\"text-align: justify;\"><a href=\"https:\/\/snifa.sma.gob.cl\/General\/Descargar\/20920005366\" target=\"_blank\" rel=\"noopener noreferrer\">Revisa el informe de SERNAGEOMIN<\/a><\/p>\n<\/li>\n<\/ul>\n<\/div><\/section><\/div><div  style='height:50px' class='hr hr-invisible   avia-builder-el-6  el_after_av_one_full  el_before_av_social_share '><span class='hr-inner ' ><span class='hr-inner-style'><\/span><\/span><\/div><\/p>\n<div  class='av-social-sharing-box  avia-builder-el-7  el_after_av_hr  el_before_av_hr  '><div class='av-share-box'><h5 class='av-share-link-description av-no-toc '>Compartir esta noticia<\/h5><ul class='av-share-box-list noLightbox'><li class='av-share-link av-social-link-facebook' ><a target=\"_blank\" aria-label=\"Compartir en Facebook\" href='https:\/\/www.facebook.com\/sharer.php?u=https:\/\/radiorevelacionfm.cl\/?p=53946&#038;t=CIEP%20alerta%20sobre%20focos%20de%20contaminaci%C3%B3n%20minera%20en%20Alto%20Ma%C3%B1ihuales' aria-hidden='false' data-av_icon='\ue8f3' data-av_iconfont='entypo-fontello' title='' data-avia-related-tooltip='Compartir en Facebook' rel=\"noopener\"><span class='avia_hidden_link_text'>Compartir en Facebook<\/span><\/a><\/li><li class='av-share-link av-social-link-twitter' ><a target=\"_blank\" aria-label=\"Compartir en Twitter\" href='https:\/\/twitter.com\/share?text=CIEP%20alerta%20sobre%20focos%20de%20contaminaci%C3%B3n%20minera%20en%20Alto%20Ma%C3%B1ihuales&#038;url=https:\/\/radiorevelacionfm.cl\/?p=53946' aria-hidden='false' data-av_icon='\ue8f1' data-av_iconfont='entypo-fontello' title='' data-avia-related-tooltip='Compartir en Twitter' rel=\"noopener\"><span class='avia_hidden_link_text'>Compartir en Twitter<\/span><\/a><\/li><li class='av-share-link av-social-link-whatsapp' ><a target=\"_blank\" aria-label=\"Compartir en Whatsapp\" href='https:\/\/api.whatsapp.com\/send?text=https:\/\/radiorevelacionfm.cl\/?p=53946' aria-hidden='false' data-av_icon='\uf232' data-av_iconfont='entypo-fontello' title='' data-avia-related-tooltip='Compartir en Whatsapp' rel=\"noopener\"><span class='avia_hidden_link_text'>Compartir en Whatsapp<\/span><\/a><\/li><li class='av-share-link av-social-link-linkedin' ><a target=\"_blank\" aria-label=\"Compartir en LinkedIn\" href='https:\/\/linkedin.com\/shareArticle?mini=true&#038;title=CIEP%20alerta%20sobre%20focos%20de%20contaminaci%C3%B3n%20minera%20en%20Alto%20Ma%C3%B1ihuales&#038;url=https:\/\/radiorevelacionfm.cl\/?p=53946' aria-hidden='false' data-av_icon='\ue8fc' data-av_iconfont='entypo-fontello' title='' data-avia-related-tooltip='Compartir en LinkedIn' rel=\"noopener\"><span class='avia_hidden_link_text'>Compartir en LinkedIn<\/span><\/a><\/li><li class='av-share-link av-social-link-mail' ><a  aria-label=\"Compartir por correo\" href='mailto:?subject=CIEP%20alerta%20sobre%20focos%20de%20contaminaci%C3%B3n%20minera%20en%20Alto%20Ma%C3%B1ihuales&#038;body=https:\/\/radiorevelacionfm.cl\/?p=53946' aria-hidden='false' data-av_icon='\ue805' data-av_iconfont='entypo-fontello' title='' data-avia-related-tooltip='Compartir por correo'><span class='avia_hidden_link_text'>Compartir por correo<\/span><\/a><\/li><\/ul><\/div><\/div>\n<div  style='height:50px' class='hr hr-invisible   avia-builder-el-8  el_after_av_social_share  el_before_av_comments_list '><span class='hr-inner ' ><span class='hr-inner-style'><\/span><\/span><\/div>\n<div  class='av-buildercomment  av-blog-meta-html-info-disabled av-blog-meta-tag-disabled  '><\/div>\n","protected":false},"excerpt":{"rendered":"","protected":false},"author":1,"featured_media":53947,"comment_status":"closed","ping_status":"closed","sticky":false,"template":"","format":"standard","meta":{"footnotes":""},"categories":[38],"tags":[],"class_list":["post-53946","post","type-post","status-publish","format-standard","has-post-thumbnail","hentry","category-regional"],"jetpack_featured_media_url":"https:\/\/radiorevelacionfm.cl\/wp-content\/uploads\/2025\/05\/t_optimized.relave-confluencia-el-toqui-1.jpg","_links":{"self":[{"href":"https:\/\/radiorevelacionfm.cl\/index.php?rest_route=\/wp\/v2\/posts\/53946","targetHints":{"allow":["GET"]}}],"collection":[{"href":"https:\/\/radiorevelacionfm.cl\/index.php?rest_route=\/wp\/v2\/posts"}],"about":[{"href":"https:\/\/radiorevelacionfm.cl\/index.php?rest_route=\/wp\/v2\/types\/post"}],"author":[{"embeddable":true,"href":"https:\/\/radiorevelacionfm.cl\/index.php?rest_route=\/wp\/v2\/users\/1"}],"replies":[{"embeddable":true,"href":"https:\/\/radiorevelacionfm.cl\/index.php?rest_route=%2Fwp%2Fv2%2Fcomments&post=53946"}],"version-history":[{"count":2,"href":"https:\/\/radiorevelacionfm.cl\/index.php?rest_route=\/wp\/v2\/posts\/53946\/revisions"}],"predecessor-version":[{"id":53953,"href":"https:\/\/radiorevelacionfm.cl\/index.php?rest_route=\/wp\/v2\/posts\/53946\/revisions\/53953"}],"wp:featuredmedia":[{"embeddable":true,"href":"https:\/\/radiorevelacionfm.cl\/index.php?rest_route=\/wp\/v2\/media\/53947"}],"wp:attachment":[{"href":"https:\/\/radiorevelacionfm.cl\/index.php?rest_route=%2Fwp%2Fv2%2Fmedia&parent=53946"}],"wp:term":[{"taxonomy":"category","embeddable":true,"href":"https:\/\/radiorevelacionfm.cl\/index.php?rest_route=%2Fwp%2Fv2%2Fcategories&post=53946"},{"taxonomy":"post_tag","embeddable":true,"href":"https:\/\/radiorevelacionfm.cl\/index.php?rest_route=%2Fwp%2Fv2%2Ftags&post=53946"}],"curies":[{"name":"wp","href":"https:\/\/api.w.org\/{rel}","templated":true}]}}