{"id":53940,"date":"2025-05-15T12:16:44","date_gmt":"2025-05-15T15:16:44","guid":{"rendered":"https:\/\/radiorevelacionfm.cl\/?p=53940"},"modified":"2025-05-15T12:16:44","modified_gmt":"2025-05-15T15:16:44","slug":"gremios-de-la-region-de-aysen-exponen-ante-diputados-necesidad-de-aprobar-proyecto-de-ley-de-sistemas-medianos","status":"publish","type":"post","link":"https:\/\/radiorevelacionfm.cl\/?p=53940","title":{"rendered":"Gremios de la regi\u00f3n de Ays\u00e9n exponen ante diputados necesidad de aprobar proyecto de ley de Sistemas Medianos"},"content":{"rendered":"<div class=\"flex_column av_one_full  flex_column_div av-zero-column-padding first  avia-builder-el-0  el_before_av_one_full  avia-builder-el-first  \" style='border-radius:0px; '><div  class='avia-image-container  av-styling-    avia-builder-el-1  avia-builder-el-no-sibling  avia-align-center '  itemprop=\"image\" itemscope=\"itemscope\" itemtype=\"https:\/\/schema.org\/ImageObject\"  ><div class='avia-image-container-inner'><div class='avia-image-overlay-wrap'><img decoding=\"async\" class='wp-image-53941 avia-img-lazy-loading-not-53941 avia_image' src=\"https:\/\/radiorevelacionfm.cl\/wp-content\/uploads\/2025\/05\/Carlos-Diaz-y-Pablo-Carrasco-comision-de-mineria-y-Energia-Camara-de-Diputados-1-1.jpg\" alt='' title='Carlos D\u00edaz y Pablo Carrasco, comisi\u00f3n de miner\u00eda y Energ\u00eda C\u00e1mara de Diputados (1) (1)' height=\"600\" width=\"1121\"  itemprop=\"thumbnailUrl\" srcset=\"https:\/\/radiorevelacionfm.cl\/wp-content\/uploads\/2025\/05\/Carlos-Diaz-y-Pablo-Carrasco-comision-de-mineria-y-Energia-Camara-de-Diputados-1-1.jpg 1121w, https:\/\/radiorevelacionfm.cl\/wp-content\/uploads\/2025\/05\/Carlos-Diaz-y-Pablo-Carrasco-comision-de-mineria-y-Energia-Camara-de-Diputados-1-1-300x161.jpg 300w, https:\/\/radiorevelacionfm.cl\/wp-content\/uploads\/2025\/05\/Carlos-Diaz-y-Pablo-Carrasco-comision-de-mineria-y-Energia-Camara-de-Diputados-1-1-1030x551.jpg 1030w, https:\/\/radiorevelacionfm.cl\/wp-content\/uploads\/2025\/05\/Carlos-Diaz-y-Pablo-Carrasco-comision-de-mineria-y-Energia-Camara-de-Diputados-1-1-768x411.jpg 768w, https:\/\/radiorevelacionfm.cl\/wp-content\/uploads\/2025\/05\/Carlos-Diaz-y-Pablo-Carrasco-comision-de-mineria-y-Energia-Camara-de-Diputados-1-1-705x377.jpg 705w, https:\/\/radiorevelacionfm.cl\/wp-content\/uploads\/2025\/05\/Carlos-Diaz-y-Pablo-Carrasco-comision-de-mineria-y-Energia-Camara-de-Diputados-1-1-450x241.jpg 450w, https:\/\/radiorevelacionfm.cl\/wp-content\/uploads\/2025\/05\/Carlos-Diaz-y-Pablo-Carrasco-comision-de-mineria-y-Energia-Camara-de-Diputados-1-1-600x321.jpg 600w\" sizes=\"(max-width: 1121px) 100vw, 1121px\" \/><\/div><\/div><\/div><\/div><div class=\"flex_column av_one_full  flex_column_div av-zero-column-padding first  avia-builder-el-2  el_after_av_one_full  el_before_av_one_full  column-top-margin\" style='border-radius:0px; '><section class=\"av_textblock_section \"  itemscope=\"itemscope\" itemtype=\"https:\/\/schema.org\/BlogPosting\" itemprop=\"blogPost\" ><div class='avia_textblock  '   itemprop=\"text\" ><p style=\"text-align: center;\"><span style=\"font-size: 18pt;\"><strong>Gremios de la regi\u00f3n de Ays\u00e9n exponen ante diputados necesidad de aprobar proyecto de ley de Sistemas Medianos<\/strong><\/span><\/p>\n<div id=\"gtx-trans\" style=\"position: absolute; left: -50px; top: 4.31534px;\">\n<div class=\"gtx-trans-icon\"><\/div>\n<\/div>\n<\/div><\/section><\/div><div class=\"flex_column av_one_full  flex_column_div av-zero-column-padding first  avia-builder-el-4  el_after_av_one_full  el_before_av_hr  column-top-margin\" style='border-radius:0px; '><section class=\"av_textblock_section \"  itemscope=\"itemscope\" itemtype=\"https:\/\/schema.org\/BlogPosting\" itemprop=\"blogPost\" ><div class='avia_textblock  '   itemprop=\"text\" ><p style=\"text-align: justify;\"><em>El pr\u00f3ximo 4 de junio, el proyecto se votar\u00e1, en la comisi\u00f3n de energ\u00eda y miner\u00eda. De ser aprobado, pasa a discusi\u00f3n en la comisi\u00f3n de Hacienda y luego al pleno de la c\u00e1mara baja.<\/em><\/p>\n<p style=\"text-align: justify;\">Hasta la comisi\u00f3n de Miner\u00eda y Energ\u00eda de la C\u00e1mara de Diputados llegaron los representantes de la C\u00e1mara Chilena de la Construcci\u00f3n sede Coyhaique, con la finalidad de exponer la urgencia que reviste para la regi\u00f3n, que se avance en la tramitaci\u00f3n del proyecto de ley que modifica la regulaci\u00f3n de los sistemas medianos de energ\u00eda.<\/p>\n<p style=\"text-align: justify;\">La CChC estuvo representada por Pablo Carrasco, presidente de la C\u00e1mara en Coyhaique y por Carlos D\u00edaz, de la empresa socia del gremio, Ays\u00e9n Recircular. Ambos, explicaron a los parlamentarios, c\u00f3mo la aprobaci\u00f3n de este proyecto, permitir\u00eda reducir el valor energ\u00e9tico que se cobra en la regi\u00f3n.<\/p>\n<p style=\"text-align: justify;\">Carrasco, detall\u00f3 que este proyecto se viene trabajando desde el a\u00f1o 2019, y que cuenta con el respaldo transversal de los gremios productivos de la regi\u00f3n y del ejecutivo, quienes lo ingresaron para tramitaci\u00f3n al Congreso.<\/p>\n<p style=\"text-align: justify;\">Adem\u00e1s, agreg\u00f3 que este sistema equipar\u00e1 las tarifas \u201cmediante el ajuste de los precios de nudos, lo que ayudar\u00eda a que las empresas, peque\u00f1as y medianas, sobre todo, puedan desarrollarse en el escenario regional\u201d, agregando Carrasco, que, este ser\u00eda un primer paso para que se nivelen las condiciones en las que viven los ayseninos.<\/p>\n<p style=\"text-align: justify;\">Desde la regi\u00f3n, v\u00eda telem\u00e1tica, expuso la presidenta de la C\u00e1mara de Comercio de Coyhaique, Daissy Mondelo, quien detall\u00f3 la situaci\u00f3n econ\u00f3mica a la que se ven enfrentados las pymes locales y c\u00f3mo el valor de la energ\u00eda, termina afectando el precio final del producto para los consumidores. A ellos, se sum\u00f3 la Organizaci\u00f3n Gremial Agr\u00edcola y Ganadera Austral (Ogana), quienes respaldaron la exposici\u00f3n realizada por los representantes regionales.<\/p>\n<p style=\"text-align: justify;\">En su intervenci\u00f3n, Carlos D\u00edaz, explic\u00f3 a los diputados, que Ays\u00e9n lleva 20 a\u00f1os excluida del c\u00e1lculo del valor de la energ\u00eda bajo el denominado \u201cprecio de nudo promedio\u201d, que es un mecanismo de estabilizaci\u00f3n creado en 2005, que promedia los costos de generaci\u00f3n que paga cada empresa distribuidora de energ\u00eda.<\/p>\n<p style=\"text-align: justify;\">\u201cLlevamos 20 a\u00f1os tratando de solucionar esto, y si bien el proyecto de ley tiene muchos otros art\u00edculos, este es el principal. Que Ays\u00e9n logre estar dentro de este promedio nacional\u201d, detall\u00f3.<\/p>\n<p style=\"text-align: justify;\">A lo largo de los a\u00f1os, Ays\u00e9n ha experimentado un alza en su demanda energ\u00e9tica, la que ha sido abordada, a trav\u00e9s de la generaci\u00f3n con di\u00e9sel, encareciendo su costo final al usuario. Si a esto se agrega que no se aplica el mecanismo de estabilizaci\u00f3n de precio nudo promedio, el resultado es una energ\u00eda m\u00e1s costosa.<\/p>\n<p style=\"text-align: justify;\">Todo lo anterior fue ejemplificado, con cifras reales del gasto energ\u00e9tico de un hotel de la regi\u00f3n de Ays\u00e9n, el que, al ser comparado con un hotel de ciudades como Arica, Punta Arenas, Santiago y Puerto Montt, presenta diferencias de pago mensual, que fluct\u00faan entre $1.679.360 (Los Lagos) y $2.431.524 (Metropolitana).<\/p>\n<p style=\"text-align: justify;\">Otro punto que se detall\u00f3 fue el impacto que, el congelamiento de las tarifas a ra\u00edz de la pandemia tuvo en los cobros de la electricidad, pues se incluye a Ays\u00e9n en la distribuci\u00f3n nacional de esta deuda, \u201csiendo que la regi\u00f3n est\u00e1 fuera del PNP (Precio nudo promedio). Por ello \u201cDel total de lo que estamos pagando, un 48% (de la tarifa) corresponde a lo que le estamos pagando al SEN (Sistema El\u00e9ctrico Nacional), para que cancele su deuda\u201d, indic\u00f3 Carlos D\u00edaz.<\/p>\n<p style=\"text-align: justify;\">Tras la intervenci\u00f3n de los parlamentarios integrantes de la comisi\u00f3n de Miner\u00eda y Energ\u00eda, el presidente de la instancia, el diputado Marco Antonio Sulantay, indic\u00f3 que se acord\u00f3 votar en la pr\u00f3xima sesi\u00f3n (4 de junio) tanto las indicaciones como el resto del proyecto de ley de sistemas medianos, lo que, de resultar favorable, permitir\u00eda su paso a la comisi\u00f3n de Hacienda y posteriormente, al pleno de la c\u00e1mara baja.<\/p>\n<\/div><\/section><\/div><div  style='height:50px' class='hr hr-invisible   avia-builder-el-6  el_after_av_one_full  el_before_av_social_share '><span class='hr-inner ' ><span class='hr-inner-style'><\/span><\/span><\/div><\/p>\n<div  class='av-social-sharing-box  avia-builder-el-7  el_after_av_hr  el_before_av_hr  '><div class='av-share-box'><h5 class='av-share-link-description av-no-toc '>Compartir esta noticia<\/h5><ul class='av-share-box-list noLightbox'><li class='av-share-link av-social-link-facebook' ><a target=\"_blank\" aria-label=\"Compartir en Facebook\" href='https:\/\/www.facebook.com\/sharer.php?u=https:\/\/radiorevelacionfm.cl\/?p=53940&#038;t=Gremios%20de%20la%20regi%C3%B3n%20de%20Ays%C3%A9n%20exponen%20ante%20diputados%20necesidad%20de%20aprobar%20proyecto%20de%20ley%20de%20Sistemas%20Medianos' aria-hidden='false' data-av_icon='\ue8f3' data-av_iconfont='entypo-fontello' title='' data-avia-related-tooltip='Compartir en Facebook' rel=\"noopener\"><span class='avia_hidden_link_text'>Compartir en Facebook<\/span><\/a><\/li><li class='av-share-link av-social-link-twitter' ><a target=\"_blank\" aria-label=\"Compartir en Twitter\" href='https:\/\/twitter.com\/share?text=Gremios%20de%20la%20regi%C3%B3n%20de%20Ays%C3%A9n%20exponen%20ante%20diputados%20necesidad%20de%20aprobar%20proyecto%20de%20ley%20de%20Sistemas%20Medianos&#038;url=https:\/\/radiorevelacionfm.cl\/?p=53940' aria-hidden='false' data-av_icon='\ue8f1' data-av_iconfont='entypo-fontello' title='' data-avia-related-tooltip='Compartir en Twitter' rel=\"noopener\"><span class='avia_hidden_link_text'>Compartir en Twitter<\/span><\/a><\/li><li class='av-share-link av-social-link-whatsapp' ><a target=\"_blank\" aria-label=\"Compartir en Whatsapp\" href='https:\/\/api.whatsapp.com\/send?text=https:\/\/radiorevelacionfm.cl\/?p=53940' aria-hidden='false' data-av_icon='\uf232' data-av_iconfont='entypo-fontello' title='' data-avia-related-tooltip='Compartir en Whatsapp' rel=\"noopener\"><span class='avia_hidden_link_text'>Compartir en Whatsapp<\/span><\/a><\/li><li class='av-share-link av-social-link-linkedin' ><a target=\"_blank\" aria-label=\"Compartir en LinkedIn\" href='https:\/\/linkedin.com\/shareArticle?mini=true&#038;title=Gremios%20de%20la%20regi%C3%B3n%20de%20Ays%C3%A9n%20exponen%20ante%20diputados%20necesidad%20de%20aprobar%20proyecto%20de%20ley%20de%20Sistemas%20Medianos&#038;url=https:\/\/radiorevelacionfm.cl\/?p=53940' aria-hidden='false' data-av_icon='\ue8fc' data-av_iconfont='entypo-fontello' title='' data-avia-related-tooltip='Compartir en LinkedIn' rel=\"noopener\"><span class='avia_hidden_link_text'>Compartir en LinkedIn<\/span><\/a><\/li><li class='av-share-link av-social-link-mail' ><a  aria-label=\"Compartir por correo\" href='mailto:?subject=Gremios%20de%20la%20regi%C3%B3n%20de%20Ays%C3%A9n%20exponen%20ante%20diputados%20necesidad%20de%20aprobar%20proyecto%20de%20ley%20de%20Sistemas%20Medianos&#038;body=https:\/\/radiorevelacionfm.cl\/?p=53940' aria-hidden='false' data-av_icon='\ue805' data-av_iconfont='entypo-fontello' title='' data-avia-related-tooltip='Compartir por correo'><span class='avia_hidden_link_text'>Compartir por correo<\/span><\/a><\/li><\/ul><\/div><\/div>\n<div  style='height:50px' class='hr hr-invisible   avia-builder-el-8  el_after_av_social_share  el_before_av_comments_list '><span class='hr-inner ' ><span class='hr-inner-style'><\/span><\/span><\/div>\n<div  class='av-buildercomment  av-blog-meta-html-info-disabled av-blog-meta-tag-disabled  '><\/div>\n","protected":false},"excerpt":{"rendered":"","protected":false},"author":1,"featured_media":53941,"comment_status":"closed","ping_status":"closed","sticky":false,"template":"","format":"standard","meta":{"footnotes":""},"categories":[38],"tags":[],"class_list":["post-53940","post","type-post","status-publish","format-standard","has-post-thumbnail","hentry","category-regional"],"jetpack_featured_media_url":"https:\/\/radiorevelacionfm.cl\/wp-content\/uploads\/2025\/05\/Carlos-Diaz-y-Pablo-Carrasco-comision-de-mineria-y-Energia-Camara-de-Diputados-1-1.jpg","_links":{"self":[{"href":"https:\/\/radiorevelacionfm.cl\/index.php?rest_route=\/wp\/v2\/posts\/53940","targetHints":{"allow":["GET"]}}],"collection":[{"href":"https:\/\/radiorevelacionfm.cl\/index.php?rest_route=\/wp\/v2\/posts"}],"about":[{"href":"https:\/\/radiorevelacionfm.cl\/index.php?rest_route=\/wp\/v2\/types\/post"}],"author":[{"embeddable":true,"href":"https:\/\/radiorevelacionfm.cl\/index.php?rest_route=\/wp\/v2\/users\/1"}],"replies":[{"embeddable":true,"href":"https:\/\/radiorevelacionfm.cl\/index.php?rest_route=%2Fwp%2Fv2%2Fcomments&post=53940"}],"version-history":[{"count":2,"href":"https:\/\/radiorevelacionfm.cl\/index.php?rest_route=\/wp\/v2\/posts\/53940\/revisions"}],"predecessor-version":[{"id":53945,"href":"https:\/\/radiorevelacionfm.cl\/index.php?rest_route=\/wp\/v2\/posts\/53940\/revisions\/53945"}],"wp:featuredmedia":[{"embeddable":true,"href":"https:\/\/radiorevelacionfm.cl\/index.php?rest_route=\/wp\/v2\/media\/53941"}],"wp:attachment":[{"href":"https:\/\/radiorevelacionfm.cl\/index.php?rest_route=%2Fwp%2Fv2%2Fmedia&parent=53940"}],"wp:term":[{"taxonomy":"category","embeddable":true,"href":"https:\/\/radiorevelacionfm.cl\/index.php?rest_route=%2Fwp%2Fv2%2Fcategories&post=53940"},{"taxonomy":"post_tag","embeddable":true,"href":"https:\/\/radiorevelacionfm.cl\/index.php?rest_route=%2Fwp%2Fv2%2Ftags&post=53940"}],"curies":[{"name":"wp","href":"https:\/\/api.w.org\/{rel}","templated":true}]}}