{"id":53933,"date":"2025-05-15T12:00:34","date_gmt":"2025-05-15T15:00:34","guid":{"rendered":"https:\/\/radiorevelacionfm.cl\/?p=53933"},"modified":"2025-05-15T12:02:57","modified_gmt":"2025-05-15T15:02:57","slug":"pdi-capacita-a-mas-de-40-carabineros-en-control-fronterizo","status":"publish","type":"post","link":"https:\/\/radiorevelacionfm.cl\/?p=53933","title":{"rendered":"PDI capacita a m\u00e1s de 40 Carabineros en control fronterizo"},"content":{"rendered":"<div class=\"flex_column av_one_full  flex_column_div av-zero-column-padding first  avia-builder-el-0  el_before_av_one_full  avia-builder-el-first  \" style='border-radius:0px; '><div  class='avia-image-container  av-styling-    avia-builder-el-1  avia-builder-el-no-sibling  avia-align-center '  itemprop=\"image\" itemscope=\"itemscope\" itemtype=\"https:\/\/schema.org\/ImageObject\"  ><div class='avia-image-container-inner'><div class='avia-image-overlay-wrap'><img decoding=\"async\" class='wp-image-53934 avia-img-lazy-loading-not-53934 avia_image' src=\"https:\/\/radiorevelacionfm.cl\/wp-content\/uploads\/2025\/05\/img_3262-1_optimized.jpg\" alt='' title='img_3262-(1)_optimized' height=\"600\" width=\"1066\"  itemprop=\"thumbnailUrl\" srcset=\"https:\/\/radiorevelacionfm.cl\/wp-content\/uploads\/2025\/05\/img_3262-1_optimized.jpg 1066w, https:\/\/radiorevelacionfm.cl\/wp-content\/uploads\/2025\/05\/img_3262-1_optimized-300x169.jpg 300w, https:\/\/radiorevelacionfm.cl\/wp-content\/uploads\/2025\/05\/img_3262-1_optimized-1030x580.jpg 1030w, https:\/\/radiorevelacionfm.cl\/wp-content\/uploads\/2025\/05\/img_3262-1_optimized-768x432.jpg 768w, https:\/\/radiorevelacionfm.cl\/wp-content\/uploads\/2025\/05\/img_3262-1_optimized-705x397.jpg 705w, https:\/\/radiorevelacionfm.cl\/wp-content\/uploads\/2025\/05\/img_3262-1_optimized-450x253.jpg 450w, https:\/\/radiorevelacionfm.cl\/wp-content\/uploads\/2025\/05\/img_3262-1_optimized-600x338.jpg 600w\" sizes=\"(max-width: 1066px) 100vw, 1066px\" \/><\/div><\/div><\/div><\/div><div class=\"flex_column av_one_full  flex_column_div av-zero-column-padding first  avia-builder-el-2  el_after_av_one_full  el_before_av_one_full  column-top-margin\" style='border-radius:0px; '><section class=\"av_textblock_section \"  itemscope=\"itemscope\" itemtype=\"https:\/\/schema.org\/BlogPosting\" itemprop=\"blogPost\" ><div class='avia_textblock  '   itemprop=\"text\" ><p style=\"text-align: center;\"><strong><span style=\"font-size: 18pt;\">PDI capacita a m\u00e1s de 40 Carabineros en control fronterizo<\/span><\/strong><\/p>\n<div id=\"gtx-trans\" style=\"position: absolute; left: -50px; top: 4.31534px;\">\n<div class=\"gtx-trans-icon\"><\/div>\n<\/div>\n<\/div><\/section><\/div><div class=\"flex_column av_one_full  flex_column_div av-zero-column-padding first  avia-builder-el-4  el_after_av_one_full  el_before_av_hr  column-top-margin\" style='border-radius:0px; '><section class=\"av_textblock_section \"  itemscope=\"itemscope\" itemtype=\"https:\/\/schema.org\/BlogPosting\" itemprop=\"blogPost\" ><div class='avia_textblock  '   itemprop=\"text\" ><p style=\"text-align: justify;\">Durante la ma\u00f1ana de este mi\u00e9rcoles, funcionarios de Carabineros de Chile de toda la Regi\u00f3n de Ays\u00e9n, 11 de forma presencial y 40 v\u00eda telem\u00e1tica, fueron capacitados en diferentes materias migratorias por la t\u00e9cnica Paula Guti\u00e9rrez del Departamento de Migraciones y Polic\u00eda Internacional Coyhaique. La exposici\u00f3n se centr\u00f3 en dificultades y experiencias que han tenido los uniformados en sus pasos fronterizos, como solicitud de documentos, plazos y realizaci\u00f3n de tr\u00e1mites, entre otros. La finalidad de esta capacitaci\u00f3n es entregar un mejor servicio a los viajeros que decidan ingresar o salir de Chile por alguna de las fronteras habilitadas con las que cuenta la regi\u00f3n.<\/p>\n<p style=\"text-align: justify;\">\u201cLo que buscamos es un trabajo mucho m\u00e1s mancomunado, generar sinergia positiva en lo que en definitiva nos re\u00fane, que es la coproducci\u00f3n de seguridad, espec\u00edficamente en el pilar de seguridad migratoria. Es ofrecer a los ciudadanos una mayor seguridad, pero a su vez tratar de alcanzar un mayor grado de expedici\u00f3n en tramitaci\u00f3n de algunos documentos. No olvidemos que ac\u00e1 en la zona tenemos una alta poblaci\u00f3n que es rural y que tiene a veces dificultad en conectarse a internet. Entonces es bueno estar m\u00e1s mancomunados y hacer la expedici\u00f3n m\u00e1s f\u00e1cil para estos ciudadanos. Y en eso el trabajo mancomunado con Carabineros, con el Gobierno, es fundamental. Y por eso estamos ac\u00e1 reunidos, para dar la se\u00f1al de que el Estado est\u00e1 preocupado por el tema migratorio y que estamos dando una se\u00f1al potente, a pesar de que en nuestra Regi\u00f3n de Ays\u00e9n, a lo mejor est\u00e1 bastante alejada de los n\u00facleos urbanos m\u00e1s importantes del pa\u00eds, pero no est\u00e1 ajena de din\u00e1micas delictuales que puedan estar ligadas al control migratorio\u201d, coment\u00f3 el prefecto inspector Javier Valenzuela Riquelme, jefe de la Regi\u00f3n Policial de Ays\u00e9n.<\/p>\n<p style=\"text-align: justify;\">Este tipo de actividades, seg\u00fan el prefecto inspector Valenzuela, se enmarcan dentro del Plan Estrat\u00e9gico 2023-2028 de la Polic\u00eda de Investigaciones de Chile, el cual pone \u00e9nfasis en el control migratorio tanto en las fronteras como al interior de nuestro pa\u00eds. Cabe recordar que la PDI dio el inicio a esta serie de capacitaciones en Villa O\u00b4Higgins durante el mes de marzo.<\/p>\n<p style=\"text-align: justify;\">Por su parte el jefe de la XI Zona de Carabineros Ays\u00e9n, general Eduardo Palma coment\u00f3 que, \u201ces una impronta de nuestro general director, seguir capacitando a nuestros carabineros. Y por eso ac\u00e1 yo tambi\u00e9n agradezco al jefe regional de la PDI, Javier Valenzuela, por haber unido esfuerzos para poder capacitar a nuestros carabineros un tema tan importante. Recordar que, en esta regi\u00f3n, m\u00e1s de la mitad de los pasos fronterizos est\u00e1n a cargo de nuestra instituci\u00f3n, por ende, tambi\u00e9n es importante mantenernos actualizados (\u2026) agradecemos el esfuerzo que hace la Polic\u00eda de Investigaciones para poder capacitar a nuestros carabineros en esta materia tan importante que hoy d\u00eda nos afecta como pa\u00eds\u201d.<\/p>\n<p style=\"text-align: justify;\">A la actividad asisti\u00f3 tambi\u00e9n la Seremi de Seguridad P\u00fablica Ruth Vallejos quien agradeci\u00f3 la instancia. \u201cSaludo con especial inter\u00e9s el esfuerzo que est\u00e1n haciendo ambas polic\u00edas por capacitarse y cuidar nuestras fronteras. El inter\u00e9s de este Gobierno, en especial, este tema que es la migraci\u00f3n, que, por cierto, ha levantado mucho la tem\u00e1tica p\u00fablica, mucho el inter\u00e9s de todos, y nosotros, como Ays\u00e9n, somos una regi\u00f3n frontera. En ese sentido, siendo una regi\u00f3n frontera, es tener resguardados los pasos fronterizos con la mayor capacidad, la mayor capacitaci\u00f3n y las mejores polic\u00edas, es una muestra de lo que nosotros queremos lograr. Y en ese sentido, est\u00e1n aqu\u00ed nuestros funcionarios capacit\u00e1ndose para brindar m\u00e1s seguridad en todos los pasos fronterizos de nuestra regi\u00f3n\u201d, puntualiz\u00f3 la autoridad de gobierno.<\/p>\n<\/div><\/section><\/div><div  style='height:50px' class='hr hr-invisible   avia-builder-el-6  el_after_av_one_full  el_before_av_social_share '><span class='hr-inner ' ><span class='hr-inner-style'><\/span><\/span><\/div><\/p>\n<div  class='av-social-sharing-box  avia-builder-el-7  el_after_av_hr  el_before_av_hr  '><div class='av-share-box'><h5 class='av-share-link-description av-no-toc '>Compartir esta noticia<\/h5><ul class='av-share-box-list noLightbox'><li class='av-share-link av-social-link-facebook' ><a target=\"_blank\" aria-label=\"Compartir en Facebook\" href='https:\/\/www.facebook.com\/sharer.php?u=https:\/\/radiorevelacionfm.cl\/?p=53933&#038;t=PDI%20capacita%20a%20m%C3%A1s%20de%2040%20Carabineros%20en%20control%20fronterizo' aria-hidden='false' data-av_icon='\ue8f3' data-av_iconfont='entypo-fontello' title='' data-avia-related-tooltip='Compartir en Facebook' rel=\"noopener\"><span class='avia_hidden_link_text'>Compartir en Facebook<\/span><\/a><\/li><li class='av-share-link av-social-link-twitter' ><a target=\"_blank\" aria-label=\"Compartir en Twitter\" href='https:\/\/twitter.com\/share?text=PDI%20capacita%20a%20m%C3%A1s%20de%2040%20Carabineros%20en%20control%20fronterizo&#038;url=https:\/\/radiorevelacionfm.cl\/?p=53933' aria-hidden='false' data-av_icon='\ue8f1' data-av_iconfont='entypo-fontello' title='' data-avia-related-tooltip='Compartir en Twitter' rel=\"noopener\"><span class='avia_hidden_link_text'>Compartir en Twitter<\/span><\/a><\/li><li class='av-share-link av-social-link-whatsapp' ><a target=\"_blank\" aria-label=\"Compartir en Whatsapp\" href='https:\/\/api.whatsapp.com\/send?text=https:\/\/radiorevelacionfm.cl\/?p=53933' aria-hidden='false' data-av_icon='\uf232' data-av_iconfont='entypo-fontello' title='' data-avia-related-tooltip='Compartir en Whatsapp' rel=\"noopener\"><span class='avia_hidden_link_text'>Compartir en Whatsapp<\/span><\/a><\/li><li class='av-share-link av-social-link-linkedin' ><a target=\"_blank\" aria-label=\"Compartir en LinkedIn\" href='https:\/\/linkedin.com\/shareArticle?mini=true&#038;title=PDI%20capacita%20a%20m%C3%A1s%20de%2040%20Carabineros%20en%20control%20fronterizo&#038;url=https:\/\/radiorevelacionfm.cl\/?p=53933' aria-hidden='false' data-av_icon='\ue8fc' data-av_iconfont='entypo-fontello' title='' data-avia-related-tooltip='Compartir en LinkedIn' rel=\"noopener\"><span class='avia_hidden_link_text'>Compartir en LinkedIn<\/span><\/a><\/li><li class='av-share-link av-social-link-mail' ><a  aria-label=\"Compartir por correo\" href='mailto:?subject=PDI%20capacita%20a%20m%C3%A1s%20de%2040%20Carabineros%20en%20control%20fronterizo&#038;body=https:\/\/radiorevelacionfm.cl\/?p=53933' aria-hidden='false' data-av_icon='\ue805' data-av_iconfont='entypo-fontello' title='' data-avia-related-tooltip='Compartir por correo'><span class='avia_hidden_link_text'>Compartir por correo<\/span><\/a><\/li><\/ul><\/div><\/div>\n<div  style='height:50px' class='hr hr-invisible   avia-builder-el-8  el_after_av_social_share  el_before_av_comments_list '><span class='hr-inner ' ><span class='hr-inner-style'><\/span><\/span><\/div>\n<div  class='av-buildercomment  av-blog-meta-html-info-disabled av-blog-meta-tag-disabled  '><\/div>\n","protected":false},"excerpt":{"rendered":"","protected":false},"author":1,"featured_media":53934,"comment_status":"closed","ping_status":"closed","sticky":false,"template":"","format":"standard","meta":{"footnotes":""},"categories":[36],"tags":[],"class_list":["post-53933","post","type-post","status-publish","format-standard","has-post-thumbnail","hentry","category-policial"],"jetpack_featured_media_url":"https:\/\/radiorevelacionfm.cl\/wp-content\/uploads\/2025\/05\/img_3262-1_optimized.jpg","_links":{"self":[{"href":"https:\/\/radiorevelacionfm.cl\/index.php?rest_route=\/wp\/v2\/posts\/53933","targetHints":{"allow":["GET"]}}],"collection":[{"href":"https:\/\/radiorevelacionfm.cl\/index.php?rest_route=\/wp\/v2\/posts"}],"about":[{"href":"https:\/\/radiorevelacionfm.cl\/index.php?rest_route=\/wp\/v2\/types\/post"}],"author":[{"embeddable":true,"href":"https:\/\/radiorevelacionfm.cl\/index.php?rest_route=\/wp\/v2\/users\/1"}],"replies":[{"embeddable":true,"href":"https:\/\/radiorevelacionfm.cl\/index.php?rest_route=%2Fwp%2Fv2%2Fcomments&post=53933"}],"version-history":[{"count":2,"href":"https:\/\/radiorevelacionfm.cl\/index.php?rest_route=\/wp\/v2\/posts\/53933\/revisions"}],"predecessor-version":[{"id":53944,"href":"https:\/\/radiorevelacionfm.cl\/index.php?rest_route=\/wp\/v2\/posts\/53933\/revisions\/53944"}],"wp:featuredmedia":[{"embeddable":true,"href":"https:\/\/radiorevelacionfm.cl\/index.php?rest_route=\/wp\/v2\/media\/53934"}],"wp:attachment":[{"href":"https:\/\/radiorevelacionfm.cl\/index.php?rest_route=%2Fwp%2Fv2%2Fmedia&parent=53933"}],"wp:term":[{"taxonomy":"category","embeddable":true,"href":"https:\/\/radiorevelacionfm.cl\/index.php?rest_route=%2Fwp%2Fv2%2Fcategories&post=53933"},{"taxonomy":"post_tag","embeddable":true,"href":"https:\/\/radiorevelacionfm.cl\/index.php?rest_route=%2Fwp%2Fv2%2Ftags&post=53933"}],"curies":[{"name":"wp","href":"https:\/\/api.w.org\/{rel}","templated":true}]}}