{"id":53929,"date":"2025-05-14T18:59:45","date_gmt":"2025-05-14T21:59:45","guid":{"rendered":"https:\/\/radiorevelacionfm.cl\/?p=53929"},"modified":"2025-05-14T18:59:45","modified_gmt":"2025-05-14T21:59:45","slug":"carabineros-junto-a-inspectores-municipales-inician-patrullajes-mixtos-en-sectores-rurales-de-coyhaique","status":"publish","type":"post","link":"https:\/\/radiorevelacionfm.cl\/?p=53929","title":{"rendered":"Carabineros junto a inspectores municipales inician patrullajes mixtos en sectores rurales de Coyhaique"},"content":{"rendered":"<div class=\"flex_column av_one_full  flex_column_div av-zero-column-padding first  avia-builder-el-0  el_before_av_one_full  avia-builder-el-first  \" style='border-radius:0px; '><div  class='avia-image-container  av-styling-    avia-builder-el-1  avia-builder-el-no-sibling  avia-align-center '  itemprop=\"image\" itemscope=\"itemscope\" itemtype=\"https:\/\/schema.org\/ImageObject\"  ><div class='avia-image-container-inner'><div class='avia-image-overlay-wrap'><img decoding=\"async\" class='wp-image-53930 avia-img-lazy-loading-not-53930 avia_image' src=\"https:\/\/radiorevelacionfm.cl\/wp-content\/uploads\/2025\/05\/e5bc45ec-6010-4f43-928b-67127b9e2dba-1-1_optimized-1.jpg\" alt='' title='e5bc45ec-6010-4f43-928b-67127b9e2dba-(1)-(1)_optimized (1)' height=\"600\" width=\"964\"  itemprop=\"thumbnailUrl\" srcset=\"https:\/\/radiorevelacionfm.cl\/wp-content\/uploads\/2025\/05\/e5bc45ec-6010-4f43-928b-67127b9e2dba-1-1_optimized-1.jpg 964w, https:\/\/radiorevelacionfm.cl\/wp-content\/uploads\/2025\/05\/e5bc45ec-6010-4f43-928b-67127b9e2dba-1-1_optimized-1-300x187.jpg 300w, https:\/\/radiorevelacionfm.cl\/wp-content\/uploads\/2025\/05\/e5bc45ec-6010-4f43-928b-67127b9e2dba-1-1_optimized-1-768x478.jpg 768w, https:\/\/radiorevelacionfm.cl\/wp-content\/uploads\/2025\/05\/e5bc45ec-6010-4f43-928b-67127b9e2dba-1-1_optimized-1-705x439.jpg 705w, https:\/\/radiorevelacionfm.cl\/wp-content\/uploads\/2025\/05\/e5bc45ec-6010-4f43-928b-67127b9e2dba-1-1_optimized-1-450x280.jpg 450w, https:\/\/radiorevelacionfm.cl\/wp-content\/uploads\/2025\/05\/e5bc45ec-6010-4f43-928b-67127b9e2dba-1-1_optimized-1-600x373.jpg 600w\" sizes=\"(max-width: 964px) 100vw, 964px\" \/><\/div><\/div><\/div><\/div><div class=\"flex_column av_one_full  flex_column_div av-zero-column-padding first  avia-builder-el-2  el_after_av_one_full  el_before_av_one_full  column-top-margin\" style='border-radius:0px; '><section class=\"av_textblock_section \"  itemscope=\"itemscope\" itemtype=\"https:\/\/schema.org\/BlogPosting\" itemprop=\"blogPost\" ><div class='avia_textblock  '   itemprop=\"text\" ><p style=\"text-align: center;\"><strong><span style=\"font-size: 18pt;\">Carabineros junto a inspectores municipales inician patrullajes mixtos en sectores rurales de Coyhaique<\/span><\/strong><\/p>\n<div id=\"gtx-trans\" style=\"position: absolute; left: -50px; top: 4.31534px;\">\n<div class=\"gtx-trans-icon\"><\/div>\n<\/div>\n<\/div><\/section><\/div><div class=\"flex_column av_one_full  flex_column_div av-zero-column-padding first  avia-builder-el-4  el_after_av_one_full  el_before_av_hr  column-top-margin\" style='border-radius:0px; '><section class=\"av_textblock_section \"  itemscope=\"itemscope\" itemtype=\"https:\/\/schema.org\/BlogPosting\" itemprop=\"blogPost\" ><div class='avia_textblock  '   itemprop=\"text\" ><p dir=\"ltr\" style=\"text-align: justify;\">Los servicios comenzaron junto al Ret\u00e9n El Blanco y se desarrollar\u00e1n en zonas rurales de Balmaceda y Villa Ortega, trabajo que igualmente es coordinado con las juntas de vecinos de cada sector.<\/p>\n<p dir=\"ltr\" style=\"text-align: justify;\">Tras la firma del convenio OS14 entre Carabineros y la Ilustre Municipalidad de Coyhaique el a\u00f1o 2023, se dio inicio a patrullajes mixtos en zonas urbanas, trabajo que a partir del martes 13 del mes de mayo, se extendi\u00f3 a diversos sectores rurales de la comuna, llevando m\u00e1s seguridad y prevenci\u00f3n a la comunidad.<\/p>\n<p dir=\"ltr\" style=\"text-align: justify;\">El Comisario de Coyhaique, Mayor Sebasti\u00e1n Casanueva Casanueva indic\u00f3 que los patrullajes rurales comenzaron con servicios de patrullajes mixtos con Carabineros del Ret\u00e9n El Blanco, los cuales la pr\u00f3xima semana continuar\u00e1n en otros puntos de la comuna con Carabineros de Balmaceda y Villa Ortega, siendo posteriormente aplicado a los diferentes lugares.<\/p>\n<p dir=\"ltr\" style=\"text-align: justify;\">\u00abEsto en primera instancia permite acudir a diferentes procedimientos, descongestionar las Central de Comunicaciones y claramente tener una mayor cercan\u00eda con la ciudadan\u00eda\u00bb, indic\u00f3.<\/p>\n<p dir=\"ltr\" style=\"text-align: justify;\"><strong>Mayor cercan\u00eda con la comunidad<\/strong><\/p>\n<p dir=\"ltr\" style=\"text-align: justify;\">Seg\u00fan detall\u00f3 el Comisario, los servicios desplegados por Carabineros se desarrollan sobre la base del an\u00e1lisis de la focalizaci\u00f3n y georeferenciaci\u00f3n de los lugares donde se ha cometido la mayor cantidad de delitos, tarea a cargo de la Unidad base, que luego es informada a los destacamento y permite el desarrollo de patrullajes focalizados en los lugares que se est\u00e1n viendo afectados por los diferentes il\u00edcitos, como por ejemplo el delito de abigeato.<\/p>\n<p dir=\"ltr\" style=\"text-align: justify;\">\u00abEsto nos permite tener mayor cercan\u00eda y los mismos carabineros se puedan contactar con la v\u00edctimas de abigeato y claramente poder tener mayor informaci\u00f3n para poder entregar al Ministerio P\u00fablico y realizar la persecuci\u00f3n penal\u00bb, acot\u00f3 el Mayor Casanueva.<\/p>\n<p dir=\"ltr\" style=\"text-align: justify;\">\u00abLos servicios se desarrollan con un enfoque integral, en que no s\u00f3lo se fiscaliza la documentaci\u00f3n de los veh\u00edculos, sino tambi\u00e9n el transporte de le\u00f1a, de \u00e1ridos y de ganado, entre otros. Es importante se\u00f1alar que de un control vehicular se pueden sacar m\u00faltiples factores y tipos de fiscalizaciones que dan origen a otro tipo de delitos\u00bb, detall\u00f3.<\/p>\n<p dir=\"ltr\" style=\"text-align: justify;\">Se trata de un convenio en que un inspector municipal a bordo de una patrulla, se refuerza con un carabinero.<\/p>\n<p dir=\"ltr\" style=\"text-align: justify;\">El Jefe de Seguridad P\u00fablica de la I. Municipalidad de Coyhaique, Jorge Risco Zurita, indic\u00f3 que el servicio se desarrollar\u00e1 un d\u00eda determinado en la semana a bordo de patrullas financiadas por el Gobierno Regional, sin que ello implique afectar los servicios regulares desarrollados en Coyhaique, trabajo que ha sido coordinado con las juntas de vecinos de cada sector.<\/p>\n<\/div><\/section><\/div><div  style='height:50px' class='hr hr-invisible   avia-builder-el-6  el_after_av_one_full  el_before_av_social_share '><span class='hr-inner ' ><span class='hr-inner-style'><\/span><\/span><\/div><\/p>\n<div  class='av-social-sharing-box  avia-builder-el-7  el_after_av_hr  el_before_av_hr  '><div class='av-share-box'><h5 class='av-share-link-description av-no-toc '>Compartir esta noticia<\/h5><ul class='av-share-box-list noLightbox'><li class='av-share-link av-social-link-facebook' ><a target=\"_blank\" aria-label=\"Compartir en Facebook\" href='https:\/\/www.facebook.com\/sharer.php?u=https:\/\/radiorevelacionfm.cl\/?p=53929&#038;t=Carabineros%20junto%20a%20inspectores%20municipales%20inician%20patrullajes%20mixtos%20en%20sectores%20rurales%20de%20Coyhaique' aria-hidden='false' data-av_icon='\ue8f3' data-av_iconfont='entypo-fontello' title='' data-avia-related-tooltip='Compartir en Facebook' rel=\"noopener\"><span class='avia_hidden_link_text'>Compartir en Facebook<\/span><\/a><\/li><li class='av-share-link av-social-link-twitter' ><a target=\"_blank\" aria-label=\"Compartir en Twitter\" href='https:\/\/twitter.com\/share?text=Carabineros%20junto%20a%20inspectores%20municipales%20inician%20patrullajes%20mixtos%20en%20sectores%20rurales%20de%20Coyhaique&#038;url=https:\/\/radiorevelacionfm.cl\/?p=53929' aria-hidden='false' data-av_icon='\ue8f1' data-av_iconfont='entypo-fontello' title='' data-avia-related-tooltip='Compartir en Twitter' rel=\"noopener\"><span class='avia_hidden_link_text'>Compartir en Twitter<\/span><\/a><\/li><li class='av-share-link av-social-link-whatsapp' ><a target=\"_blank\" aria-label=\"Compartir en Whatsapp\" href='https:\/\/api.whatsapp.com\/send?text=https:\/\/radiorevelacionfm.cl\/?p=53929' aria-hidden='false' data-av_icon='\uf232' data-av_iconfont='entypo-fontello' title='' data-avia-related-tooltip='Compartir en Whatsapp' rel=\"noopener\"><span class='avia_hidden_link_text'>Compartir en Whatsapp<\/span><\/a><\/li><li class='av-share-link av-social-link-linkedin' ><a target=\"_blank\" aria-label=\"Compartir en LinkedIn\" href='https:\/\/linkedin.com\/shareArticle?mini=true&#038;title=Carabineros%20junto%20a%20inspectores%20municipales%20inician%20patrullajes%20mixtos%20en%20sectores%20rurales%20de%20Coyhaique&#038;url=https:\/\/radiorevelacionfm.cl\/?p=53929' aria-hidden='false' data-av_icon='\ue8fc' data-av_iconfont='entypo-fontello' title='' data-avia-related-tooltip='Compartir en LinkedIn' rel=\"noopener\"><span class='avia_hidden_link_text'>Compartir en LinkedIn<\/span><\/a><\/li><li class='av-share-link av-social-link-mail' ><a  aria-label=\"Compartir por correo\" href='mailto:?subject=Carabineros%20junto%20a%20inspectores%20municipales%20inician%20patrullajes%20mixtos%20en%20sectores%20rurales%20de%20Coyhaique&#038;body=https:\/\/radiorevelacionfm.cl\/?p=53929' aria-hidden='false' data-av_icon='\ue805' data-av_iconfont='entypo-fontello' title='' data-avia-related-tooltip='Compartir por correo'><span class='avia_hidden_link_text'>Compartir por correo<\/span><\/a><\/li><\/ul><\/div><\/div>\n<div  style='height:50px' class='hr hr-invisible   avia-builder-el-8  el_after_av_social_share  el_before_av_comments_list '><span class='hr-inner ' ><span class='hr-inner-style'><\/span><\/span><\/div>\n<div  class='av-buildercomment  av-blog-meta-html-info-disabled av-blog-meta-tag-disabled  '><\/div>\n","protected":false},"excerpt":{"rendered":"","protected":false},"author":1,"featured_media":53930,"comment_status":"closed","ping_status":"closed","sticky":false,"template":"","format":"standard","meta":{"footnotes":""},"categories":[36],"tags":[],"class_list":["post-53929","post","type-post","status-publish","format-standard","has-post-thumbnail","hentry","category-policial"],"jetpack_featured_media_url":"https:\/\/radiorevelacionfm.cl\/wp-content\/uploads\/2025\/05\/e5bc45ec-6010-4f43-928b-67127b9e2dba-1-1_optimized-1.jpg","_links":{"self":[{"href":"https:\/\/radiorevelacionfm.cl\/index.php?rest_route=\/wp\/v2\/posts\/53929","targetHints":{"allow":["GET"]}}],"collection":[{"href":"https:\/\/radiorevelacionfm.cl\/index.php?rest_route=\/wp\/v2\/posts"}],"about":[{"href":"https:\/\/radiorevelacionfm.cl\/index.php?rest_route=\/wp\/v2\/types\/post"}],"author":[{"embeddable":true,"href":"https:\/\/radiorevelacionfm.cl\/index.php?rest_route=\/wp\/v2\/users\/1"}],"replies":[{"embeddable":true,"href":"https:\/\/radiorevelacionfm.cl\/index.php?rest_route=%2Fwp%2Fv2%2Fcomments&post=53929"}],"version-history":[{"count":2,"href":"https:\/\/radiorevelacionfm.cl\/index.php?rest_route=\/wp\/v2\/posts\/53929\/revisions"}],"predecessor-version":[{"id":53932,"href":"https:\/\/radiorevelacionfm.cl\/index.php?rest_route=\/wp\/v2\/posts\/53929\/revisions\/53932"}],"wp:featuredmedia":[{"embeddable":true,"href":"https:\/\/radiorevelacionfm.cl\/index.php?rest_route=\/wp\/v2\/media\/53930"}],"wp:attachment":[{"href":"https:\/\/radiorevelacionfm.cl\/index.php?rest_route=%2Fwp%2Fv2%2Fmedia&parent=53929"}],"wp:term":[{"taxonomy":"category","embeddable":true,"href":"https:\/\/radiorevelacionfm.cl\/index.php?rest_route=%2Fwp%2Fv2%2Fcategories&post=53929"},{"taxonomy":"post_tag","embeddable":true,"href":"https:\/\/radiorevelacionfm.cl\/index.php?rest_route=%2Fwp%2Fv2%2Ftags&post=53929"}],"curies":[{"name":"wp","href":"https:\/\/api.w.org\/{rel}","templated":true}]}}