{"id":53922,"date":"2025-05-14T18:43:03","date_gmt":"2025-05-14T21:43:03","guid":{"rendered":"https:\/\/radiorevelacionfm.cl\/?p=53922"},"modified":"2025-05-14T18:43:03","modified_gmt":"2025-05-14T21:43:03","slug":"diputados-de-la-zona-sur-austral-solicitan-extender-y-aumentar-monto-del-subsidio-electrico","status":"publish","type":"post","link":"https:\/\/radiorevelacionfm.cl\/?p=53922","title":{"rendered":"Diputados de la zona sur austral solicitan extender y aumentar monto del subsidio el\u00e9ctrico"},"content":{"rendered":"<div class=\"flex_column av_one_full  flex_column_div av-zero-column-padding first  avia-builder-el-0  el_before_av_one_full  avia-builder-el-first  \" style='border-radius:0px; '><div  class='avia-image-container  av-styling-    avia-builder-el-1  avia-builder-el-no-sibling  avia-align-center '  itemprop=\"image\" itemscope=\"itemscope\" itemtype=\"https:\/\/schema.org\/ImageObject\"  ><div class='avia-image-container-inner'><div class='avia-image-overlay-wrap'><img decoding=\"async\" class='wp-image-53923 avia-img-lazy-loading-not-53923 avia_image' src=\"https:\/\/radiorevelacionfm.cl\/wp-content\/uploads\/2025\/05\/Diputados-Zona-Sur-1-1.jpeg\" alt='' title='Diputados Zona Sur (1) (1)' height=\"600\" width=\"900\"  itemprop=\"thumbnailUrl\" srcset=\"https:\/\/radiorevelacionfm.cl\/wp-content\/uploads\/2025\/05\/Diputados-Zona-Sur-1-1.jpeg 900w, https:\/\/radiorevelacionfm.cl\/wp-content\/uploads\/2025\/05\/Diputados-Zona-Sur-1-1-300x200.jpeg 300w, https:\/\/radiorevelacionfm.cl\/wp-content\/uploads\/2025\/05\/Diputados-Zona-Sur-1-1-768x512.jpeg 768w, https:\/\/radiorevelacionfm.cl\/wp-content\/uploads\/2025\/05\/Diputados-Zona-Sur-1-1-705x470.jpeg 705w, https:\/\/radiorevelacionfm.cl\/wp-content\/uploads\/2025\/05\/Diputados-Zona-Sur-1-1-450x300.jpeg 450w, https:\/\/radiorevelacionfm.cl\/wp-content\/uploads\/2025\/05\/Diputados-Zona-Sur-1-1-600x400.jpeg 600w\" sizes=\"(max-width: 900px) 100vw, 900px\" \/><\/div><\/div><\/div><\/div><div class=\"flex_column av_one_full  flex_column_div av-zero-column-padding first  avia-builder-el-2  el_after_av_one_full  el_before_av_one_full  column-top-margin\" style='border-radius:0px; '><section class=\"av_textblock_section \"  itemscope=\"itemscope\" itemtype=\"https:\/\/schema.org\/BlogPosting\" itemprop=\"blogPost\" ><div class='avia_textblock  '   itemprop=\"text\" ><p style=\"text-align: center;\"><strong><span style=\"font-size: 18pt;\">Diputados de la zona sur austral solicitan extender y aumentar monto del subsidio el\u00e9ctrico<\/span><\/strong><\/p>\n<div id=\"gtx-trans\" style=\"position: absolute; left: -50px; top: 4.31534px;\">\n<div class=\"gtx-trans-icon\"><\/div>\n<\/div>\n<\/div><\/section><\/div><div class=\"flex_column av_one_full  flex_column_div av-zero-column-padding first  avia-builder-el-4  el_after_av_one_full  el_before_av_hr  column-top-margin\" style='border-radius:0px; '><section class=\"av_textblock_section \"  itemscope=\"itemscope\" itemtype=\"https:\/\/schema.org\/BlogPosting\" itemprop=\"blogPost\" ><div class='avia_textblock  '   itemprop=\"text\" ><p style=\"text-align: justify;\"><em>Los parlamentarios demandan que el Senado y el Ejecutivo prioricen la cobertura energ\u00e9tica en zonas aisladas como Los Lagos y Ays\u00e9n.<\/em><\/p>\n<p style=\"text-align: justify;\">Los diputados de oposici\u00f3n Mauro Gonz\u00e1lez (RN), representante de la regi\u00f3n de Los Lagos, y Marcia Raphael (RN), de la regi\u00f3n de Ays\u00e9n, instaron al Senado y al Ejecutivo a acelerar la aprobaci\u00f3n del proyecto que ampl\u00eda el subsidio el\u00e9ctrico. La propuesta, que busca extender la cobertura de 1,8 millones a 4,7 millones de hogares, es clave para las regiones m\u00e1s extremas del pa\u00eds, donde los altos costos energ\u00e9ticos afectan directamente la calidad de vida.<\/p>\n<p style=\"text-align: justify;\">\u00abEn Los Lagos, las familias enfrentan desaf\u00edos energ\u00e9ticos que van m\u00e1s all\u00e1 de la comodidad; es una cuesti\u00f3n de sobrevivencia. Este subsidio puede ser la soluci\u00f3n para miles de hogares que lidian con tarifas desproporcionadas en medio de condiciones clim\u00e1ticas adversas\u00bb, se\u00f1al\u00f3 el diputado Mauro Gonz\u00e1lez, haciendo un llamado a la responsabilidad legislativa.<\/p>\n<p style=\"text-align: justify;\">En esa l\u00ednea, el legislador agreg\u00f3: \u00abNo podemos permitir que las regiones extremas sigan siendo postergadas. Este proyecto debe ser una prioridad y no solo una promesa. Insto al Senado y al Ejecutivo a garantizar que esta iniciativa avance r\u00e1pidamente en beneficio de quienes m\u00e1s lo necesitan\u00bb.<\/p>\n<p style=\"text-align: justify;\">Por su parte, la diputada Marcia Raphael enfatiz\u00f3 la cr\u00edtica situaci\u00f3n de su regi\u00f3n y lo crucial para el desarrollo de esta la extensi\u00f3n de los beneficios estatales.<\/p>\n<p style=\"text-align: justify;\">\u00abEn Ays\u00e9n, el alto costo de la energ\u00eda limita el desarrollo de nuestras comunidades. Es inaceptable que en pleno siglo XXI existan hogares que deben elegir entre pagar por la electricidad o cubrir otras necesidades b\u00e1sicas\u00bb, sostuvo Raphael, resaltando la urgencia de la medida.<\/p>\n<p style=\"text-align: justify;\">Adem\u00e1s, la parlamentaria indic\u00f3: \u00abEste subsidio no es un lujo, es una herramienta esencial para garantizar la equidad territorial. La discusi\u00f3n inmediata debe ser una se\u00f1al clara de que las regiones extremas importan y no ser\u00e1n olvidadas por el centralismo\u00bb.<\/p>\n<p style=\"text-align: justify;\">Ambos legisladores reiteraron la importancia de que el Senado d\u00e9 prioridad al proyecto, para que esta pol\u00edtica p\u00fablica beneficie a las zonas m\u00e1s aisladas del pa\u00eds.<\/p>\n<\/div><\/section><\/div><div  style='height:50px' class='hr hr-invisible   avia-builder-el-6  el_after_av_one_full  el_before_av_social_share '><span class='hr-inner ' ><span class='hr-inner-style'><\/span><\/span><\/div><\/p>\n<div  class='av-social-sharing-box  avia-builder-el-7  el_after_av_hr  el_before_av_hr  '><div class='av-share-box'><h5 class='av-share-link-description av-no-toc '>Compartir esta noticia<\/h5><ul class='av-share-box-list noLightbox'><li class='av-share-link av-social-link-facebook' ><a target=\"_blank\" aria-label=\"Compartir en Facebook\" href='https:\/\/www.facebook.com\/sharer.php?u=https:\/\/radiorevelacionfm.cl\/?p=53922&#038;t=Diputados%20de%20la%20zona%20sur%20austral%20solicitan%20extender%20y%20aumentar%20monto%20del%20subsidio%20el%C3%A9ctrico' aria-hidden='false' data-av_icon='\ue8f3' data-av_iconfont='entypo-fontello' title='' data-avia-related-tooltip='Compartir en Facebook' rel=\"noopener\"><span class='avia_hidden_link_text'>Compartir en Facebook<\/span><\/a><\/li><li class='av-share-link av-social-link-twitter' ><a target=\"_blank\" aria-label=\"Compartir en Twitter\" href='https:\/\/twitter.com\/share?text=Diputados%20de%20la%20zona%20sur%20austral%20solicitan%20extender%20y%20aumentar%20monto%20del%20subsidio%20el%C3%A9ctrico&#038;url=https:\/\/radiorevelacionfm.cl\/?p=53922' aria-hidden='false' data-av_icon='\ue8f1' data-av_iconfont='entypo-fontello' title='' data-avia-related-tooltip='Compartir en Twitter' rel=\"noopener\"><span class='avia_hidden_link_text'>Compartir en Twitter<\/span><\/a><\/li><li class='av-share-link av-social-link-whatsapp' ><a target=\"_blank\" aria-label=\"Compartir en Whatsapp\" href='https:\/\/api.whatsapp.com\/send?text=https:\/\/radiorevelacionfm.cl\/?p=53922' aria-hidden='false' data-av_icon='\uf232' data-av_iconfont='entypo-fontello' title='' data-avia-related-tooltip='Compartir en Whatsapp' rel=\"noopener\"><span class='avia_hidden_link_text'>Compartir en Whatsapp<\/span><\/a><\/li><li class='av-share-link av-social-link-linkedin' ><a target=\"_blank\" aria-label=\"Compartir en LinkedIn\" href='https:\/\/linkedin.com\/shareArticle?mini=true&#038;title=Diputados%20de%20la%20zona%20sur%20austral%20solicitan%20extender%20y%20aumentar%20monto%20del%20subsidio%20el%C3%A9ctrico&#038;url=https:\/\/radiorevelacionfm.cl\/?p=53922' aria-hidden='false' data-av_icon='\ue8fc' data-av_iconfont='entypo-fontello' title='' data-avia-related-tooltip='Compartir en LinkedIn' rel=\"noopener\"><span class='avia_hidden_link_text'>Compartir en LinkedIn<\/span><\/a><\/li><li class='av-share-link av-social-link-mail' ><a  aria-label=\"Compartir por correo\" href='mailto:?subject=Diputados%20de%20la%20zona%20sur%20austral%20solicitan%20extender%20y%20aumentar%20monto%20del%20subsidio%20el%C3%A9ctrico&#038;body=https:\/\/radiorevelacionfm.cl\/?p=53922' aria-hidden='false' data-av_icon='\ue805' data-av_iconfont='entypo-fontello' title='' data-avia-related-tooltip='Compartir por correo'><span class='avia_hidden_link_text'>Compartir por correo<\/span><\/a><\/li><\/ul><\/div><\/div>\n<div  style='height:50px' class='hr hr-invisible   avia-builder-el-8  el_after_av_social_share  el_before_av_comments_list '><span class='hr-inner ' ><span class='hr-inner-style'><\/span><\/span><\/div>\n<div  class='av-buildercomment  av-blog-meta-html-info-disabled av-blog-meta-tag-disabled  '><\/div>\n","protected":false},"excerpt":{"rendered":"","protected":false},"author":1,"featured_media":53923,"comment_status":"closed","ping_status":"closed","sticky":false,"template":"","format":"standard","meta":{"footnotes":""},"categories":[35],"tags":[],"class_list":["post-53922","post","type-post","status-publish","format-standard","has-post-thumbnail","hentry","category-politica"],"jetpack_featured_media_url":"https:\/\/radiorevelacionfm.cl\/wp-content\/uploads\/2025\/05\/Diputados-Zona-Sur-1-1.jpeg","_links":{"self":[{"href":"https:\/\/radiorevelacionfm.cl\/index.php?rest_route=\/wp\/v2\/posts\/53922","targetHints":{"allow":["GET"]}}],"collection":[{"href":"https:\/\/radiorevelacionfm.cl\/index.php?rest_route=\/wp\/v2\/posts"}],"about":[{"href":"https:\/\/radiorevelacionfm.cl\/index.php?rest_route=\/wp\/v2\/types\/post"}],"author":[{"embeddable":true,"href":"https:\/\/radiorevelacionfm.cl\/index.php?rest_route=\/wp\/v2\/users\/1"}],"replies":[{"embeddable":true,"href":"https:\/\/radiorevelacionfm.cl\/index.php?rest_route=%2Fwp%2Fv2%2Fcomments&post=53922"}],"version-history":[{"count":2,"href":"https:\/\/radiorevelacionfm.cl\/index.php?rest_route=\/wp\/v2\/posts\/53922\/revisions"}],"predecessor-version":[{"id":53928,"href":"https:\/\/radiorevelacionfm.cl\/index.php?rest_route=\/wp\/v2\/posts\/53922\/revisions\/53928"}],"wp:featuredmedia":[{"embeddable":true,"href":"https:\/\/radiorevelacionfm.cl\/index.php?rest_route=\/wp\/v2\/media\/53923"}],"wp:attachment":[{"href":"https:\/\/radiorevelacionfm.cl\/index.php?rest_route=%2Fwp%2Fv2%2Fmedia&parent=53922"}],"wp:term":[{"taxonomy":"category","embeddable":true,"href":"https:\/\/radiorevelacionfm.cl\/index.php?rest_route=%2Fwp%2Fv2%2Fcategories&post=53922"},{"taxonomy":"post_tag","embeddable":true,"href":"https:\/\/radiorevelacionfm.cl\/index.php?rest_route=%2Fwp%2Fv2%2Ftags&post=53922"}],"curies":[{"name":"wp","href":"https:\/\/api.w.org\/{rel}","templated":true}]}}