{"id":53918,"date":"2025-05-15T10:50:29","date_gmt":"2025-05-15T13:50:29","guid":{"rendered":"https:\/\/radiorevelacionfm.cl\/?p=53918"},"modified":"2025-05-15T10:50:29","modified_gmt":"2025-05-15T13:50:29","slug":"agrecach-concreta-vinculos-con-friosur-para-fortalecer-cadena-de-valor-regional","status":"publish","type":"post","link":"https:\/\/radiorevelacionfm.cl\/?p=53918","title":{"rendered":"AGRECACh concreta v\u00ednculos con Fr\u00edoSur para fortalecer cadena de valor regional"},"content":{"rendered":"<div class=\"flex_column av_one_full  flex_column_div av-zero-column-padding first  avia-builder-el-0  el_before_av_one_full  avia-builder-el-first  \" style='border-radius:0px; '><div  class='avia-image-container  av-styling-    avia-builder-el-1  avia-builder-el-no-sibling  avia-align-center '  itemprop=\"image\" itemscope=\"itemscope\" itemtype=\"https:\/\/schema.org\/ImageObject\"  ><div class='avia-image-container-inner'><div class='avia-image-overlay-wrap'><img decoding=\"async\" class='wp-image-53919 avia-img-lazy-loading-not-53919 avia_image' src=\"https:\/\/radiorevelacionfm.cl\/wp-content\/uploads\/2025\/05\/img_5799-1_optimized.jpeg\" alt='' title='img_5799-(1)_optimized' height=\"600\" width=\"800\"  itemprop=\"thumbnailUrl\" srcset=\"https:\/\/radiorevelacionfm.cl\/wp-content\/uploads\/2025\/05\/img_5799-1_optimized.jpeg 800w, https:\/\/radiorevelacionfm.cl\/wp-content\/uploads\/2025\/05\/img_5799-1_optimized-300x225.jpeg 300w, https:\/\/radiorevelacionfm.cl\/wp-content\/uploads\/2025\/05\/img_5799-1_optimized-768x576.jpeg 768w, https:\/\/radiorevelacionfm.cl\/wp-content\/uploads\/2025\/05\/img_5799-1_optimized-705x529.jpeg 705w, https:\/\/radiorevelacionfm.cl\/wp-content\/uploads\/2025\/05\/img_5799-1_optimized-450x338.jpeg 450w, https:\/\/radiorevelacionfm.cl\/wp-content\/uploads\/2025\/05\/img_5799-1_optimized-600x450.jpeg 600w\" sizes=\"(max-width: 800px) 100vw, 800px\" \/><\/div><\/div><\/div><\/div><div class=\"flex_column av_one_full  flex_column_div av-zero-column-padding first  avia-builder-el-2  el_after_av_one_full  el_before_av_one_full  column-top-margin\" style='border-radius:0px; '><section class=\"av_textblock_section \"  itemscope=\"itemscope\" itemtype=\"https:\/\/schema.org\/BlogPosting\" itemprop=\"blogPost\" ><div class='avia_textblock  '   itemprop=\"text\" ><p style=\"text-align: center;\"><strong><span style=\"font-size: 18pt;\">AGRECACh concreta v\u00ednculos con Fr\u00edoSur para fortalecer cadena de valor regional<\/span><\/strong><\/p>\n<div id=\"gtx-trans\" style=\"position: absolute; left: -50px; top: 4.31534px;\">\n<div class=\"gtx-trans-icon\"><\/div>\n<\/div>\n<\/div><\/section><\/div><div class=\"flex_column av_one_full  flex_column_div av-zero-column-padding first  avia-builder-el-4  el_after_av_one_full  el_before_av_hr  column-top-margin\" style='border-radius:0px; '><section class=\"av_textblock_section \"  itemscope=\"itemscope\" itemtype=\"https:\/\/schema.org\/BlogPosting\" itemprop=\"blogPost\" ><div class='avia_textblock  '   itemprop=\"text\" ><p style=\"text-align: justify;\">Con el objetivo de generar v\u00ednculos de colaboraci\u00f3n efectiva entre empresas regionales y el gremio del transporte local, este martes se desarroll\u00f3 una productiva reuni\u00f3n en dependencias de la empresa pesquera Fr\u00edoSur, en Puerto Chacabuco. La instancia fue liderada por el presidente de la Asociaci\u00f3n Gremial de Transportistas Ays\u00e9n-Chacabuco (AGRECACh), Conrado Redlich, junto a dos de sus socios, quienes se reunieron con Pablo Maturana, jefe de Log\u00edstica de la compa\u00f1\u00eda.<\/p>\n<p style=\"text-align: justify;\">La jornada permiti\u00f3 no s\u00f3lo afianzar v\u00ednculos, sino tambi\u00e9n proyectar nuevas oportunidades de desarrollo para las y los transportistas de la regi\u00f3n. \u201cEstas instancias son s\u00faper positivas para poder generar lazos e integraciones con empresas y emprendedores de la misma regi\u00f3n. Creo que hoy d\u00eda somos una regi\u00f3n aislada, y por lo tanto tenemos que trabajar mancomunadamente entre todos para poder desarrollar la regi\u00f3n\u201d, expres\u00f3 Pablo Maturana al cierre del encuentro.<\/p>\n<p style=\"text-align: justify;\">Desde AGRECACh, su presidente valor\u00f3 el espacio de di\u00e1logo y lo posicion\u00f3 como un reflejo del trabajo que ha venido impulsando el gremio desde su creaci\u00f3n: \u201cEstamos saliendo de una reuni\u00f3n muy productiva con Fr\u00edoSur, que reafirma la raz\u00f3n por la que nos conformamos como gremio: que nuestros socios tengan la posibilidad de trabajar. Hoy d\u00eda estamos cumpliendo esa meta. Aunque somos una agrupaci\u00f3n relativamente nueva en la regi\u00f3n, hemos logrado nuestros objetivos y a mediano plazo ya se est\u00e1n viendo los frutos\u201d, se\u00f1al\u00f3 Conrado Redlich.<\/p>\n<p style=\"text-align: justify;\">\u201cHemos logrado que las empresas nos miren, como nosotros lo so\u00f1amos: con gente regional trabajando para el progreso de la misma. Fr\u00edoSur ha sido muy receptivo y, de hecho, ya tenemos socios entregando servicios a la empresa, creando as\u00ed una verdadera cadena de valor para el transporte regional\u201d.<\/p>\n<p style=\"text-align: justify;\">Uno de esos socios es Eduardo Laibe, quien actualmente presta servicios log\u00edsticos a Fr\u00edoSur. Tras la cita, explic\u00f3: \u201cEstoy muy agradecido por esta oportunidad, porque como proveedores locales hoy podemos ofrecer un servicio completo sin que sea necesario recurrir a empresas de otras regiones. Esta reuni\u00f3n demuestra que en Ays\u00e9n contamos con las capacidades y medios para responder a las necesidades de grandes empresas como Fr\u00edoSur, y eso es clave para el desarrollo local\u201d.<\/p>\n<p style=\"text-align: justify;\">La reuni\u00f3n fue tambi\u00e9n una plataforma para proyectar acciones conjuntas a futuro. \u201cEstas son muy buenas oportunidades para establecer l\u00edneas de trabajo entre empresas grandes, emprendimientos y actores regionales. Solo as\u00ed podemos empezar a construir proyectos conjuntos y avanzar\u201d, comentaron los socios asistentes.<\/p>\n<p style=\"text-align: justify;\">AGRECACh contin\u00faa consolid\u00e1ndose como un actor clave en la articulaci\u00f3n territorial, trabajando por visibilizar el rol estrat\u00e9gico del transporte regional y generar condiciones reales para que empresas de Ays\u00e9n apuesten por proveedores locales. La asociaci\u00f3n reitera su compromiso con la integraci\u00f3n log\u00edstica, el desarrollo econ\u00f3mico sostenible y la generaci\u00f3n de oportunidades para sus asociados.<\/p>\n<\/div><\/section><\/div><div  style='height:50px' class='hr hr-invisible   avia-builder-el-6  el_after_av_one_full  el_before_av_social_share '><span class='hr-inner ' ><span class='hr-inner-style'><\/span><\/span><\/div><\/p>\n<div  class='av-social-sharing-box  avia-builder-el-7  el_after_av_hr  el_before_av_hr  '><div class='av-share-box'><h5 class='av-share-link-description av-no-toc '>Compartir esta noticia<\/h5><ul class='av-share-box-list noLightbox'><li class='av-share-link av-social-link-facebook' ><a target=\"_blank\" aria-label=\"Compartir en Facebook\" href='https:\/\/www.facebook.com\/sharer.php?u=https:\/\/radiorevelacionfm.cl\/?p=53918&#038;t=AGRECACh%20concreta%20v%C3%ADnculos%20con%20Fr%C3%ADoSur%20para%20fortalecer%20cadena%20de%20valor%20regional' aria-hidden='false' data-av_icon='\ue8f3' data-av_iconfont='entypo-fontello' title='' data-avia-related-tooltip='Compartir en Facebook' rel=\"noopener\"><span class='avia_hidden_link_text'>Compartir en Facebook<\/span><\/a><\/li><li class='av-share-link av-social-link-twitter' ><a target=\"_blank\" aria-label=\"Compartir en Twitter\" href='https:\/\/twitter.com\/share?text=AGRECACh%20concreta%20v%C3%ADnculos%20con%20Fr%C3%ADoSur%20para%20fortalecer%20cadena%20de%20valor%20regional&#038;url=https:\/\/radiorevelacionfm.cl\/?p=53918' aria-hidden='false' data-av_icon='\ue8f1' data-av_iconfont='entypo-fontello' title='' data-avia-related-tooltip='Compartir en Twitter' rel=\"noopener\"><span class='avia_hidden_link_text'>Compartir en Twitter<\/span><\/a><\/li><li class='av-share-link av-social-link-whatsapp' ><a target=\"_blank\" aria-label=\"Compartir en Whatsapp\" href='https:\/\/api.whatsapp.com\/send?text=https:\/\/radiorevelacionfm.cl\/?p=53918' aria-hidden='false' data-av_icon='\uf232' data-av_iconfont='entypo-fontello' title='' data-avia-related-tooltip='Compartir en Whatsapp' rel=\"noopener\"><span class='avia_hidden_link_text'>Compartir en Whatsapp<\/span><\/a><\/li><li class='av-share-link av-social-link-linkedin' ><a target=\"_blank\" aria-label=\"Compartir en LinkedIn\" href='https:\/\/linkedin.com\/shareArticle?mini=true&#038;title=AGRECACh%20concreta%20v%C3%ADnculos%20con%20Fr%C3%ADoSur%20para%20fortalecer%20cadena%20de%20valor%20regional&#038;url=https:\/\/radiorevelacionfm.cl\/?p=53918' aria-hidden='false' data-av_icon='\ue8fc' data-av_iconfont='entypo-fontello' title='' data-avia-related-tooltip='Compartir en LinkedIn' rel=\"noopener\"><span class='avia_hidden_link_text'>Compartir en LinkedIn<\/span><\/a><\/li><li class='av-share-link av-social-link-mail' ><a  aria-label=\"Compartir por correo\" href='mailto:?subject=AGRECACh%20concreta%20v%C3%ADnculos%20con%20Fr%C3%ADoSur%20para%20fortalecer%20cadena%20de%20valor%20regional&#038;body=https:\/\/radiorevelacionfm.cl\/?p=53918' aria-hidden='false' data-av_icon='\ue805' data-av_iconfont='entypo-fontello' title='' data-avia-related-tooltip='Compartir por correo'><span class='avia_hidden_link_text'>Compartir por correo<\/span><\/a><\/li><\/ul><\/div><\/div>\n<div  style='height:50px' class='hr hr-invisible   avia-builder-el-8  el_after_av_social_share  el_before_av_comments_list '><span class='hr-inner ' ><span class='hr-inner-style'><\/span><\/span><\/div>\n<div  class='av-buildercomment  av-blog-meta-html-info-disabled av-blog-meta-tag-disabled  '><\/div>\n","protected":false},"excerpt":{"rendered":"","protected":false},"author":1,"featured_media":53919,"comment_status":"closed","ping_status":"closed","sticky":false,"template":"","format":"standard","meta":{"footnotes":""},"categories":[38],"tags":[],"class_list":["post-53918","post","type-post","status-publish","format-standard","has-post-thumbnail","hentry","category-regional"],"jetpack_featured_media_url":"https:\/\/radiorevelacionfm.cl\/wp-content\/uploads\/2025\/05\/img_5799-1_optimized.jpeg","_links":{"self":[{"href":"https:\/\/radiorevelacionfm.cl\/index.php?rest_route=\/wp\/v2\/posts\/53918","targetHints":{"allow":["GET"]}}],"collection":[{"href":"https:\/\/radiorevelacionfm.cl\/index.php?rest_route=\/wp\/v2\/posts"}],"about":[{"href":"https:\/\/radiorevelacionfm.cl\/index.php?rest_route=\/wp\/v2\/types\/post"}],"author":[{"embeddable":true,"href":"https:\/\/radiorevelacionfm.cl\/index.php?rest_route=\/wp\/v2\/users\/1"}],"replies":[{"embeddable":true,"href":"https:\/\/radiorevelacionfm.cl\/index.php?rest_route=%2Fwp%2Fv2%2Fcomments&post=53918"}],"version-history":[{"count":2,"href":"https:\/\/radiorevelacionfm.cl\/index.php?rest_route=\/wp\/v2\/posts\/53918\/revisions"}],"predecessor-version":[{"id":53943,"href":"https:\/\/radiorevelacionfm.cl\/index.php?rest_route=\/wp\/v2\/posts\/53918\/revisions\/53943"}],"wp:featuredmedia":[{"embeddable":true,"href":"https:\/\/radiorevelacionfm.cl\/index.php?rest_route=\/wp\/v2\/media\/53919"}],"wp:attachment":[{"href":"https:\/\/radiorevelacionfm.cl\/index.php?rest_route=%2Fwp%2Fv2%2Fmedia&parent=53918"}],"wp:term":[{"taxonomy":"category","embeddable":true,"href":"https:\/\/radiorevelacionfm.cl\/index.php?rest_route=%2Fwp%2Fv2%2Fcategories&post=53918"},{"taxonomy":"post_tag","embeddable":true,"href":"https:\/\/radiorevelacionfm.cl\/index.php?rest_route=%2Fwp%2Fv2%2Ftags&post=53918"}],"curies":[{"name":"wp","href":"https:\/\/api.w.org\/{rel}","templated":true}]}}