{"id":53915,"date":"2025-05-15T10:21:26","date_gmt":"2025-05-15T13:21:26","guid":{"rendered":"https:\/\/radiorevelacionfm.cl\/?p=53915"},"modified":"2025-05-15T10:30:27","modified_gmt":"2025-05-15T13:30:27","slug":"dirigentas-celebran-entrega-de-subsidios-para-el-comite-las-quilas-ii-de-puerto-aysen","status":"publish","type":"post","link":"https:\/\/radiorevelacionfm.cl\/?p=53915","title":{"rendered":"Dirigentas y diputado celebran entrega de subsidios para el comit\u00e9 Las Quilas II de Puerto Ays\u00e9n"},"content":{"rendered":"<div class=\"flex_column av_one_full  flex_column_div av-zero-column-padding first  avia-builder-el-0  el_before_av_one_full  avia-builder-el-first  \" style='border-radius:0px; '><div  class='avia-image-container  av-styling-    avia-builder-el-1  avia-builder-el-no-sibling  avia-align-center '  itemprop=\"image\" itemscope=\"itemscope\" itemtype=\"https:\/\/schema.org\/ImageObject\"  ><div class='avia-image-container-inner'><div class='avia-image-overlay-wrap'><img decoding=\"async\" class='wp-image-53916 avia-img-lazy-loading-not-53916 avia_image' src=\"https:\/\/radiorevelacionfm.cl\/wp-content\/uploads\/2025\/05\/foto-calisto-y-dirigenta-las-quilas-1_optimized.jpg\" alt='' title='foto-calisto-y-dirigenta-las-quilas-(1)_optimized' height=\"600\" width=\"884\"  itemprop=\"thumbnailUrl\" srcset=\"https:\/\/radiorevelacionfm.cl\/wp-content\/uploads\/2025\/05\/foto-calisto-y-dirigenta-las-quilas-1_optimized.jpg 884w, https:\/\/radiorevelacionfm.cl\/wp-content\/uploads\/2025\/05\/foto-calisto-y-dirigenta-las-quilas-1_optimized-300x204.jpg 300w, https:\/\/radiorevelacionfm.cl\/wp-content\/uploads\/2025\/05\/foto-calisto-y-dirigenta-las-quilas-1_optimized-768x521.jpg 768w, https:\/\/radiorevelacionfm.cl\/wp-content\/uploads\/2025\/05\/foto-calisto-y-dirigenta-las-quilas-1_optimized-705x479.jpg 705w, https:\/\/radiorevelacionfm.cl\/wp-content\/uploads\/2025\/05\/foto-calisto-y-dirigenta-las-quilas-1_optimized-450x305.jpg 450w, https:\/\/radiorevelacionfm.cl\/wp-content\/uploads\/2025\/05\/foto-calisto-y-dirigenta-las-quilas-1_optimized-600x407.jpg 600w\" sizes=\"(max-width: 884px) 100vw, 884px\" \/><\/div><\/div><\/div><\/div>\n<div class=\"flex_column av_one_full  flex_column_div av-zero-column-padding first  avia-builder-el-2  el_after_av_one_full  el_before_av_one_full  column-top-margin\" style='border-radius:0px; '><section class=\"av_textblock_section \"  itemscope=\"itemscope\" itemtype=\"https:\/\/schema.org\/BlogPosting\" itemprop=\"blogPost\" ><div class='avia_textblock  '   itemprop=\"text\" ><p style=\"text-align: center;\"><span style=\"font-size: 18pt;\"><b>Dirigentas y diputado celebran entrega de subsidios para el comit\u00e9 Las Quilas II de Puerto Ays\u00e9n<\/b><\/span><\/p>\n<div id=\"gtx-trans\" style=\"position: absolute; left: -50px; top: 4.31534px;\">\n<div class=\"gtx-trans-icon\"><\/div>\n<\/div>\n<\/div><\/section><\/div><div class=\"flex_column av_one_full  flex_column_div av-zero-column-padding first  avia-builder-el-4  el_after_av_one_full  el_before_av_hr  column-top-margin\" style='border-radius:0px; '><section class=\"av_textblock_section \"  itemscope=\"itemscope\" itemtype=\"https:\/\/schema.org\/BlogPosting\" itemprop=\"blogPost\" ><div class='avia_textblock  '   itemprop=\"text\" ><p style=\"font-weight: 400; text-align: justify;\">Las dirigentes del Comit\u00e9 Las Quilas II de Puerto Ays\u00e9n y el diputado Miguel \u00c1ngel Calisto celebraron la entrega de 24 subsidios de vivienda, un hecho que permite acercar a estas familias a concretar el sue\u00f1o de la casa propia, lo que fue resaltado por el legislador quien ha estado apoyando este proyecto desde que comenz\u00f3 en 2017.<\/p>\n<p style=\"font-weight: 400; text-align: justify;\">Seg\u00fan el diputado Miguel \u00c1ngel Calisto, \u201cestamos muy contentos con la entrega de estos subsidios, se entregaron 24, de un total de 94 que ya fueron entregados. Es un paso muy importante para el proyecto habitacional Las Quilas II. Se trata de algo que le cambiar\u00e1 la vida a estas familias de Puerto Ays\u00e9n.<\/p>\n<p style=\"font-weight: 400; text-align: justify;\">\u201cAgradezco que nos hayan considerado y hecho parte de este proyecto habitacional, tal cual como lo hicimos antes tambi\u00e9n con los comit\u00e9s Rucamew, El Canelo, Uni\u00f3n Verdad y Justicia, El Nogal y Llave So\u00f1ada, Calafate, Sue\u00f1o Patagona, Amuy\u00e9n 1, Amuy\u00e9n 2, Villa Cordillera, Villa Cerro Cord\u00f3n, muchos proyectos habitacionales muy importantes en Puerto Ays\u00e9n que hoy d\u00eda se han concretado y ya tienen sus casas\u201d.<\/p>\n<p style=\"font-weight: 400; text-align: justify;\">Con respecto a otros proyectos, el diputado se\u00f1al\u00f3 que \u201clo mismo hemos hecho tambi\u00e9n en Villa Ays\u00e9n, en Villa Chilo\u00e9, en otros sectores en los cuales hemos ido trabajando. Por lo tanto, feliz de poder participar de estos procesos de viviendas sociales y que le cambien la vida definitivamente a nuestras familias. Esperamos lo mismo para Chile Chico prontamente con los proyectos de Rucant\u00fa, Viento Patag\u00f3n, Sue\u00f1os del Chelenko, y tambi\u00e9n la Chacra G1 en Coyhaique, que est\u00e1 con un avance bastante considerado. Y por supuesto la Chacra 40, con tres comit\u00e9s, 380 familias que tambi\u00e9n est\u00e1n a la espera de sus viviendas. As\u00ed que muy contento y sobre todo yo creo que tenemos que seguir focalizando recursos para mejoramiento y compra de terrenos, y para subsidio habitacional\u201d.<\/p>\n<p style=\"font-weight: 400; text-align: justify;\">Por su parte, Liliana Pe\u00f1a, representante legal del proyecto Las Quilas, \u201cnos encontramos aqu\u00ed con la entrega de 25 subsidios que van a estar incorporando nuestro proyecto, as\u00ed que yo me encuentro contenta, feliz, porque ya nos est\u00e1 quedando s\u00faper poco para iniciar las obras en este proyecto que se inici\u00f3 el a\u00f1o 2017. Como representante legal obviamente hay una felicidad, un orgullo porque la gente conf\u00eda plenamente en que los representa. As\u00ed que yo de mi parte contenta por poder darle a estas familias hoy en d\u00eda la alegr\u00eda de estar recibiendo su subsidio\u201d.<\/p>\n<p style=\"font-weight: 400; text-align: justify;\">\u201cDar las gracias tambi\u00e9n al diputado Calisto, que \u00e9l desde un inicio, cuando comenzamos con este proyecto siempre nos ha estado apoyando. Hoy en d\u00eda no pudo estar presente porque obviamente tiene sus trabajos en Santiago, as\u00ed que darle las gracias formalmente. Me hubiese gustado haberlo dado personalmente, pero por temas de trabajo no se cuenta\u201d, indic\u00f3 la dirigenta.<\/p>\n<p style=\"font-weight: 400; text-align: justify;\">Finalmente, Sara Valdivia, Presidenta del Comit\u00e9 de Vivienda Las Quilas II, asegur\u00f3 que \u201ceste comit\u00e9 comenz\u00f3 en 2017, quiero agradecerle en este momento muy especial, donde ha sido una entrega importante de subsidios para una lista de espera que ten\u00edamos en el proyecto, y quiero agradecerle al diputado Miguel \u00c1ngel Calisto, que ha sido 100% positivo en este grupo, donde nos ha apoyado, donde nos ha gestionado reuniones, donde se ha preocupado de audiencias desde que \u00e9l est\u00e1 como diputado de la Regi\u00f3n\u201d.<\/p>\n<\/div><\/section><\/div><\/p>\n<div  style='height:50px' class='hr hr-invisible   avia-builder-el-6  el_after_av_one_full  el_before_av_social_share '><span class='hr-inner ' ><span class='hr-inner-style'><\/span><\/span><\/div>\n<div  class='av-social-sharing-box  avia-builder-el-7  el_after_av_hr  el_before_av_hr  '><div class='av-share-box'><h5 class='av-share-link-description av-no-toc '>Compartir esta noticia<\/h5><ul class='av-share-box-list noLightbox'><li class='av-share-link av-social-link-facebook' ><a target=\"_blank\" aria-label=\"Compartir en Facebook\" href='https:\/\/www.facebook.com\/sharer.php?u=https:\/\/radiorevelacionfm.cl\/?p=53915&#038;t=Dirigentas%20y%20diputado%20celebran%20entrega%20de%20subsidios%20para%20el%20comit%C3%A9%20Las%20Quilas%20II%20de%20Puerto%20Ays%C3%A9n' aria-hidden='false' data-av_icon='\ue8f3' data-av_iconfont='entypo-fontello' title='' data-avia-related-tooltip='Compartir en Facebook' rel=\"noopener\"><span class='avia_hidden_link_text'>Compartir en Facebook<\/span><\/a><\/li><li class='av-share-link av-social-link-twitter' ><a target=\"_blank\" aria-label=\"Compartir en Twitter\" href='https:\/\/twitter.com\/share?text=Dirigentas%20y%20diputado%20celebran%20entrega%20de%20subsidios%20para%20el%20comit%C3%A9%20Las%20Quilas%20II%20de%20Puerto%20Ays%C3%A9n&#038;url=https:\/\/radiorevelacionfm.cl\/?p=53915' aria-hidden='false' data-av_icon='\ue8f1' data-av_iconfont='entypo-fontello' title='' data-avia-related-tooltip='Compartir en Twitter' rel=\"noopener\"><span class='avia_hidden_link_text'>Compartir en Twitter<\/span><\/a><\/li><li class='av-share-link av-social-link-whatsapp' ><a target=\"_blank\" aria-label=\"Compartir en Whatsapp\" href='https:\/\/api.whatsapp.com\/send?text=https:\/\/radiorevelacionfm.cl\/?p=53915' aria-hidden='false' data-av_icon='\uf232' data-av_iconfont='entypo-fontello' title='' data-avia-related-tooltip='Compartir en Whatsapp' rel=\"noopener\"><span class='avia_hidden_link_text'>Compartir en Whatsapp<\/span><\/a><\/li><li class='av-share-link av-social-link-linkedin' ><a target=\"_blank\" aria-label=\"Compartir en LinkedIn\" href='https:\/\/linkedin.com\/shareArticle?mini=true&#038;title=Dirigentas%20y%20diputado%20celebran%20entrega%20de%20subsidios%20para%20el%20comit%C3%A9%20Las%20Quilas%20II%20de%20Puerto%20Ays%C3%A9n&#038;url=https:\/\/radiorevelacionfm.cl\/?p=53915' aria-hidden='false' data-av_icon='\ue8fc' data-av_iconfont='entypo-fontello' title='' data-avia-related-tooltip='Compartir en LinkedIn' rel=\"noopener\"><span class='avia_hidden_link_text'>Compartir en LinkedIn<\/span><\/a><\/li><li class='av-share-link av-social-link-mail' ><a  aria-label=\"Compartir por correo\" href='mailto:?subject=Dirigentas%20y%20diputado%20celebran%20entrega%20de%20subsidios%20para%20el%20comit%C3%A9%20Las%20Quilas%20II%20de%20Puerto%20Ays%C3%A9n&#038;body=https:\/\/radiorevelacionfm.cl\/?p=53915' aria-hidden='false' data-av_icon='\ue805' data-av_iconfont='entypo-fontello' title='' data-avia-related-tooltip='Compartir por correo'><span class='avia_hidden_link_text'>Compartir por correo<\/span><\/a><\/li><\/ul><\/div><\/div>\n<div  style='height:50px' class='hr hr-invisible   avia-builder-el-8  el_after_av_social_share  el_before_av_comments_list '><span class='hr-inner ' ><span class='hr-inner-style'><\/span><\/span><\/div>\n<div  class='av-buildercomment  av-blog-meta-html-info-disabled av-blog-meta-tag-disabled  '><\/div>\n","protected":false},"excerpt":{"rendered":"","protected":false},"author":1,"featured_media":53916,"comment_status":"closed","ping_status":"closed","sticky":false,"template":"","format":"standard","meta":{"footnotes":""},"categories":[38],"tags":[],"class_list":["post-53915","post","type-post","status-publish","format-standard","has-post-thumbnail","hentry","category-regional"],"jetpack_featured_media_url":"https:\/\/radiorevelacionfm.cl\/wp-content\/uploads\/2025\/05\/foto-calisto-y-dirigenta-las-quilas-1_optimized.jpg","_links":{"self":[{"href":"https:\/\/radiorevelacionfm.cl\/index.php?rest_route=\/wp\/v2\/posts\/53915","targetHints":{"allow":["GET"]}}],"collection":[{"href":"https:\/\/radiorevelacionfm.cl\/index.php?rest_route=\/wp\/v2\/posts"}],"about":[{"href":"https:\/\/radiorevelacionfm.cl\/index.php?rest_route=\/wp\/v2\/types\/post"}],"author":[{"embeddable":true,"href":"https:\/\/radiorevelacionfm.cl\/index.php?rest_route=\/wp\/v2\/users\/1"}],"replies":[{"embeddable":true,"href":"https:\/\/radiorevelacionfm.cl\/index.php?rest_route=%2Fwp%2Fv2%2Fcomments&post=53915"}],"version-history":[{"count":3,"href":"https:\/\/radiorevelacionfm.cl\/index.php?rest_route=\/wp\/v2\/posts\/53915\/revisions"}],"predecessor-version":[{"id":53937,"href":"https:\/\/radiorevelacionfm.cl\/index.php?rest_route=\/wp\/v2\/posts\/53915\/revisions\/53937"}],"wp:featuredmedia":[{"embeddable":true,"href":"https:\/\/radiorevelacionfm.cl\/index.php?rest_route=\/wp\/v2\/media\/53916"}],"wp:attachment":[{"href":"https:\/\/radiorevelacionfm.cl\/index.php?rest_route=%2Fwp%2Fv2%2Fmedia&parent=53915"}],"wp:term":[{"taxonomy":"category","embeddable":true,"href":"https:\/\/radiorevelacionfm.cl\/index.php?rest_route=%2Fwp%2Fv2%2Fcategories&post=53915"},{"taxonomy":"post_tag","embeddable":true,"href":"https:\/\/radiorevelacionfm.cl\/index.php?rest_route=%2Fwp%2Fv2%2Ftags&post=53915"}],"curies":[{"name":"wp","href":"https:\/\/api.w.org\/{rel}","templated":true}]}}