{"id":53905,"date":"2025-05-14T16:33:23","date_gmt":"2025-05-14T19:33:23","guid":{"rendered":"https:\/\/radiorevelacionfm.cl\/?p=53905"},"modified":"2025-05-14T16:33:23","modified_gmt":"2025-05-14T19:33:23","slug":"mas-de-100-nuevos-profesionales-se-titularon-de-la-universidad-de-aysen-en-emotiva-ceremonia","status":"publish","type":"post","link":"https:\/\/radiorevelacionfm.cl\/?p=53905","title":{"rendered":"M\u00e1s de 100 nuevos profesionales se titularon de la Universidad de Ays\u00e9n en emotiva ceremonia"},"content":{"rendered":"<div class=\"flex_column av_one_full  flex_column_div av-zero-column-padding first  avia-builder-el-0  el_before_av_one_full  avia-builder-el-first  \" style='border-radius:0px; '><div  class='avia-image-container  av-styling-    avia-builder-el-1  avia-builder-el-no-sibling  avia-align-center '  itemprop=\"image\" itemscope=\"itemscope\" itemtype=\"https:\/\/schema.org\/ImageObject\"  ><div class='avia-image-container-inner'><div class='avia-image-overlay-wrap'><img decoding=\"async\" class='wp-image-53906 avia-img-lazy-loading-not-53906 avia_image' src=\"https:\/\/radiorevelacionfm.cl\/wp-content\/uploads\/2025\/05\/titulacion8-1_optimized.jpg\" alt='' title='titulacion8-(1)_optimized' height=\"600\" width=\"900\"  itemprop=\"thumbnailUrl\" srcset=\"https:\/\/radiorevelacionfm.cl\/wp-content\/uploads\/2025\/05\/titulacion8-1_optimized.jpg 900w, https:\/\/radiorevelacionfm.cl\/wp-content\/uploads\/2025\/05\/titulacion8-1_optimized-300x200.jpg 300w, https:\/\/radiorevelacionfm.cl\/wp-content\/uploads\/2025\/05\/titulacion8-1_optimized-768x512.jpg 768w, https:\/\/radiorevelacionfm.cl\/wp-content\/uploads\/2025\/05\/titulacion8-1_optimized-705x470.jpg 705w, https:\/\/radiorevelacionfm.cl\/wp-content\/uploads\/2025\/05\/titulacion8-1_optimized-450x300.jpg 450w, https:\/\/radiorevelacionfm.cl\/wp-content\/uploads\/2025\/05\/titulacion8-1_optimized-600x400.jpg 600w\" sizes=\"(max-width: 900px) 100vw, 900px\" \/><\/div><\/div><\/div><\/div><div class=\"flex_column av_one_full  flex_column_div av-zero-column-padding first  avia-builder-el-2  el_after_av_one_full  el_before_av_one_full  column-top-margin\" style='border-radius:0px; '><section class=\"av_textblock_section \"  itemscope=\"itemscope\" itemtype=\"https:\/\/schema.org\/BlogPosting\" itemprop=\"blogPost\" ><div class='avia_textblock  '   itemprop=\"text\" ><p style=\"text-align: center;\"><strong><span style=\"font-size: 18pt;\">M\u00e1s de 100 nuevos profesionales se titularon de la Universidad de Ays\u00e9n en emotiva ceremonia<\/span><\/strong><\/p>\n<div id=\"gtx-trans\" style=\"position: absolute; left: -50px; top: 4.31534px;\">\n<div class=\"gtx-trans-icon\"><\/div>\n<\/div>\n<\/div><\/section><\/div><div class=\"flex_column av_one_full  flex_column_div av-zero-column-padding first  avia-builder-el-4  el_after_av_one_full  el_before_av_hr  column-top-margin\" style='border-radius:0px; '><section class=\"av_textblock_section \"  itemscope=\"itemscope\" itemtype=\"https:\/\/schema.org\/BlogPosting\" itemprop=\"blogPost\" ><div class='avia_textblock  '   itemprop=\"text\" ><p dir=\"ltr\" style=\"text-align: justify;\"><em>La instituci\u00f3n celebr\u00f3 su tercera ceremonia de titulaci\u00f3n con presencia de autoridades, familias y comunidad universitaria.<\/em><\/p>\n<p dir=\"ltr\" style=\"text-align: justify;\">Con una emotiva y significativa ceremonia, la Universidad de Ays\u00e9n entreg\u00f3 sus t\u00edtulos profesionales a m\u00e1s de 100 egresadas y egresados de las carreras de Trabajo Social, Psicolog\u00eda, Enfermer\u00eda, Obstetricia, Ingenier\u00eda Civil Industrial, Ingenier\u00eda Forestal y Agronom\u00eda.<\/p>\n<p dir=\"ltr\" style=\"text-align: justify;\">La jornada, realizada en el Centro de eventos Dreams Coyhaique, cont\u00f3 con la participaci\u00f3n de autoridades universitarias y regionales, familias, acad\u00e9micos y comunidad\u00a0 universitaria. Fue acompa\u00f1ada por la Orquesta profesional de C\u00e1mara de la UAys\u00e9n, financiada por el Ministerio de las Culturas, las Artes y el Patrimonio.<\/p>\n<p dir=\"ltr\" style=\"text-align: justify;\">En la oportunidad, el administrador provisional de la Universidad, Juan Pablo Prieto Cox, expres\u00f3 que, \u00abhoy d\u00eda estamos celebrando el resultado de la tarea principal de nuestra instituci\u00f3n, la titulaci\u00f3n de nuestros egresados y egresadas, en un escenario lindo, muy emocionante, con las familias felices y orgullosas. Nosotros tambi\u00e9n estamos contentos, porque esta es la tercera titulaci\u00f3n de una universidad joven, pero que crece y se fortalece. Vemos aqu\u00ed m\u00e1s de 100 titulados que expresan todo en lo que los hemos apoyado en su formaci\u00f3n, en sus valores, capacidades, que ponen al servicio de esta regi\u00f3n y de todo Chile. As\u00ed que les deseamos a ellos y ellas lo mejor, se lo merecen porque hicieron mucho esfuerzo para llegar a este momento, as\u00ed que muchas felicitaciones a todos y a todas\u00bb, enfatiz\u00f3.<\/p>\n<p dir=\"ltr\" style=\"text-align: justify;\">Entre los nuevos titulados, Mathias Legue, de la carrera de Ingenier\u00eda Forestal, comparti\u00f3 conmovido su alegr\u00eda por este proceso culminado. \u00abLa verdad estoy emocionad\u00edsimo y muy contento de ver a todos mis compa\u00f1eros, que en su momento vi desde el primer d\u00eda en la universidad, y ahora vernos a todos como profesionales. De verdad es como un recuerdo desde ese primer momento que entramos en la universidad y ahora tener este t\u00edtulo en nuestras manos significa much\u00edsimo, no solamente para nosotros, sino para nuestras familias, amigos, pololas, pololos. Significa much\u00edsimo ese cart\u00f3n que acabamos de recibir\u00bb, expres\u00f3.<\/p>\n<p dir=\"ltr\" style=\"text-align: justify;\">Por su parte, Paula Z\u00fa\u00f1iga, oriunda de Puerto Ays\u00e9n y titulada de Trabajo Social, se\u00f1al\u00f3 que \u00abfue una ceremonia hermosa, esperada junto a mi familia, junto a mis compa\u00f1eros. Agradecer a mis profesores porque fueron un pilar s\u00faper fundamental, en realidad todas las personas que nos acompa\u00f1aron durante todos estos a\u00f1os. Estoy contenta, feliz y orgullosa de haber salido de la Universidad de Ays\u00e9n. La verdad es que igual quiero seguir perfeccion\u00e1ndome, ojal\u00e1 que la Universidad tambi\u00e9n nos entregue todas las herramientas para poder seguir aprendiendo m\u00e1s y generando una labor bonita en nuestra regi\u00f3n, porque igual la universidad es una creaci\u00f3n que surge desde una protesta social, y eso tiene otro significado para todos nosotros\u00bb.<\/p>\n<p dir=\"ltr\" style=\"text-align: justify;\">Pedro D\u00edaz, padre de Dana D\u00edaz, nueva ingeniera agr\u00f3noma UAys\u00e9n, manifest\u00f3 que se encuentra \u00abOrgullos\u00edsimo, desde el d\u00eda que entr\u00f3 a la carrera, ver toda su evoluci\u00f3n, acompa\u00f1arla en el proceso, y verlo coronado con esta ceremonia de titulaci\u00f3n me llena de orgullo. Fue bastante importante la posibilidad de que estudiase ac\u00e1, al lado de nosotros, al lado de los pap\u00e1s, que nos permite cuidarla en los momentos dif\u00edciles, cuando est\u00e1 enferma. Estoy muy agradecido por la universidad, por estar ac\u00e1 en Ays\u00e9n. Fue un proceso dif\u00edcil, exigente, y afortunadamente logr\u00f3 sortear toda su carrera sin perder ning\u00fan ramo. M\u00e1s orgulloso todav\u00eda por esa gran posibilidad que me dio mi hija\u00bb.<\/p>\n<p dir=\"ltr\" style=\"text-align: justify;\">La ceremonia culmin\u00f3 con la interpretaci\u00f3n del himno institucional de la UAys\u00e9n por parte de la Orquesta de C\u00e1mara y la Camerata Vocal, y con una recepci\u00f3n para las familias y titulados. Este hito marca la consolidaci\u00f3n de una universidad joven que en agosto de este a\u00f1o cumplir\u00e1 su primera d\u00e9cada de existencia, con diez carreras vigentes y dos nuevas a abrirse en 2026.<\/p>\n<p dir=\"ltr\" style=\"text-align: justify;\">Adem\u00e1s, desde la Universidad de Ays\u00e9n se invita a las y los nuevos profesionales a seguir siendo parte activa de esta comunidad, integr\u00e1ndose a la Red de Tituladas y Titulados UAys\u00e9n, un espacio que fortalece los v\u00ednculos, impulsa el desarrollo profesional continuo y mantiene viva la relaci\u00f3n con su alma mater.<\/p>\n<\/div><\/section><\/div><div  style='height:50px' class='hr hr-invisible   avia-builder-el-6  el_after_av_one_full  el_before_av_social_share '><span class='hr-inner ' ><span class='hr-inner-style'><\/span><\/span><\/div><\/p>\n<div  class='av-social-sharing-box  avia-builder-el-7  el_after_av_hr  el_before_av_hr  '><div class='av-share-box'><h5 class='av-share-link-description av-no-toc '>Compartir esta noticia<\/h5><ul class='av-share-box-list noLightbox'><li class='av-share-link av-social-link-facebook' ><a target=\"_blank\" aria-label=\"Compartir en Facebook\" href='https:\/\/www.facebook.com\/sharer.php?u=https:\/\/radiorevelacionfm.cl\/?p=53905&#038;t=M%C3%A1s%20de%20100%20nuevos%20profesionales%20se%20titularon%20de%20la%20Universidad%20de%20Ays%C3%A9n%20en%20emotiva%20ceremonia' aria-hidden='false' data-av_icon='\ue8f3' data-av_iconfont='entypo-fontello' title='' data-avia-related-tooltip='Compartir en Facebook' rel=\"noopener\"><span class='avia_hidden_link_text'>Compartir en Facebook<\/span><\/a><\/li><li class='av-share-link av-social-link-twitter' ><a target=\"_blank\" aria-label=\"Compartir en Twitter\" href='https:\/\/twitter.com\/share?text=M%C3%A1s%20de%20100%20nuevos%20profesionales%20se%20titularon%20de%20la%20Universidad%20de%20Ays%C3%A9n%20en%20emotiva%20ceremonia&#038;url=https:\/\/radiorevelacionfm.cl\/?p=53905' aria-hidden='false' data-av_icon='\ue8f1' data-av_iconfont='entypo-fontello' title='' data-avia-related-tooltip='Compartir en Twitter' rel=\"noopener\"><span class='avia_hidden_link_text'>Compartir en Twitter<\/span><\/a><\/li><li class='av-share-link av-social-link-whatsapp' ><a target=\"_blank\" aria-label=\"Compartir en Whatsapp\" href='https:\/\/api.whatsapp.com\/send?text=https:\/\/radiorevelacionfm.cl\/?p=53905' aria-hidden='false' data-av_icon='\uf232' data-av_iconfont='entypo-fontello' title='' data-avia-related-tooltip='Compartir en Whatsapp' rel=\"noopener\"><span class='avia_hidden_link_text'>Compartir en Whatsapp<\/span><\/a><\/li><li class='av-share-link av-social-link-linkedin' ><a target=\"_blank\" aria-label=\"Compartir en LinkedIn\" href='https:\/\/linkedin.com\/shareArticle?mini=true&#038;title=M%C3%A1s%20de%20100%20nuevos%20profesionales%20se%20titularon%20de%20la%20Universidad%20de%20Ays%C3%A9n%20en%20emotiva%20ceremonia&#038;url=https:\/\/radiorevelacionfm.cl\/?p=53905' aria-hidden='false' data-av_icon='\ue8fc' data-av_iconfont='entypo-fontello' title='' data-avia-related-tooltip='Compartir en LinkedIn' rel=\"noopener\"><span class='avia_hidden_link_text'>Compartir en LinkedIn<\/span><\/a><\/li><li class='av-share-link av-social-link-mail' ><a  aria-label=\"Compartir por correo\" href='mailto:?subject=M%C3%A1s%20de%20100%20nuevos%20profesionales%20se%20titularon%20de%20la%20Universidad%20de%20Ays%C3%A9n%20en%20emotiva%20ceremonia&#038;body=https:\/\/radiorevelacionfm.cl\/?p=53905' aria-hidden='false' data-av_icon='\ue805' data-av_iconfont='entypo-fontello' title='' data-avia-related-tooltip='Compartir por correo'><span class='avia_hidden_link_text'>Compartir por correo<\/span><\/a><\/li><\/ul><\/div><\/div>\n<div  style='height:50px' class='hr hr-invisible   avia-builder-el-8  el_after_av_social_share  el_before_av_comments_list '><span class='hr-inner ' ><span class='hr-inner-style'><\/span><\/span><\/div>\n<div  class='av-buildercomment  av-blog-meta-html-info-disabled av-blog-meta-tag-disabled  '><\/div>\n","protected":false},"excerpt":{"rendered":"","protected":false},"author":1,"featured_media":53906,"comment_status":"closed","ping_status":"closed","sticky":false,"template":"","format":"standard","meta":{"footnotes":""},"categories":[49],"tags":[],"class_list":["post-53905","post","type-post","status-publish","format-standard","has-post-thumbnail","hentry","category-educacion"],"jetpack_featured_media_url":"https:\/\/radiorevelacionfm.cl\/wp-content\/uploads\/2025\/05\/titulacion8-1_optimized.jpg","_links":{"self":[{"href":"https:\/\/radiorevelacionfm.cl\/index.php?rest_route=\/wp\/v2\/posts\/53905","targetHints":{"allow":["GET"]}}],"collection":[{"href":"https:\/\/radiorevelacionfm.cl\/index.php?rest_route=\/wp\/v2\/posts"}],"about":[{"href":"https:\/\/radiorevelacionfm.cl\/index.php?rest_route=\/wp\/v2\/types\/post"}],"author":[{"embeddable":true,"href":"https:\/\/radiorevelacionfm.cl\/index.php?rest_route=\/wp\/v2\/users\/1"}],"replies":[{"embeddable":true,"href":"https:\/\/radiorevelacionfm.cl\/index.php?rest_route=%2Fwp%2Fv2%2Fcomments&post=53905"}],"version-history":[{"count":2,"href":"https:\/\/radiorevelacionfm.cl\/index.php?rest_route=\/wp\/v2\/posts\/53905\/revisions"}],"predecessor-version":[{"id":53908,"href":"https:\/\/radiorevelacionfm.cl\/index.php?rest_route=\/wp\/v2\/posts\/53905\/revisions\/53908"}],"wp:featuredmedia":[{"embeddable":true,"href":"https:\/\/radiorevelacionfm.cl\/index.php?rest_route=\/wp\/v2\/media\/53906"}],"wp:attachment":[{"href":"https:\/\/radiorevelacionfm.cl\/index.php?rest_route=%2Fwp%2Fv2%2Fmedia&parent=53905"}],"wp:term":[{"taxonomy":"category","embeddable":true,"href":"https:\/\/radiorevelacionfm.cl\/index.php?rest_route=%2Fwp%2Fv2%2Fcategories&post=53905"},{"taxonomy":"post_tag","embeddable":true,"href":"https:\/\/radiorevelacionfm.cl\/index.php?rest_route=%2Fwp%2Fv2%2Ftags&post=53905"}],"curies":[{"name":"wp","href":"https:\/\/api.w.org\/{rel}","templated":true}]}}