{"id":53902,"date":"2025-05-14T21:32:57","date_gmt":"2025-05-15T00:32:57","guid":{"rendered":"https:\/\/radiorevelacionfm.cl\/?p=53902"},"modified":"2025-05-14T21:32:57","modified_gmt":"2025-05-15T00:32:57","slug":"gobierno-constituye-mesa-para-la-seguridad-del-agro-en-la-region-de-aysen","status":"publish","type":"post","link":"https:\/\/radiorevelacionfm.cl\/?p=53902","title":{"rendered":"Gobierno constituye Mesa para la Seguridad del Agro en la regi\u00f3n de Ays\u00e9n"},"content":{"rendered":"<div class=\"flex_column av_one_full  flex_column_div av-zero-column-padding first  avia-builder-el-0  el_before_av_one_full  avia-builder-el-first  \" style='border-radius:0px; '><div  class='avia-image-container  av-styling-    avia-builder-el-1  avia-builder-el-no-sibling  avia-align-center '  itemprop=\"image\" itemscope=\"itemscope\" itemtype=\"https:\/\/schema.org\/ImageObject\"  ><div class='avia-image-container-inner'><div class='avia-image-overlay-wrap'><img decoding=\"async\" class='wp-image-53903 avia-img-lazy-loading-not-53903 avia_image' src=\"https:\/\/radiorevelacionfm.cl\/wp-content\/uploads\/2025\/05\/ganado_aysen01-1-1_optimized-1.jpeg\" alt='' title='ganado_ays\u00e9n01-(1)-(1)_optimized (1)' height=\"635\" width=\"802\"  itemprop=\"thumbnailUrl\" srcset=\"https:\/\/radiorevelacionfm.cl\/wp-content\/uploads\/2025\/05\/ganado_aysen01-1-1_optimized-1.jpeg 802w, https:\/\/radiorevelacionfm.cl\/wp-content\/uploads\/2025\/05\/ganado_aysen01-1-1_optimized-1-300x238.jpeg 300w, https:\/\/radiorevelacionfm.cl\/wp-content\/uploads\/2025\/05\/ganado_aysen01-1-1_optimized-1-768x608.jpeg 768w, https:\/\/radiorevelacionfm.cl\/wp-content\/uploads\/2025\/05\/ganado_aysen01-1-1_optimized-1-705x558.jpeg 705w, https:\/\/radiorevelacionfm.cl\/wp-content\/uploads\/2025\/05\/ganado_aysen01-1-1_optimized-1-450x356.jpeg 450w, https:\/\/radiorevelacionfm.cl\/wp-content\/uploads\/2025\/05\/ganado_aysen01-1-1_optimized-1-600x475.jpeg 600w\" sizes=\"(max-width: 802px) 100vw, 802px\" \/><\/div><\/div><\/div><\/div><div class=\"flex_column av_one_full  flex_column_div av-zero-column-padding first  avia-builder-el-2  el_after_av_one_full  el_before_av_one_full  column-top-margin\" style='border-radius:0px; '><section class=\"av_textblock_section \"  itemscope=\"itemscope\" itemtype=\"https:\/\/schema.org\/BlogPosting\" itemprop=\"blogPost\" ><div class='avia_textblock  '   itemprop=\"text\" ><p style=\"text-align: center;\"><strong><span style=\"font-size: 18pt;\">Gobierno constituye Mesa para la Seguridad del Agro en la regi\u00f3n de Ays\u00e9n<\/span><\/strong><\/p>\n<div id=\"gtx-trans\" style=\"position: absolute; left: -50px; top: 4.31534px;\">\n<div class=\"gtx-trans-icon\"><\/div>\n<\/div>\n<\/div><\/section><\/div><div class=\"flex_column av_one_full  flex_column_div av-zero-column-padding first  avia-builder-el-4  el_after_av_one_full  el_before_av_hr  column-top-margin\" style='border-radius:0px; '><section class=\"av_textblock_section \"  itemscope=\"itemscope\" itemtype=\"https:\/\/schema.org\/BlogPosting\" itemprop=\"blogPost\" ><div class='avia_textblock  '   itemprop=\"text\" ><p style=\"text-align: justify;\"><em>La instancia busca coordinar acciones preventivas y fortalecer la articulaci\u00f3n p\u00fablico-privada frente a situaciones que impactan en la seguridad silvoagropecuaria, especialmente del rubro ganadero.<\/em><\/p>\n<p style=\"text-align: justify;\">Presidida por el delegado Presidencial Regional de Ays\u00e9n, Jorge D\u00edaz Guzm\u00e1n, este mi\u00e9rcoles 14 de mayo se constituy\u00f3 la Mesa de Seguridad del Agro que pone en foco la prevenci\u00f3n, fiscalizaci\u00f3n y persecuci\u00f3n del abigeato, as\u00ed como tambi\u00e9n otros delitos o materias que tienen lugar en \u00e1reas rurales de la regi\u00f3n de Ays\u00e9n.<\/p>\n<p style=\"text-align: justify;\">En la instancia particip\u00f3 el seremi de Agricultura, Eugenio Ruiz Espinoza, junto a su par (I) de Seguridad P\u00fablica, Ruth Vallejos Cuiti\u00f1o; el fiscal regional, Jos\u00e9 Moris Ferrado; directivos regionales de SAG e INDAP; Carabineros de Chile; Polic\u00eda de Investigaciones (PDI), y equipos de las Secretar\u00edas Regionales Ministeriales de Transportes y Salud, entre otros actores.<\/p>\n<p style=\"text-align: justify;\">En palabras del delegado D\u00edaz, \u00abhemos constituido esta Mesa del sector rural para coordinar acciones y fortalecer la colaboraci\u00f3n entre instituciones p\u00fablicas, polic\u00edas, fiscal\u00eda y gremios del agro para enfrentar de manera integral la seguridad p\u00fablica, y hemos puesto el foco en el abigeato. La Fiscal\u00eda, polic\u00edas, el Servicio de Impuestos Internos, Transportes y Salud son parte de las instituciones fundamentales en la seguridad del sector rural\u00bb.<\/p>\n<p style=\"text-align: justify;\">Asimismo, durante la oportunidad el seremi Ruiz insisti\u00f3 en la importancia de mantener la Declaraci\u00f3n de Existencia Animal (DEA) al d\u00eda y detall\u00f3 que \u00abdesde la seremi de Agricultura, a trav\u00e9s de SAG, llevamos varios a\u00f1os trabajando en trazabilidad animal, y toda denuncia que recibimos de manera formal cuenta posteriormente con una visita de funcionarios al sector para su correcto procedimiento. Como Ministerio de Agricultura hacemos constantes seguimientos por abigeato y fiscalizaciones, incluso en mataderos regionales, por lo que permanecemos ocupados en dar respuesta a tiempo a las denuncias de productores respecto a esta materia\u00bb.<\/p>\n<p style=\"text-align: justify;\">Por su parte, la seremi (I) de Seguridad P\u00fablica, Ruth Vallejos, se refiri\u00f3 a los positivos operativos que se han registrado para hacer frente a esta necesidad. \u00abEste a\u00f1o llevamos 17 casos policiales, pero tambi\u00e9n recordamos, como bien dec\u00eda el seremi de Agricultura, que existen casos donde se encuentran a los animales y tenemos un seguimiento para estos. Tenemos registro de casos exitosos con personas detenidas, los cuales est\u00e1n en estudio por la Fiscal\u00eda. Ahora bien, eso nos lleva a una conexi\u00f3n con la Ley sobre Mataderos Clandestinos, que tambi\u00e9n tratamos en esta Mesa, dado que el abigeato tambi\u00e9n se puede dar para faenamiento de animales\u00bb.<\/p>\n<p style=\"text-align: justify;\">Seg\u00fan el Plan Regional de Seguridad P\u00fablica 2024-2025, el abigeato (o robo de ganado) es el delito de hurto que m\u00e1s afecta a la comunidad campesina de las nueve comunas regionales determinadas como rurales. De igual forma, esta preocupaci\u00f3n se reiter\u00f3 en las consultas comunales que se han formulado el presente a\u00f1o en miras a la elaboraci\u00f3n del Plan Regional de Seguridad P\u00fablica 2025-2026.<\/p>\n<p style=\"text-align: justify;\">Ante este antecedente, el fiscal regional Jos\u00e9 Moris indic\u00f3 que \u00abla cantidad de denuncias ingresadas en 2024 por abigeato sum\u00f3 59 en total. Esto representa menos del 1% de denuncias ingresadas en la regi\u00f3n durante ese per\u00edodo, por ende y desde un punto de vista macro, el abigeato es un delito menor. La importancia es que se investiga de la misma forma porque afecta a comunidades rurales. Sin embargo, es importante hacer un llamado a que los ganaderos deben tomar medidas para el resguardo de sus propios animales\u00bb.<\/p>\n<p style=\"text-align: justify;\">Finalmente, y con especial atenci\u00f3n en los efectos sanitarios para las personas y sus familias, las autoridades extendieron el llamado a siempre adquirir alimentos y carnes en centros de faenamiento animal regulados, evitando as\u00ed la incorrecta trazabilidad de carnes y el comercio ganadero irregular que da lugar a los mataderos clandestinos en la regi\u00f3n.<\/p>\n<\/div><\/section><\/div><div  style='height:50px' class='hr hr-invisible   avia-builder-el-6  el_after_av_one_full  el_before_av_social_share '><span class='hr-inner ' ><span class='hr-inner-style'><\/span><\/span><\/div><\/p>\n<div  class='av-social-sharing-box  avia-builder-el-7  el_after_av_hr  el_before_av_hr  '><div class='av-share-box'><h5 class='av-share-link-description av-no-toc '>Compartir esta noticia<\/h5><ul class='av-share-box-list noLightbox'><li class='av-share-link av-social-link-facebook' ><a target=\"_blank\" aria-label=\"Compartir en Facebook\" href='https:\/\/www.facebook.com\/sharer.php?u=https:\/\/radiorevelacionfm.cl\/?p=53902&#038;t=Gobierno%20constituye%20Mesa%20para%20la%20Seguridad%20del%20Agro%20en%20la%20regi%C3%B3n%20de%20Ays%C3%A9n' aria-hidden='false' data-av_icon='\ue8f3' data-av_iconfont='entypo-fontello' title='' data-avia-related-tooltip='Compartir en Facebook' rel=\"noopener\"><span class='avia_hidden_link_text'>Compartir en Facebook<\/span><\/a><\/li><li class='av-share-link av-social-link-twitter' ><a target=\"_blank\" aria-label=\"Compartir en Twitter\" href='https:\/\/twitter.com\/share?text=Gobierno%20constituye%20Mesa%20para%20la%20Seguridad%20del%20Agro%20en%20la%20regi%C3%B3n%20de%20Ays%C3%A9n&#038;url=https:\/\/radiorevelacionfm.cl\/?p=53902' aria-hidden='false' data-av_icon='\ue8f1' data-av_iconfont='entypo-fontello' title='' data-avia-related-tooltip='Compartir en Twitter' rel=\"noopener\"><span class='avia_hidden_link_text'>Compartir en Twitter<\/span><\/a><\/li><li class='av-share-link av-social-link-whatsapp' ><a target=\"_blank\" aria-label=\"Compartir en Whatsapp\" href='https:\/\/api.whatsapp.com\/send?text=https:\/\/radiorevelacionfm.cl\/?p=53902' aria-hidden='false' data-av_icon='\uf232' data-av_iconfont='entypo-fontello' title='' data-avia-related-tooltip='Compartir en Whatsapp' rel=\"noopener\"><span class='avia_hidden_link_text'>Compartir en Whatsapp<\/span><\/a><\/li><li class='av-share-link av-social-link-linkedin' ><a target=\"_blank\" aria-label=\"Compartir en LinkedIn\" href='https:\/\/linkedin.com\/shareArticle?mini=true&#038;title=Gobierno%20constituye%20Mesa%20para%20la%20Seguridad%20del%20Agro%20en%20la%20regi%C3%B3n%20de%20Ays%C3%A9n&#038;url=https:\/\/radiorevelacionfm.cl\/?p=53902' aria-hidden='false' data-av_icon='\ue8fc' data-av_iconfont='entypo-fontello' title='' data-avia-related-tooltip='Compartir en LinkedIn' rel=\"noopener\"><span class='avia_hidden_link_text'>Compartir en LinkedIn<\/span><\/a><\/li><li class='av-share-link av-social-link-mail' ><a  aria-label=\"Compartir por correo\" href='mailto:?subject=Gobierno%20constituye%20Mesa%20para%20la%20Seguridad%20del%20Agro%20en%20la%20regi%C3%B3n%20de%20Ays%C3%A9n&#038;body=https:\/\/radiorevelacionfm.cl\/?p=53902' aria-hidden='false' data-av_icon='\ue805' data-av_iconfont='entypo-fontello' title='' data-avia-related-tooltip='Compartir por correo'><span class='avia_hidden_link_text'>Compartir por correo<\/span><\/a><\/li><\/ul><\/div><\/div>\n<div  style='height:50px' class='hr hr-invisible   avia-builder-el-8  el_after_av_social_share  el_before_av_comments_list '><span class='hr-inner ' ><span class='hr-inner-style'><\/span><\/span><\/div>\n<div  class='av-buildercomment  av-blog-meta-html-info-disabled av-blog-meta-tag-disabled  '><\/div>\n","protected":false},"excerpt":{"rendered":"","protected":false},"author":1,"featured_media":53903,"comment_status":"closed","ping_status":"closed","sticky":false,"template":"","format":"standard","meta":{"footnotes":""},"categories":[58],"tags":[],"class_list":["post-53902","post","type-post","status-publish","format-standard","has-post-thumbnail","hentry","category-agricultura"],"jetpack_featured_media_url":"https:\/\/radiorevelacionfm.cl\/wp-content\/uploads\/2025\/05\/ganado_aysen01-1-1_optimized-1.jpeg","_links":{"self":[{"href":"https:\/\/radiorevelacionfm.cl\/index.php?rest_route=\/wp\/v2\/posts\/53902","targetHints":{"allow":["GET"]}}],"collection":[{"href":"https:\/\/radiorevelacionfm.cl\/index.php?rest_route=\/wp\/v2\/posts"}],"about":[{"href":"https:\/\/radiorevelacionfm.cl\/index.php?rest_route=\/wp\/v2\/types\/post"}],"author":[{"embeddable":true,"href":"https:\/\/radiorevelacionfm.cl\/index.php?rest_route=\/wp\/v2\/users\/1"}],"replies":[{"embeddable":true,"href":"https:\/\/radiorevelacionfm.cl\/index.php?rest_route=%2Fwp%2Fv2%2Fcomments&post=53902"}],"version-history":[{"count":2,"href":"https:\/\/radiorevelacionfm.cl\/index.php?rest_route=\/wp\/v2\/posts\/53902\/revisions"}],"predecessor-version":[{"id":53936,"href":"https:\/\/radiorevelacionfm.cl\/index.php?rest_route=\/wp\/v2\/posts\/53902\/revisions\/53936"}],"wp:featuredmedia":[{"embeddable":true,"href":"https:\/\/radiorevelacionfm.cl\/index.php?rest_route=\/wp\/v2\/media\/53903"}],"wp:attachment":[{"href":"https:\/\/radiorevelacionfm.cl\/index.php?rest_route=%2Fwp%2Fv2%2Fmedia&parent=53902"}],"wp:term":[{"taxonomy":"category","embeddable":true,"href":"https:\/\/radiorevelacionfm.cl\/index.php?rest_route=%2Fwp%2Fv2%2Fcategories&post=53902"},{"taxonomy":"post_tag","embeddable":true,"href":"https:\/\/radiorevelacionfm.cl\/index.php?rest_route=%2Fwp%2Fv2%2Ftags&post=53902"}],"curies":[{"name":"wp","href":"https:\/\/api.w.org\/{rel}","templated":true}]}}