{"id":53898,"date":"2025-05-14T16:10:43","date_gmt":"2025-05-14T19:10:43","guid":{"rendered":"https:\/\/radiorevelacionfm.cl\/?p=53898"},"modified":"2025-05-14T16:10:43","modified_gmt":"2025-05-14T19:10:43","slug":"con-la-entrega-de-25-subsidios-el-minvu-dio-luz-verde-a-la-ejecucion-del-proyecto-las-quilas-ii-que-dara-solucion-a-94-familias-de-puerto-aysen","status":"publish","type":"post","link":"https:\/\/radiorevelacionfm.cl\/?p=53898","title":{"rendered":"Con la entrega de 25 Subsidios el Minvu dio luz verde a la ejecuci\u00f3n del proyecto \u201cLas Quilas II\u201d que dar\u00e1 soluci\u00f3n a 94 familias de Puerto Ays\u00e9n"},"content":{"rendered":"<div class=\"flex_column av_one_full  flex_column_div av-zero-column-padding first  avia-builder-el-0  el_before_av_one_full  avia-builder-el-first  \" style='border-radius:0px; '><div  class='avia-image-container  av-styling-    avia-builder-el-1  avia-builder-el-no-sibling  avia-align-center '  itemprop=\"image\" itemscope=\"itemscope\" itemtype=\"https:\/\/schema.org\/ImageObject\"  ><div class='avia-image-container-inner'><div class='avia-image-overlay-wrap'><img decoding=\"async\" class='wp-image-53899 avia-img-lazy-loading-not-53899 avia_image' src=\"https:\/\/radiorevelacionfm.cl\/wp-content\/uploads\/2025\/05\/autoridades-y-familias-en-entrega-de-25-subsidios-habitacionales-puerto-aysen-1_optimized.jpg\" alt='' title='autoridades-y-familias-en-entrega-de-25-subsidios-habitacionales-puerto-ays\u00e9n-(1)_optimized' height=\"600\" width=\"995\"  itemprop=\"thumbnailUrl\" srcset=\"https:\/\/radiorevelacionfm.cl\/wp-content\/uploads\/2025\/05\/autoridades-y-familias-en-entrega-de-25-subsidios-habitacionales-puerto-aysen-1_optimized.jpg 995w, https:\/\/radiorevelacionfm.cl\/wp-content\/uploads\/2025\/05\/autoridades-y-familias-en-entrega-de-25-subsidios-habitacionales-puerto-aysen-1_optimized-300x181.jpg 300w, https:\/\/radiorevelacionfm.cl\/wp-content\/uploads\/2025\/05\/autoridades-y-familias-en-entrega-de-25-subsidios-habitacionales-puerto-aysen-1_optimized-768x463.jpg 768w, https:\/\/radiorevelacionfm.cl\/wp-content\/uploads\/2025\/05\/autoridades-y-familias-en-entrega-de-25-subsidios-habitacionales-puerto-aysen-1_optimized-705x425.jpg 705w, https:\/\/radiorevelacionfm.cl\/wp-content\/uploads\/2025\/05\/autoridades-y-familias-en-entrega-de-25-subsidios-habitacionales-puerto-aysen-1_optimized-450x271.jpg 450w, https:\/\/radiorevelacionfm.cl\/wp-content\/uploads\/2025\/05\/autoridades-y-familias-en-entrega-de-25-subsidios-habitacionales-puerto-aysen-1_optimized-600x362.jpg 600w\" sizes=\"(max-width: 995px) 100vw, 995px\" \/><\/div><\/div><\/div><\/div><div class=\"flex_column av_one_full  flex_column_div av-zero-column-padding first  avia-builder-el-2  el_after_av_one_full  el_before_av_one_full  column-top-margin\" style='border-radius:0px; '><section class=\"av_textblock_section \"  itemscope=\"itemscope\" itemtype=\"https:\/\/schema.org\/BlogPosting\" itemprop=\"blogPost\" ><div class='avia_textblock  '   itemprop=\"text\" ><p style=\"text-align: center;\"><span style=\"font-size: 18pt;\"><strong>Con la entrega de 25 Subsidios el Minvu dio luz verde a la ejecuci\u00f3n del proyecto \u201cLas Quilas II\u201d que dar\u00e1 soluci\u00f3n a 94 familias de Puerto Ays\u00e9n<\/strong><\/span><\/p>\n<div id=\"gtx-trans\" style=\"position: absolute; left: -50px; top: 4.31534px;\">\n<div class=\"gtx-trans-icon\"><\/div>\n<\/div>\n<\/div><\/section><\/div><div class=\"flex_column av_one_full  flex_column_div av-zero-column-padding first  avia-builder-el-4  el_after_av_one_full  el_before_av_hr  column-top-margin\" style='border-radius:0px; '><section class=\"av_textblock_section \"  itemscope=\"itemscope\" itemtype=\"https:\/\/schema.org\/BlogPosting\" itemprop=\"blogPost\" ><div class='avia_textblock  '   itemprop=\"text\" ><p style=\"text-align: justify;\">Con una gran alegr\u00eda 25 familias de Puerto Ays\u00e9n recibieron este martes los subsidios que les permitir\u00e1n iniciar en el corto plazo la construcci\u00f3n de sus anheladas viviendas, esto como parte del proyecto \u201cLas Quilas II\u201d, el cual est\u00e1 integrado casi en un 80 por ciento, por familias que viv\u00edan en situaci\u00f3n de campamento, seg\u00fan catastro realizado en el a\u00f1o 2018.<\/p>\n<p style=\"text-align: justify;\">Cabe consignar que este gran proyecto habitacional contempla la soluci\u00f3n definitiva para 94 familias, las cuales han venido trabajando estrechamente con el municipio, la entidad patrocinante 2P Arquitectos y el Ministerio de Vivienda y Urbanismo (Minvu), que ha liderado el proceso a trav\u00e9s de su Programa de Asentamientos Precarios.<\/p>\n<p style=\"text-align: justify;\">Fue as\u00ed como el 2022 el Minvu destin\u00f3 2 mil 600 millones de pesos para la habilitaci\u00f3n del mismo terreno donde antes estuvo el campamento Las Quilas, ya que justamente all\u00ed se construir\u00e1 el nuevo barrio de 94 viviendas.\u00a0 As\u00ed, el gran sue\u00f1o de la casa propia para estas familias se har\u00e1 posible con los subsidios entregados por el Minvu m\u00e1s los ahorros del comit\u00e9, todo eso junto con la entrega de subsidios de arriendo para apoyar a las familias por mientras se construyen sus soluciones habitacionales.<\/p>\n<p style=\"text-align: justify;\">Tras la entrega de los 25 subsidios, la Seremi de Vivienda y Urbanismo, Paulina Ruz asegur\u00f3 que Las Quilas II es un proyecto de tremenda relevancia para el Minvu, ya que, junto con la soluci\u00f3n para cada familia, se cierra un campamento hist\u00f3rico de la ciudad de Puerto Ays\u00e9n. \u201cEsta entrega de 25 certificados de subsidio ya completa la n\u00f3mina de los 94 beneficiarios que pronto van a ver el inicio de obra, ya que, si bien estamos con ciertos tr\u00e1mites administrativos pendientes, pronto esperamos dar inicio a estas obras. \u00a0Esto tambi\u00e9n es parte de la meta que nos trazamos como Gobierno de cumplir con nuestro Plan de Emergencia Habitacional, pero sobre todo por entregar a las familias el acceso a la vivienda digna, de m\u00e1s alto est\u00e1ndar, de calidad, saliendo de la capital regional, traslad\u00e1ndonos en este caso a la comuna de Ays\u00e9n, para que tambi\u00e9n familias de otros sectores puedan ver cumplido este sue\u00f1o\u201d, afirm\u00f3.<\/p>\n<p style=\"text-align: justify;\">Tambi\u00e9n el Alcalde de Ays\u00e9n, Luis Mart\u00ednez, destac\u00f3 la entrega de subsidios como un paso muy trascendente para el futuro de las familias. \u201cEs s\u00faper importante, porque estas personas llevan hartos a\u00f1os, pero han podido ir trabajando y cada tiempo han ido viendo avances. Yo creo que aqu\u00ed la autoridad de vivienda ha sido tremendamente perseverante para que esto vaya saliendo y a veces creemos encontrarnos con problemas y todo, pero estamos para resolverlos y para que tengan todas las personas una mejor vivienda y un mejor bienestar. As\u00ed que, como alcalde de Ays\u00e9n, feliz y contento de que nuestros vecinos vayan a tener su casa propia\u201d, coment\u00f3.<\/p>\n<p style=\"text-align: justify;\">De igual forma, la dirigente y representante legal del proyecto las Quilas II, Liliana Pe\u00f1a, valor\u00f3 los avances alcanzados hasta ahora, siempre en base al trabajo y el respeto que los enorgullece: \u201cEs un trabajo de a\u00f1os. S\u00ed, son varios a\u00f1os y hemos pasado por hartas cosas, inconvenientes, como es el tema de los proyectos, pero ya vemos que estamos a un mes, dos meses de que se inicien las obras, as\u00ed que no, una alegr\u00eda tremenda y yo estoy contenta porque la gente puso su confianza en m\u00ed, as\u00ed que yo los represento y en cierta parte cada vez que se logra algo para m\u00ed es un orgullo, porque eso quiere decir que estoy haciendo bien el trabajo\u201d, manifest\u00f3.<\/p>\n<p style=\"text-align: justify;\">Finalmente, el Delegado Presidencial Provincial, Rodrigo Moreno, felicit\u00f3 a las familias y reiter\u00f3 el compromiso del Gobierno para acompa\u00f1arlos hasta que reciban su casa propia. \u201cS\u00ed, para nosotros como Gobierno del presidente Gabriel Boric, es muy importante poder acompa\u00f1ar a los distintos comit\u00e9s en los avances que van teniendo en sus procesos para obtener el sue\u00f1o final de la casa propia. As\u00ed que muy contentos del avance que hoy d\u00eda tienen con estos comit\u00e9s y esperamos seguir con otros para que Ays\u00e9n pueda cumplir con todas las viviendas y con todas las necesidades que tenemos en este \u00e1mbito\u201d, indic\u00f3.<\/p>\n<p style=\"text-align: justify;\">Tras cumplir con algunos tr\u00e1mites a nivel municipal, se espera empezar con la construcci\u00f3n de las 94 viviendas en las pr\u00f3ximas semanas, trabajos que ser\u00e1n desarrollados por la empresa L y D, bajo la supervisi\u00f3n t\u00e9cnica del Serviu regional.<\/p>\n<p style=\"text-align: justify;\">.<\/p>\n<\/div><\/section><\/div><div  style='height:50px' class='hr hr-invisible   avia-builder-el-6  el_after_av_one_full  el_before_av_social_share '><span class='hr-inner ' ><span class='hr-inner-style'><\/span><\/span><\/div><\/p>\n<div  class='av-social-sharing-box  avia-builder-el-7  el_after_av_hr  el_before_av_hr  '><div class='av-share-box'><h5 class='av-share-link-description av-no-toc '>Compartir esta noticia<\/h5><ul class='av-share-box-list noLightbox'><li class='av-share-link av-social-link-facebook' ><a target=\"_blank\" aria-label=\"Compartir en Facebook\" href='https:\/\/www.facebook.com\/sharer.php?u=https:\/\/radiorevelacionfm.cl\/?p=53898&#038;t=Con%20la%20entrega%20de%2025%20Subsidios%20el%20Minvu%20dio%20luz%20verde%20a%20la%20ejecuci%C3%B3n%20del%20proyecto%20%E2%80%9CLas%20Quilas%20II%E2%80%9D%20que%20dar%C3%A1%20soluci%C3%B3n%20a%2094%20familias%20de%20Puerto%20Ays%C3%A9n' aria-hidden='false' data-av_icon='\ue8f3' data-av_iconfont='entypo-fontello' title='' data-avia-related-tooltip='Compartir en Facebook' rel=\"noopener\"><span class='avia_hidden_link_text'>Compartir en Facebook<\/span><\/a><\/li><li class='av-share-link av-social-link-twitter' ><a target=\"_blank\" aria-label=\"Compartir en Twitter\" href='https:\/\/twitter.com\/share?text=Con%20la%20entrega%20de%2025%20Subsidios%20el%20Minvu%20dio%20luz%20verde%20a%20la%20ejecuci%C3%B3n%20del%20proyecto%20%E2%80%9CLas%20Quilas%20II%E2%80%9D%20que%20dar%C3%A1%20soluci%C3%B3n%20a%2094%20familias%20de%20Puerto%20Ays%C3%A9n&#038;url=https:\/\/radiorevelacionfm.cl\/?p=53898' aria-hidden='false' data-av_icon='\ue8f1' data-av_iconfont='entypo-fontello' title='' data-avia-related-tooltip='Compartir en Twitter' rel=\"noopener\"><span class='avia_hidden_link_text'>Compartir en Twitter<\/span><\/a><\/li><li class='av-share-link av-social-link-whatsapp' ><a target=\"_blank\" aria-label=\"Compartir en Whatsapp\" href='https:\/\/api.whatsapp.com\/send?text=https:\/\/radiorevelacionfm.cl\/?p=53898' aria-hidden='false' data-av_icon='\uf232' data-av_iconfont='entypo-fontello' title='' data-avia-related-tooltip='Compartir en Whatsapp' rel=\"noopener\"><span class='avia_hidden_link_text'>Compartir en Whatsapp<\/span><\/a><\/li><li class='av-share-link av-social-link-linkedin' ><a target=\"_blank\" aria-label=\"Compartir en LinkedIn\" href='https:\/\/linkedin.com\/shareArticle?mini=true&#038;title=Con%20la%20entrega%20de%2025%20Subsidios%20el%20Minvu%20dio%20luz%20verde%20a%20la%20ejecuci%C3%B3n%20del%20proyecto%20%E2%80%9CLas%20Quilas%20II%E2%80%9D%20que%20dar%C3%A1%20soluci%C3%B3n%20a%2094%20familias%20de%20Puerto%20Ays%C3%A9n&#038;url=https:\/\/radiorevelacionfm.cl\/?p=53898' aria-hidden='false' data-av_icon='\ue8fc' data-av_iconfont='entypo-fontello' title='' data-avia-related-tooltip='Compartir en LinkedIn' rel=\"noopener\"><span class='avia_hidden_link_text'>Compartir en LinkedIn<\/span><\/a><\/li><li class='av-share-link av-social-link-mail' ><a  aria-label=\"Compartir por correo\" href='mailto:?subject=Con%20la%20entrega%20de%2025%20Subsidios%20el%20Minvu%20dio%20luz%20verde%20a%20la%20ejecuci%C3%B3n%20del%20proyecto%20%E2%80%9CLas%20Quilas%20II%E2%80%9D%20que%20dar%C3%A1%20soluci%C3%B3n%20a%2094%20familias%20de%20Puerto%20Ays%C3%A9n&#038;body=https:\/\/radiorevelacionfm.cl\/?p=53898' aria-hidden='false' data-av_icon='\ue805' data-av_iconfont='entypo-fontello' title='' data-avia-related-tooltip='Compartir por correo'><span class='avia_hidden_link_text'>Compartir por correo<\/span><\/a><\/li><\/ul><\/div><\/div>\n<div  style='height:50px' class='hr hr-invisible   avia-builder-el-8  el_after_av_social_share  el_before_av_comments_list '><span class='hr-inner ' ><span class='hr-inner-style'><\/span><\/span><\/div>\n<div  class='av-buildercomment  av-blog-meta-html-info-disabled av-blog-meta-tag-disabled  '><\/div>\n","protected":false},"excerpt":{"rendered":"","protected":false},"author":1,"featured_media":53899,"comment_status":"closed","ping_status":"closed","sticky":false,"template":"","format":"standard","meta":{"footnotes":""},"categories":[57],"tags":[],"class_list":["post-53898","post","type-post","status-publish","format-standard","has-post-thumbnail","hentry","category-vivienda"],"jetpack_featured_media_url":"https:\/\/radiorevelacionfm.cl\/wp-content\/uploads\/2025\/05\/autoridades-y-familias-en-entrega-de-25-subsidios-habitacionales-puerto-aysen-1_optimized.jpg","_links":{"self":[{"href":"https:\/\/radiorevelacionfm.cl\/index.php?rest_route=\/wp\/v2\/posts\/53898","targetHints":{"allow":["GET"]}}],"collection":[{"href":"https:\/\/radiorevelacionfm.cl\/index.php?rest_route=\/wp\/v2\/posts"}],"about":[{"href":"https:\/\/radiorevelacionfm.cl\/index.php?rest_route=\/wp\/v2\/types\/post"}],"author":[{"embeddable":true,"href":"https:\/\/radiorevelacionfm.cl\/index.php?rest_route=\/wp\/v2\/users\/1"}],"replies":[{"embeddable":true,"href":"https:\/\/radiorevelacionfm.cl\/index.php?rest_route=%2Fwp%2Fv2%2Fcomments&post=53898"}],"version-history":[{"count":2,"href":"https:\/\/radiorevelacionfm.cl\/index.php?rest_route=\/wp\/v2\/posts\/53898\/revisions"}],"predecessor-version":[{"id":53901,"href":"https:\/\/radiorevelacionfm.cl\/index.php?rest_route=\/wp\/v2\/posts\/53898\/revisions\/53901"}],"wp:featuredmedia":[{"embeddable":true,"href":"https:\/\/radiorevelacionfm.cl\/index.php?rest_route=\/wp\/v2\/media\/53899"}],"wp:attachment":[{"href":"https:\/\/radiorevelacionfm.cl\/index.php?rest_route=%2Fwp%2Fv2%2Fmedia&parent=53898"}],"wp:term":[{"taxonomy":"category","embeddable":true,"href":"https:\/\/radiorevelacionfm.cl\/index.php?rest_route=%2Fwp%2Fv2%2Fcategories&post=53898"},{"taxonomy":"post_tag","embeddable":true,"href":"https:\/\/radiorevelacionfm.cl\/index.php?rest_route=%2Fwp%2Fv2%2Ftags&post=53898"}],"curies":[{"name":"wp","href":"https:\/\/api.w.org\/{rel}","templated":true}]}}