{"id":53894,"date":"2025-05-14T15:22:00","date_gmt":"2025-05-14T18:22:00","guid":{"rendered":"https:\/\/radiorevelacionfm.cl\/?p=53894"},"modified":"2025-05-14T15:22:00","modified_gmt":"2025-05-14T18:22:00","slug":"culturas-aysen-malotun-y-teatro-austral-celebran-mes-del-teatro","status":"publish","type":"post","link":"https:\/\/radiorevelacionfm.cl\/?p=53894","title":{"rendered":"Culturas Ays\u00e9n, Malotun y Teatro Austral celebran Mes del Teatro"},"content":{"rendered":"<div class=\"flex_column av_one_full  flex_column_div av-zero-column-padding first  avia-builder-el-0  el_before_av_one_full  avia-builder-el-first  \" style='border-radius:0px; '><div  class='avia-image-container  av-styling-    avia-builder-el-1  avia-builder-el-no-sibling  avia-align-center '  itemprop=\"image\" itemscope=\"itemscope\" itemtype=\"https:\/\/schema.org\/ImageObject\"  ><div class='avia-image-container-inner'><div class='avia-image-overlay-wrap'><img decoding=\"async\" class='wp-image-53895 avia-img-lazy-loading-not-53895 avia_image' src=\"https:\/\/radiorevelacionfm.cl\/wp-content\/uploads\/2025\/05\/mes-teatro1-1-1.jpg\" alt='' title='mes teatro1 (1) (1)' height=\"600\" width=\"900\"  itemprop=\"thumbnailUrl\" srcset=\"https:\/\/radiorevelacionfm.cl\/wp-content\/uploads\/2025\/05\/mes-teatro1-1-1.jpg 900w, https:\/\/radiorevelacionfm.cl\/wp-content\/uploads\/2025\/05\/mes-teatro1-1-1-300x200.jpg 300w, https:\/\/radiorevelacionfm.cl\/wp-content\/uploads\/2025\/05\/mes-teatro1-1-1-768x512.jpg 768w, https:\/\/radiorevelacionfm.cl\/wp-content\/uploads\/2025\/05\/mes-teatro1-1-1-705x470.jpg 705w, https:\/\/radiorevelacionfm.cl\/wp-content\/uploads\/2025\/05\/mes-teatro1-1-1-450x300.jpg 450w, https:\/\/radiorevelacionfm.cl\/wp-content\/uploads\/2025\/05\/mes-teatro1-1-1-600x400.jpg 600w\" sizes=\"(max-width: 900px) 100vw, 900px\" \/><\/div><\/div><\/div><\/div><div class=\"flex_column av_one_full  flex_column_div av-zero-column-padding first  avia-builder-el-2  el_after_av_one_full  el_before_av_one_full  column-top-margin\" style='border-radius:0px; '><section class=\"av_textblock_section \"  itemscope=\"itemscope\" itemtype=\"https:\/\/schema.org\/BlogPosting\" itemprop=\"blogPost\" ><div class='avia_textblock  '   itemprop=\"text\" ><p style=\"text-align: center;\"><span style=\"font-size: 18pt;\"><b>Culturas Ays\u00e9n, Malotun y Teatro Austral celebran Mes del Teatro<\/b><\/span><\/p>\n<div id=\"gtx-trans\" style=\"position: absolute; left: -50px; top: 4.31534px;\">\n<div class=\"gtx-trans-icon\"><\/div>\n<\/div>\n<\/div><\/section><\/div><div class=\"flex_column av_one_full  flex_column_div av-zero-column-padding first  avia-builder-el-4  el_after_av_one_full  el_before_av_hr  column-top-margin\" style='border-radius:0px; '><section class=\"av_textblock_section \"  itemscope=\"itemscope\" itemtype=\"https:\/\/schema.org\/BlogPosting\" itemprop=\"blogPost\" ><div class='avia_textblock  '   itemprop=\"text\" ><p style=\"text-align: justify;\">Con una nutrida programaci\u00f3n, la Seremi de Culturas Ays\u00e9n, en conjunto con la Agrupaci\u00f3n Cultural Malotun Ortiga, la Escuela Teatro Austral y Capanegra est\u00e1n celebrando el Mes del Teatro y visitar\u00e1n diversas localidades.<\/p>\n<p style=\"text-align: justify;\">Para conmemorar el D\u00eda Nacional del Teatro, Teatro Austral record\u00f3 el legado de Andr\u00e9s P\u00e9rez, cuyo natalicio signa el D\u00eda Nacional del Teatro. Los festejos incluyeron un colorido pasacalles en la Feria Las Quintas, junto a las compa\u00f1\u00edas Capanegra y Vuelo Teatro.<\/p>\n<p style=\"text-align: justify;\">Felipe Quiroz, seremi de Culturas Ays\u00e9n, apunt\u00f3 que \u201ccada a\u00f1o crece m\u00e1s nuestra celebraci\u00f3n del D\u00eda Nacional del Teatro y del mes que celebra esta disciplina. Queremos poner el acento en las virtudes que trae la asociatividad de los diferentes actores en fechas que concentran la celebraci\u00f3n de los lenguajes que aportan identidad a nuestras vidas\u201d.<\/p>\n<p style=\"text-align: justify;\">Malotun Ortiga se sum\u00f3 a las celebraciones con su Programa de Itinerancia 2025, iniciativa financiada por el Fondo de Artes Esc\u00e9nicas del Ministerio de las Culturas, las Artes y el Patrimonio.<\/p>\n<p style=\"text-align: justify;\">Con funciones en Puerto Cisnes, Villa La Tapera y Coyhaique, las compa\u00f1\u00edas recorrer\u00e1n escenarios durante mayo y junio con ocho montajes y cinco talleres de narraci\u00f3n oral para educadoras tradicionales.<\/p>\n<p style=\"text-align: justify;\">La directora de Malotun, Ver\u00f3nica Ibieta, dijo que \u201cestamos prontos iniciar una nueva versi\u00f3n de Itinerancia Regional en este Mes del Teatro. Estaremos en La Tapera que es una localidad en la que nunca hemos estado y estamos felices por ello. Volveremos a Puerto Cisnes y tambi\u00e9n estaremos en Coyhaique. Estaremos en Casa Alerce, Leyla Nates, Teatro Austral, Vuelo Teatro, Compa\u00f1\u00eda Huevo, Compa\u00f1\u00eda Mamushka y Mafutuwe; tambi\u00e9n estaremos conversando con el p\u00fablico en actividades de mediaci\u00f3n\u201d.<\/p>\n<p style=\"text-align: justify;\">Puedes revisar la cartelera en las redes sociales de Malotun y Teatro Austral.<\/p>\n<\/div><\/section><\/div><div  style='height:50px' class='hr hr-invisible   avia-builder-el-6  el_after_av_one_full  el_before_av_social_share '><span class='hr-inner ' ><span class='hr-inner-style'><\/span><\/span><\/div><\/p>\n<div  class='av-social-sharing-box  avia-builder-el-7  el_after_av_hr  el_before_av_hr  '><div class='av-share-box'><h5 class='av-share-link-description av-no-toc '>Compartir esta noticia<\/h5><ul class='av-share-box-list noLightbox'><li class='av-share-link av-social-link-facebook' ><a target=\"_blank\" aria-label=\"Compartir en Facebook\" href='https:\/\/www.facebook.com\/sharer.php?u=https:\/\/radiorevelacionfm.cl\/?p=53894&#038;t=Culturas%20Ays%C3%A9n%2C%20Malotun%20y%20Teatro%20Austral%20celebran%20Mes%20del%20Teatro' aria-hidden='false' data-av_icon='\ue8f3' data-av_iconfont='entypo-fontello' title='' data-avia-related-tooltip='Compartir en Facebook' rel=\"noopener\"><span class='avia_hidden_link_text'>Compartir en Facebook<\/span><\/a><\/li><li class='av-share-link av-social-link-twitter' ><a target=\"_blank\" aria-label=\"Compartir en Twitter\" href='https:\/\/twitter.com\/share?text=Culturas%20Ays%C3%A9n%2C%20Malotun%20y%20Teatro%20Austral%20celebran%20Mes%20del%20Teatro&#038;url=https:\/\/radiorevelacionfm.cl\/?p=53894' aria-hidden='false' data-av_icon='\ue8f1' data-av_iconfont='entypo-fontello' title='' data-avia-related-tooltip='Compartir en Twitter' rel=\"noopener\"><span class='avia_hidden_link_text'>Compartir en Twitter<\/span><\/a><\/li><li class='av-share-link av-social-link-whatsapp' ><a target=\"_blank\" aria-label=\"Compartir en Whatsapp\" href='https:\/\/api.whatsapp.com\/send?text=https:\/\/radiorevelacionfm.cl\/?p=53894' aria-hidden='false' data-av_icon='\uf232' data-av_iconfont='entypo-fontello' title='' data-avia-related-tooltip='Compartir en Whatsapp' rel=\"noopener\"><span class='avia_hidden_link_text'>Compartir en Whatsapp<\/span><\/a><\/li><li class='av-share-link av-social-link-linkedin' ><a target=\"_blank\" aria-label=\"Compartir en LinkedIn\" href='https:\/\/linkedin.com\/shareArticle?mini=true&#038;title=Culturas%20Ays%C3%A9n%2C%20Malotun%20y%20Teatro%20Austral%20celebran%20Mes%20del%20Teatro&#038;url=https:\/\/radiorevelacionfm.cl\/?p=53894' aria-hidden='false' data-av_icon='\ue8fc' data-av_iconfont='entypo-fontello' title='' data-avia-related-tooltip='Compartir en LinkedIn' rel=\"noopener\"><span class='avia_hidden_link_text'>Compartir en LinkedIn<\/span><\/a><\/li><li class='av-share-link av-social-link-mail' ><a  aria-label=\"Compartir por correo\" href='mailto:?subject=Culturas%20Ays%C3%A9n%2C%20Malotun%20y%20Teatro%20Austral%20celebran%20Mes%20del%20Teatro&#038;body=https:\/\/radiorevelacionfm.cl\/?p=53894' aria-hidden='false' data-av_icon='\ue805' data-av_iconfont='entypo-fontello' title='' data-avia-related-tooltip='Compartir por correo'><span class='avia_hidden_link_text'>Compartir por correo<\/span><\/a><\/li><\/ul><\/div><\/div>\n<div  style='height:50px' class='hr hr-invisible   avia-builder-el-8  el_after_av_social_share  el_before_av_comments_list '><span class='hr-inner ' ><span class='hr-inner-style'><\/span><\/span><\/div>\n<div  class='av-buildercomment  av-blog-meta-html-info-disabled av-blog-meta-tag-disabled  '><\/div>\n","protected":false},"excerpt":{"rendered":"","protected":false},"author":1,"featured_media":53895,"comment_status":"closed","ping_status":"closed","sticky":false,"template":"","format":"standard","meta":{"footnotes":""},"categories":[52],"tags":[],"class_list":["post-53894","post","type-post","status-publish","format-standard","has-post-thumbnail","hentry","category-cultura"],"jetpack_featured_media_url":"https:\/\/radiorevelacionfm.cl\/wp-content\/uploads\/2025\/05\/mes-teatro1-1-1.jpg","_links":{"self":[{"href":"https:\/\/radiorevelacionfm.cl\/index.php?rest_route=\/wp\/v2\/posts\/53894","targetHints":{"allow":["GET"]}}],"collection":[{"href":"https:\/\/radiorevelacionfm.cl\/index.php?rest_route=\/wp\/v2\/posts"}],"about":[{"href":"https:\/\/radiorevelacionfm.cl\/index.php?rest_route=\/wp\/v2\/types\/post"}],"author":[{"embeddable":true,"href":"https:\/\/radiorevelacionfm.cl\/index.php?rest_route=\/wp\/v2\/users\/1"}],"replies":[{"embeddable":true,"href":"https:\/\/radiorevelacionfm.cl\/index.php?rest_route=%2Fwp%2Fv2%2Fcomments&post=53894"}],"version-history":[{"count":2,"href":"https:\/\/radiorevelacionfm.cl\/index.php?rest_route=\/wp\/v2\/posts\/53894\/revisions"}],"predecessor-version":[{"id":53897,"href":"https:\/\/radiorevelacionfm.cl\/index.php?rest_route=\/wp\/v2\/posts\/53894\/revisions\/53897"}],"wp:featuredmedia":[{"embeddable":true,"href":"https:\/\/radiorevelacionfm.cl\/index.php?rest_route=\/wp\/v2\/media\/53895"}],"wp:attachment":[{"href":"https:\/\/radiorevelacionfm.cl\/index.php?rest_route=%2Fwp%2Fv2%2Fmedia&parent=53894"}],"wp:term":[{"taxonomy":"category","embeddable":true,"href":"https:\/\/radiorevelacionfm.cl\/index.php?rest_route=%2Fwp%2Fv2%2Fcategories&post=53894"},{"taxonomy":"post_tag","embeddable":true,"href":"https:\/\/radiorevelacionfm.cl\/index.php?rest_route=%2Fwp%2Fv2%2Ftags&post=53894"}],"curies":[{"name":"wp","href":"https:\/\/api.w.org\/{rel}","templated":true}]}}