{"id":5389,"date":"2021-06-17T16:13:52","date_gmt":"2021-06-17T19:13:52","guid":{"rendered":"https:\/\/radiorevelacionfm.cl\/?p=5389"},"modified":"2021-06-17T16:28:33","modified_gmt":"2021-06-17T19:28:33","slug":"aprueban-mas-250-millones-de-pesos-para-mejorar-infraestructuras-del-gimnasio-nalcayec-y-deportivo-condell","status":"publish","type":"post","link":"https:\/\/radiorevelacionfm.cl\/?p=5389","title":{"rendered":"Aprueban m\u00e1s 250 millones de pesos para mejorar infraestructuras del Gimnasio Nalcayec y Deportivo Condell"},"content":{"rendered":"<div class=\"flex_column av_one_full  flex_column_div av-zero-column-padding first  avia-builder-el-0  el_before_av_one_full  avia-builder-el-first  \" style='border-radius:0px; '><div  class='avia-image-container  av-styling-    avia-builder-el-1  avia-builder-el-no-sibling  avia-align-center '  itemprop=\"image\" itemscope=\"itemscope\" itemtype=\"https:\/\/schema.org\/ImageObject\"  ><div class='avia-image-container-inner'><div class='avia-image-overlay-wrap'><img decoding=\"async\" class='wp-image-5390 avia-img-lazy-loading-not-5390 avia_image' src=\"https:\/\/radiorevelacionfm.cl\/wp-content\/uploads\/2021\/06\/img-cmdeportes03_optimized.v1-1-1-1.png\" alt='' title='img-cmdeportes03_optimized.v1-(1)-(1) (1)' height=\"600\" width=\"1068\"  itemprop=\"thumbnailUrl\" srcset=\"https:\/\/radiorevelacionfm.cl\/wp-content\/uploads\/2021\/06\/img-cmdeportes03_optimized.v1-1-1-1.png 1068w, https:\/\/radiorevelacionfm.cl\/wp-content\/uploads\/2021\/06\/img-cmdeportes03_optimized.v1-1-1-1-300x169.png 300w, https:\/\/radiorevelacionfm.cl\/wp-content\/uploads\/2021\/06\/img-cmdeportes03_optimized.v1-1-1-1-1030x579.png 1030w, https:\/\/radiorevelacionfm.cl\/wp-content\/uploads\/2021\/06\/img-cmdeportes03_optimized.v1-1-1-1-768x431.png 768w, https:\/\/radiorevelacionfm.cl\/wp-content\/uploads\/2021\/06\/img-cmdeportes03_optimized.v1-1-1-1-705x396.png 705w, https:\/\/radiorevelacionfm.cl\/wp-content\/uploads\/2021\/06\/img-cmdeportes03_optimized.v1-1-1-1-600x337.png 600w\" sizes=\"(max-width: 1068px) 100vw, 1068px\" \/><\/div><\/div><\/div><\/div>\n<div class=\"flex_column av_one_full  flex_column_div av-zero-column-padding first  avia-builder-el-2  el_after_av_one_full  el_before_av_one_full  column-top-margin\" style='border-radius:0px; '><section class=\"av_textblock_section \"  itemscope=\"itemscope\" itemtype=\"https:\/\/schema.org\/BlogPosting\" itemprop=\"blogPost\" ><div class='avia_textblock  '   itemprop=\"text\" ><p style=\"text-align: center;\"><strong><span style=\"font-size: 18pt;\">Aprueban m\u00e1s 250 millones de pesos para mejorar infraestructuras del Gimnasio Nalcayec y Deportivo Condell <\/span><\/strong><\/p>\n<div id=\"gtx-trans\" style=\"position: absolute; left: -50px; top: 4.31534px;\">\n<div class=\"gtx-trans-icon\"><\/div>\n<\/div>\n<\/div><\/section><\/div>\n<div class=\"flex_column av_one_full  flex_column_div av-zero-column-padding first  avia-builder-el-4  el_after_av_one_full  el_before_av_hr  column-top-margin\" style='border-radius:0px; '><section class=\"av_textblock_section \"  itemscope=\"itemscope\" itemtype=\"https:\/\/schema.org\/BlogPosting\" itemprop=\"blogPost\" ><div class='avia_textblock  '   itemprop=\"text\" ><p style=\"text-align: justify;\">En la reciente sesi\u00f3n del Concejo Municipal de Ays\u00e9n efectuada de manera virtual, el m\u00e1ximo \u00f3rgano colegiado de la comuna de Ays\u00e9n aprob\u00f3 dos iniciativas que ir\u00e1n en directo beneficio de los vecinos y vecinas que desarrollan actividades deportivas en la ciudad de Puerto Ays\u00e9n. En este sentido, los proyectos ya poseen el financiamiento necesario para su ejecuci\u00f3n gracias a los recursos obtenidos por el Municipio de Ays\u00e9n ante el Gobierno Regional de Ays\u00e9n y su Consejo, en la l\u00ednea establecida para el Fondo Regional de Iniciativa Local (FRIL).<\/p>\n<p style=\"text-align: justify;\">Respecto a las obras contempladas para el proyecto de \u201cMejoramiento Cancha de Futbolito Club Deportivo Condell, Puerto Ays\u00e9n\u201d, el monto asciende a los $127.445.000 y busca construir una cancha de pasto sint\u00e9tico, una cancha de Rayuela, con pavimento de caucho para los impactos de tejo, una grader\u00eda cubierta que proteja de la lluvia a los asistentes y dotar de iluminaci\u00f3n este espacio para ampliar las horas de pr\u00e1ctica deportiva, ente otras materias a efectuar.<\/p>\n<p style=\"text-align: justify;\">Por su parte, el proyecto de \u201cMejoramiento Gimnasio Nalcayec\u201d busca resolver con urgencia un cambio en los revestimientos exteriores, bajadas de aguas lluvias, el recambio del piso deportivo y la adquisici\u00f3n de implementaci\u00f3n deportiva. Para concretar este anhelo de los vecinos del sector se han aprobado $127.455.000. en un plazo de ejecuci\u00f3n de 5 meses desde la entrega de terrenos.<\/p>\n<p style=\"text-align: justify;\">Frente a esto, la primera autoridad de la comuna, Luis Mart\u00ednez Gallardo, coment\u00f3 los diversos esfuerzos realizados en su administraci\u00f3n, en conjunto con los deportistas locales, los cuales permitieron concluir por ejemplo, las mejoras al Club Deportivo Alas, proyectar iluminaci\u00f3n en en el Deportivo Hospital; una nueva cancha en Puerto Chacabuco.<\/p>\n<p style=\"text-align: justify;\">Sobre trabajo con el Club Deportivo Condell, Mart\u00ednez Gallardo explic\u00f3 que \u201cla verdad es que pusimos inmediatamente \u00e9nfasis, mandamos a hacer las mediciones, a ver el t\u00edtulo del dominio del sitio, ten\u00edan todo y nos pusimos a trabajar con mucha velocidad de tal forma de tener este proyecto listo y esperar el financiamiento y justo se pudo dar a trav\u00e9s del FRIL tradicional\u201d. En tanto, el alcalde destac\u00f3 que en similares condiciones, se efectu\u00f3 un trabajo que permitir\u00e1 mejorar el piso del Gimnasio Nalcayec, quienes brindan una importante labor social con los j\u00f3venes de la Pedro Aguirre Cerda y alrededores.<\/p>\n<p style=\"text-align: justify;\">\u201cEs decir hoy d\u00eda hemos aprobado en el Concejo Municipal la cancha de futbolito para el Deportivo Condell y el piso nuevo para el Nalcayec, que nos pone contentos esta aprobaci\u00f3n y esto ahora va una revisi\u00f3n del Gobierno Regional y listo, ya est\u00e1 con financiamiento, es decir que vamos a ver durante este a\u00f1o estas dos nuevas infraestructuras reparadas y entregadas a la comunidad\u201d.<\/p>\n<p style=\"text-align: justify;\">Finalmente, la autoridad enfatiz\u00f3 que esto forma parte de la impronta municipal que se busc\u00f3 entregar durante su gesti\u00f3n, recalcando adem\u00e1s proyectos que tambi\u00e9n van en la misma l\u00ednea y que esperan su pronta materializaci\u00f3n como son la primera cancha techada de Puerto Ays\u00e9n en la calle Kalstrom y la Plaza Deportiva \u201cElige Vivir Sano\u201d frente a los sem\u00e1foros de Ribera Sur.<\/p>\n<\/div><\/section><\/div><div  style='height:50px' class='hr hr-invisible   avia-builder-el-6  el_after_av_one_full  el_before_av_social_share '><span class='hr-inner ' ><span class='hr-inner-style'><\/span><\/span><\/div><\/p>\n<div  class='av-social-sharing-box  avia-builder-el-7  el_after_av_hr  el_before_av_hr  '><div class='av-share-box'><h5 class='av-share-link-description av-no-toc '>Compartir esta noticia<\/h5><ul class='av-share-box-list noLightbox'><li class='av-share-link av-social-link-facebook' ><a target=\"_blank\" aria-label=\"Compartir en Facebook\" href='https:\/\/www.facebook.com\/sharer.php?u=https:\/\/radiorevelacionfm.cl\/?p=5389&#038;t=Aprueban%20m%C3%A1s%20250%20millones%20de%20pesos%20para%20mejorar%20infraestructuras%20del%20Gimnasio%20Nalcayec%20y%20Deportivo%20Condell' aria-hidden='false' data-av_icon='\ue8f3' data-av_iconfont='entypo-fontello' title='' data-avia-related-tooltip='Compartir en Facebook' rel=\"noopener\"><span class='avia_hidden_link_text'>Compartir en Facebook<\/span><\/a><\/li><li class='av-share-link av-social-link-twitter' ><a target=\"_blank\" aria-label=\"Compartir en Twitter\" href='https:\/\/twitter.com\/share?text=Aprueban%20m%C3%A1s%20250%20millones%20de%20pesos%20para%20mejorar%20infraestructuras%20del%20Gimnasio%20Nalcayec%20y%20Deportivo%20Condell&#038;url=https:\/\/radiorevelacionfm.cl\/?p=5389' aria-hidden='false' data-av_icon='\ue8f1' data-av_iconfont='entypo-fontello' title='' data-avia-related-tooltip='Compartir en Twitter' rel=\"noopener\"><span class='avia_hidden_link_text'>Compartir en Twitter<\/span><\/a><\/li><li class='av-share-link av-social-link-whatsapp' ><a target=\"_blank\" aria-label=\"Compartir en Whatsapp\" href='https:\/\/api.whatsapp.com\/send?text=https:\/\/radiorevelacionfm.cl\/?p=5389' aria-hidden='false' data-av_icon='\uf232' data-av_iconfont='entypo-fontello' title='' data-avia-related-tooltip='Compartir en Whatsapp' rel=\"noopener\"><span class='avia_hidden_link_text'>Compartir en Whatsapp<\/span><\/a><\/li><li class='av-share-link av-social-link-linkedin' ><a target=\"_blank\" aria-label=\"Compartir en LinkedIn\" href='https:\/\/linkedin.com\/shareArticle?mini=true&#038;title=Aprueban%20m%C3%A1s%20250%20millones%20de%20pesos%20para%20mejorar%20infraestructuras%20del%20Gimnasio%20Nalcayec%20y%20Deportivo%20Condell&#038;url=https:\/\/radiorevelacionfm.cl\/?p=5389' aria-hidden='false' data-av_icon='\ue8fc' data-av_iconfont='entypo-fontello' title='' data-avia-related-tooltip='Compartir en LinkedIn' rel=\"noopener\"><span class='avia_hidden_link_text'>Compartir en LinkedIn<\/span><\/a><\/li><li class='av-share-link av-social-link-mail' ><a  aria-label=\"Compartir por correo\" href='mailto:?subject=Aprueban%20m%C3%A1s%20250%20millones%20de%20pesos%20para%20mejorar%20infraestructuras%20del%20Gimnasio%20Nalcayec%20y%20Deportivo%20Condell&#038;body=https:\/\/radiorevelacionfm.cl\/?p=5389' aria-hidden='false' data-av_icon='\ue805' data-av_iconfont='entypo-fontello' title='' data-avia-related-tooltip='Compartir por correo'><span class='avia_hidden_link_text'>Compartir por correo<\/span><\/a><\/li><\/ul><\/div><\/div>\n<div  style='height:50px' class='hr hr-invisible   avia-builder-el-8  el_after_av_social_share  el_before_av_comments_list '><span class='hr-inner ' ><span class='hr-inner-style'><\/span><\/span><\/div>\n<div  class='av-buildercomment  av-blog-meta-html-info-disabled av-blog-meta-tag-disabled  '><\/div>\n","protected":false},"excerpt":{"rendered":"","protected":false},"author":1,"featured_media":5390,"comment_status":"open","ping_status":"open","sticky":false,"template":"","format":"standard","meta":{"footnotes":""},"categories":[38],"tags":[],"class_list":["post-5389","post","type-post","status-publish","format-standard","has-post-thumbnail","hentry","category-regional"],"jetpack_featured_media_url":"https:\/\/radiorevelacionfm.cl\/wp-content\/uploads\/2021\/06\/img-cmdeportes03_optimized.v1-1-1-1.png","_links":{"self":[{"href":"https:\/\/radiorevelacionfm.cl\/index.php?rest_route=\/wp\/v2\/posts\/5389","targetHints":{"allow":["GET"]}}],"collection":[{"href":"https:\/\/radiorevelacionfm.cl\/index.php?rest_route=\/wp\/v2\/posts"}],"about":[{"href":"https:\/\/radiorevelacionfm.cl\/index.php?rest_route=\/wp\/v2\/types\/post"}],"author":[{"embeddable":true,"href":"https:\/\/radiorevelacionfm.cl\/index.php?rest_route=\/wp\/v2\/users\/1"}],"replies":[{"embeddable":true,"href":"https:\/\/radiorevelacionfm.cl\/index.php?rest_route=%2Fwp%2Fv2%2Fcomments&post=5389"}],"version-history":[{"count":2,"href":"https:\/\/radiorevelacionfm.cl\/index.php?rest_route=\/wp\/v2\/posts\/5389\/revisions"}],"predecessor-version":[{"id":5392,"href":"https:\/\/radiorevelacionfm.cl\/index.php?rest_route=\/wp\/v2\/posts\/5389\/revisions\/5392"}],"wp:featuredmedia":[{"embeddable":true,"href":"https:\/\/radiorevelacionfm.cl\/index.php?rest_route=\/wp\/v2\/media\/5390"}],"wp:attachment":[{"href":"https:\/\/radiorevelacionfm.cl\/index.php?rest_route=%2Fwp%2Fv2%2Fmedia&parent=5389"}],"wp:term":[{"taxonomy":"category","embeddable":true,"href":"https:\/\/radiorevelacionfm.cl\/index.php?rest_route=%2Fwp%2Fv2%2Fcategories&post=5389"},{"taxonomy":"post_tag","embeddable":true,"href":"https:\/\/radiorevelacionfm.cl\/index.php?rest_route=%2Fwp%2Fv2%2Ftags&post=5389"}],"curies":[{"name":"wp","href":"https:\/\/api.w.org\/{rel}","templated":true}]}}