{"id":53873,"date":"2025-05-14T10:42:27","date_gmt":"2025-05-14T13:42:27","guid":{"rendered":"https:\/\/radiorevelacionfm.cl\/?p=53873"},"modified":"2025-05-14T10:42:27","modified_gmt":"2025-05-14T13:42:27","slug":"senadora-ordenes-solicito-archivo-historico-de-tvn-aysen-parte-de-nuestra-historia-esta-en-esos-archivos","status":"publish","type":"post","link":"https:\/\/radiorevelacionfm.cl\/?p=53873","title":{"rendered":"Senadora \u00d3rdenes solicit\u00f3 archivo hist\u00f3rico de TVN Ays\u00e9n: \u201cParte de nuestra historia est\u00e1 en esos archivos\u201d"},"content":{"rendered":"<div class=\"flex_column av_one_full  flex_column_div av-zero-column-padding first  avia-builder-el-0  el_before_av_one_full  avia-builder-el-first  \" style='border-radius:0px; '><div  class='avia-image-container  av-styling-    avia-builder-el-1  avia-builder-el-no-sibling  avia-align-center '  itemprop=\"image\" itemscope=\"itemscope\" itemtype=\"https:\/\/schema.org\/ImageObject\"  ><div class='avia-image-container-inner'><div class='avia-image-overlay-wrap'><img decoding=\"async\" class='wp-image-53874 avia-img-lazy-loading-not-53874 avia_image' src=\"https:\/\/radiorevelacionfm.cl\/wp-content\/uploads\/2025\/05\/SENADORA-FOTO-1-81-1-1.jpeg\" alt='' title='SENADORA FOTO 1 (81) (1) (1)' height=\"600\" width=\"898\"  itemprop=\"thumbnailUrl\" srcset=\"https:\/\/radiorevelacionfm.cl\/wp-content\/uploads\/2025\/05\/SENADORA-FOTO-1-81-1-1.jpeg 898w, https:\/\/radiorevelacionfm.cl\/wp-content\/uploads\/2025\/05\/SENADORA-FOTO-1-81-1-1-300x200.jpeg 300w, https:\/\/radiorevelacionfm.cl\/wp-content\/uploads\/2025\/05\/SENADORA-FOTO-1-81-1-1-768x513.jpeg 768w, https:\/\/radiorevelacionfm.cl\/wp-content\/uploads\/2025\/05\/SENADORA-FOTO-1-81-1-1-705x471.jpeg 705w, https:\/\/radiorevelacionfm.cl\/wp-content\/uploads\/2025\/05\/SENADORA-FOTO-1-81-1-1-450x301.jpeg 450w, https:\/\/radiorevelacionfm.cl\/wp-content\/uploads\/2025\/05\/SENADORA-FOTO-1-81-1-1-600x401.jpeg 600w\" sizes=\"(max-width: 898px) 100vw, 898px\" \/><\/div><\/div><\/div><\/div><div class=\"flex_column av_one_full  flex_column_div av-zero-column-padding first  avia-builder-el-2  el_after_av_one_full  el_before_av_one_full  column-top-margin\" style='border-radius:0px; '><section class=\"av_textblock_section \"  itemscope=\"itemscope\" itemtype=\"https:\/\/schema.org\/BlogPosting\" itemprop=\"blogPost\" ><div class='avia_textblock  '   itemprop=\"text\" ><p style=\"text-align: center;\"><strong><span style=\"font-size: 18pt;\">Senadora \u00d3rdenes solicit\u00f3 archivo hist\u00f3rico de TVN Ays\u00e9n: \u201cParte de nuestra historia est\u00e1 en esos archivos\u201d <\/span><\/strong><\/p>\n<div id=\"gtx-trans\" style=\"position: absolute; left: -50px; top: 4.31534px;\">\n<div class=\"gtx-trans-icon\"><\/div>\n<\/div>\n<\/div><\/section><\/div><div class=\"flex_column av_one_full  flex_column_div av-zero-column-padding first  avia-builder-el-4  el_after_av_one_full  el_before_av_hr  column-top-margin\" style='border-radius:0px; '><section class=\"av_textblock_section \"  itemscope=\"itemscope\" itemtype=\"https:\/\/schema.org\/BlogPosting\" itemprop=\"blogPost\" ><div class='avia_textblock  '   itemprop=\"text\" ><p style=\"text-align: justify;\">La representante de la regi\u00f3n de Ays\u00e9n en el Senado, Ximena \u00d3rdenes Neira, nuevamente se refiri\u00f3 a los archivos hist\u00f3ricos que Televisi\u00f3n Nacional de Chile guarda en su biblioteca de registros. De cara al centenario de la regi\u00f3n y de sus primeras comunas y localidades, solicit\u00f3 en la Sesi\u00f3n Especial de la Sala donde el directorio de TVN present\u00f3 su cuenta p\u00fablica, que se pueda acceder al contenido.<\/p>\n<p style=\"text-align: justify;\">Ordenes se\u00f1al\u00f3 sobre el Centro de Documentaci\u00f3n y Archivo de la emisora estatal, que este \u201csiempre va a tener un compromiso con la historia\u201d, sosteniendo que \u201cAys\u00e9n es una regi\u00f3n joven, que est\u00e1 mirando su centenario. Hubo una se\u00f1al hace muchos a\u00f1os y parte de nuestra historia est\u00e1 en esos archivos. Creo que es bueno que al menos los ayseninos tengamos nuevamente acceso a esa informaci\u00f3n, que es muy valiosa\u201d.<\/p>\n<p style=\"text-align: justify;\"><strong>Situaci\u00f3n de TVN y compromiso de misi\u00f3n p\u00fablica<\/strong><\/p>\n<p style=\"text-align: justify;\">\u201cVeo complejo el escenario a futuro\u201d, sostuvo respecto la situaci\u00f3n que atraviesa el canal p\u00fablico. \u201cEl punto de vista financiero no ha sido su fuerte durante los \u00faltimos a\u00f1os y es imposible no dejar de asociarlo a la realidad que tenemos. Es un cambio de paradigma\u201d, reflexion\u00f3 en su intervenci\u00f3n posterior a la presentaci\u00f3n del directorio.<\/p>\n<p style=\"text-align: justify;\">\u201c\u00bfCu\u00e1les son las medidas de adaptaci\u00f3n de una televisi\u00f3n p\u00fablica y c\u00f3mo mira el futuro en este pleno siglo XXI? No niego que se han hecho esfuerzos, pero siempre se habla de la televisi\u00f3n p\u00fablica o de la misi\u00f3n p\u00fablica de TVN y tenemos que hablar primero de la realidad en la que est\u00e1 inserta y de su contenido, porque no vamos a obligar a las audiencias\u201d, insisti\u00f3 la representante en la Sala.<\/p>\n<p style=\"text-align: justify;\">Ordenes desafi\u00f3 al directorio a tener una apuesta concreta, con un cambio que debe partir desde el reconocimiento del estado actual de la emisora. \u201cCreo que hoy est\u00e1 el riesgo de ser una instituci\u00f3n anacr\u00f3nica si no es capaz de adaptarse y a esto hay que darle sentido de urgencia. El tema financiero depende de d\u00f3nde nos enfoquemos y de las apuestas que hagamos. Creo que hay que hacer un ejercicio nuevo\u201d, se\u00f1al\u00f3.<\/p>\n<p style=\"text-align: justify;\">\u201cTiene ventajas. Tiene buena cobertura. No en la Regi\u00f3n de Ays\u00e9n, pero tiene buena cobertura en el pa\u00eds en general\u201d, finaliz\u00f3 la parlamentaria, a la vez que tambi\u00e9n hizo un llamado a tener un especial cuidado sobre los contenidos y la imagen pa\u00eds que estos muestran tambi\u00e9n en el extranjero.<\/p>\n<\/div><\/section><\/div><div  style='height:50px' class='hr hr-invisible   avia-builder-el-6  el_after_av_one_full  el_before_av_social_share '><span class='hr-inner ' ><span class='hr-inner-style'><\/span><\/span><\/div><\/p>\n<div  class='av-social-sharing-box  avia-builder-el-7  el_after_av_hr  el_before_av_hr  '><div class='av-share-box'><h5 class='av-share-link-description av-no-toc '>Compartir esta noticia<\/h5><ul class='av-share-box-list noLightbox'><li class='av-share-link av-social-link-facebook' ><a target=\"_blank\" aria-label=\"Compartir en Facebook\" href='https:\/\/www.facebook.com\/sharer.php?u=https:\/\/radiorevelacionfm.cl\/?p=53873&#038;t=Senadora%20%C3%93rdenes%20solicit%C3%B3%20archivo%20hist%C3%B3rico%20de%20TVN%20Ays%C3%A9n%3A%20%E2%80%9CParte%20de%20nuestra%20historia%20est%C3%A1%20en%20esos%20archivos%E2%80%9D' aria-hidden='false' data-av_icon='\ue8f3' data-av_iconfont='entypo-fontello' title='' data-avia-related-tooltip='Compartir en Facebook' rel=\"noopener\"><span class='avia_hidden_link_text'>Compartir en Facebook<\/span><\/a><\/li><li class='av-share-link av-social-link-twitter' ><a target=\"_blank\" aria-label=\"Compartir en Twitter\" href='https:\/\/twitter.com\/share?text=Senadora%20%C3%93rdenes%20solicit%C3%B3%20archivo%20hist%C3%B3rico%20de%20TVN%20Ays%C3%A9n%3A%20%E2%80%9CParte%20de%20nuestra%20historia%20est%C3%A1%20en%20esos%20archivos%E2%80%9D&#038;url=https:\/\/radiorevelacionfm.cl\/?p=53873' aria-hidden='false' data-av_icon='\ue8f1' data-av_iconfont='entypo-fontello' title='' data-avia-related-tooltip='Compartir en Twitter' rel=\"noopener\"><span class='avia_hidden_link_text'>Compartir en Twitter<\/span><\/a><\/li><li class='av-share-link av-social-link-whatsapp' ><a target=\"_blank\" aria-label=\"Compartir en Whatsapp\" href='https:\/\/api.whatsapp.com\/send?text=https:\/\/radiorevelacionfm.cl\/?p=53873' aria-hidden='false' data-av_icon='\uf232' data-av_iconfont='entypo-fontello' title='' data-avia-related-tooltip='Compartir en Whatsapp' rel=\"noopener\"><span class='avia_hidden_link_text'>Compartir en Whatsapp<\/span><\/a><\/li><li class='av-share-link av-social-link-linkedin' ><a target=\"_blank\" aria-label=\"Compartir en LinkedIn\" href='https:\/\/linkedin.com\/shareArticle?mini=true&#038;title=Senadora%20%C3%93rdenes%20solicit%C3%B3%20archivo%20hist%C3%B3rico%20de%20TVN%20Ays%C3%A9n%3A%20%E2%80%9CParte%20de%20nuestra%20historia%20est%C3%A1%20en%20esos%20archivos%E2%80%9D&#038;url=https:\/\/radiorevelacionfm.cl\/?p=53873' aria-hidden='false' data-av_icon='\ue8fc' data-av_iconfont='entypo-fontello' title='' data-avia-related-tooltip='Compartir en LinkedIn' rel=\"noopener\"><span class='avia_hidden_link_text'>Compartir en LinkedIn<\/span><\/a><\/li><li class='av-share-link av-social-link-mail' ><a  aria-label=\"Compartir por correo\" href='mailto:?subject=Senadora%20%C3%93rdenes%20solicit%C3%B3%20archivo%20hist%C3%B3rico%20de%20TVN%20Ays%C3%A9n%3A%20%E2%80%9CParte%20de%20nuestra%20historia%20est%C3%A1%20en%20esos%20archivos%E2%80%9D&#038;body=https:\/\/radiorevelacionfm.cl\/?p=53873' aria-hidden='false' data-av_icon='\ue805' data-av_iconfont='entypo-fontello' title='' data-avia-related-tooltip='Compartir por correo'><span class='avia_hidden_link_text'>Compartir por correo<\/span><\/a><\/li><\/ul><\/div><\/div>\n<div  style='height:50px' class='hr hr-invisible   avia-builder-el-8  el_after_av_social_share  el_before_av_comments_list '><span class='hr-inner ' ><span class='hr-inner-style'><\/span><\/span><\/div>\n<div  class='av-buildercomment  av-blog-meta-html-info-disabled av-blog-meta-tag-disabled  '><\/div>\n","protected":false},"excerpt":{"rendered":"","protected":false},"author":1,"featured_media":53874,"comment_status":"closed","ping_status":"closed","sticky":false,"template":"","format":"standard","meta":{"footnotes":""},"categories":[35],"tags":[],"class_list":["post-53873","post","type-post","status-publish","format-standard","has-post-thumbnail","hentry","category-politica"],"jetpack_featured_media_url":"https:\/\/radiorevelacionfm.cl\/wp-content\/uploads\/2025\/05\/SENADORA-FOTO-1-81-1-1.jpeg","_links":{"self":[{"href":"https:\/\/radiorevelacionfm.cl\/index.php?rest_route=\/wp\/v2\/posts\/53873","targetHints":{"allow":["GET"]}}],"collection":[{"href":"https:\/\/radiorevelacionfm.cl\/index.php?rest_route=\/wp\/v2\/posts"}],"about":[{"href":"https:\/\/radiorevelacionfm.cl\/index.php?rest_route=\/wp\/v2\/types\/post"}],"author":[{"embeddable":true,"href":"https:\/\/radiorevelacionfm.cl\/index.php?rest_route=\/wp\/v2\/users\/1"}],"replies":[{"embeddable":true,"href":"https:\/\/radiorevelacionfm.cl\/index.php?rest_route=%2Fwp%2Fv2%2Fcomments&post=53873"}],"version-history":[{"count":2,"href":"https:\/\/radiorevelacionfm.cl\/index.php?rest_route=\/wp\/v2\/posts\/53873\/revisions"}],"predecessor-version":[{"id":53887,"href":"https:\/\/radiorevelacionfm.cl\/index.php?rest_route=\/wp\/v2\/posts\/53873\/revisions\/53887"}],"wp:featuredmedia":[{"embeddable":true,"href":"https:\/\/radiorevelacionfm.cl\/index.php?rest_route=\/wp\/v2\/media\/53874"}],"wp:attachment":[{"href":"https:\/\/radiorevelacionfm.cl\/index.php?rest_route=%2Fwp%2Fv2%2Fmedia&parent=53873"}],"wp:term":[{"taxonomy":"category","embeddable":true,"href":"https:\/\/radiorevelacionfm.cl\/index.php?rest_route=%2Fwp%2Fv2%2Fcategories&post=53873"},{"taxonomy":"post_tag","embeddable":true,"href":"https:\/\/radiorevelacionfm.cl\/index.php?rest_route=%2Fwp%2Fv2%2Ftags&post=53873"}],"curies":[{"name":"wp","href":"https:\/\/api.w.org\/{rel}","templated":true}]}}