{"id":53870,"date":"2025-05-14T11:30:31","date_gmt":"2025-05-14T14:30:31","guid":{"rendered":"https:\/\/radiorevelacionfm.cl\/?p=53870"},"modified":"2025-05-14T11:30:31","modified_gmt":"2025-05-14T14:30:31","slug":"personas-mayores-participan-en-taller-sobre-sus-derechos-humanos-realizado-por-la-subsecretaria-de-ddhh-en-coyhaique","status":"publish","type":"post","link":"https:\/\/radiorevelacionfm.cl\/?p=53870","title":{"rendered":"Personas mayores participan en taller sobre sus derechos humanos realizado por la Subsecretar\u00eda de DDHH en Coyhaique"},"content":{"rendered":"<div class=\"flex_column av_one_full  flex_column_div av-zero-column-padding first  avia-builder-el-0  el_before_av_one_full  avia-builder-el-first  \" style='border-radius:0px; '><div  class='avia-image-container  av-styling-    avia-builder-el-1  avia-builder-el-no-sibling  avia-align-center '  itemprop=\"image\" itemscope=\"itemscope\" itemtype=\"https:\/\/schema.org\/ImageObject\"  ><div class='avia-image-container-inner'><div class='avia-image-overlay-wrap'><img decoding=\"async\" class='wp-image-53871 avia-img-lazy-loading-not-53871 avia_image' src=\"https:\/\/radiorevelacionfm.cl\/wp-content\/uploads\/2025\/05\/taller-3-4-1-1.jpg\" alt='' title='taller 3 (4) (1) (1)' height=\"600\" width=\"800\"  itemprop=\"thumbnailUrl\" srcset=\"https:\/\/radiorevelacionfm.cl\/wp-content\/uploads\/2025\/05\/taller-3-4-1-1.jpg 800w, https:\/\/radiorevelacionfm.cl\/wp-content\/uploads\/2025\/05\/taller-3-4-1-1-300x225.jpg 300w, https:\/\/radiorevelacionfm.cl\/wp-content\/uploads\/2025\/05\/taller-3-4-1-1-768x576.jpg 768w, https:\/\/radiorevelacionfm.cl\/wp-content\/uploads\/2025\/05\/taller-3-4-1-1-705x529.jpg 705w, https:\/\/radiorevelacionfm.cl\/wp-content\/uploads\/2025\/05\/taller-3-4-1-1-450x338.jpg 450w, https:\/\/radiorevelacionfm.cl\/wp-content\/uploads\/2025\/05\/taller-3-4-1-1-600x450.jpg 600w\" sizes=\"(max-width: 800px) 100vw, 800px\" \/><\/div><\/div><\/div><\/div><div class=\"flex_column av_one_full  flex_column_div av-zero-column-padding first  avia-builder-el-2  el_after_av_one_full  el_before_av_one_full  column-top-margin\" style='border-radius:0px; '><section class=\"av_textblock_section \"  itemscope=\"itemscope\" itemtype=\"https:\/\/schema.org\/BlogPosting\" itemprop=\"blogPost\" ><div class='avia_textblock  '   itemprop=\"text\" ><p style=\"text-align: center;\"><strong><span style=\"font-size: 18pt;\">Personas mayores participan en taller sobre sus derechos humanos realizado por la Subsecretar\u00eda de DDHH en Coyhaique<\/span><\/strong><\/p>\n<div id=\"gtx-trans\" style=\"position: absolute; left: -50px; top: 4.31534px;\">\n<div class=\"gtx-trans-icon\"><\/div>\n<\/div>\n<\/div><\/section><\/div><div class=\"flex_column av_one_full  flex_column_div av-zero-column-padding first  avia-builder-el-4  el_after_av_one_full  el_before_av_hr  column-top-margin\" style='border-radius:0px; '><section class=\"av_textblock_section \"  itemscope=\"itemscope\" itemtype=\"https:\/\/schema.org\/BlogPosting\" itemprop=\"blogPost\" ><div class='avia_textblock  '   itemprop=\"text\" ><p style=\"text-align: justify;\"><em>La actividad reuni\u00f3 adultos mayores de distintas organizaciones, quienes hoy tienen la labor de replicar lo aprendido al interior de sus respectivos clubes.<\/em><\/p>\n<p style=\"text-align: justify;\">Cerca de 50 adultos mayores de Coyhaique participaron recientemente del taller en Derechos Humanos para Personas Mayores, actividad organizada por la Subsecretar\u00eda de Derechos Humanos con apoyo de la oficina del adulto mayor de la Municipalidad de Coyhaique y la Seremi de Justicia Ays\u00e9n. Dicha actividad se realiz\u00f3 en dependencias del auditorio de la Biblioteca Regional y cont\u00f3 con la presencia del Seremi de Justicia y Derechos Humanos Samuel Navarro Castro.<\/p>\n<p style=\"text-align: justify;\">Cabe mencionar que el taller ten\u00eda como objetivo promover el conocimiento de los derechos de las personas mayores, capacitando a quienes lideran sus organizaciones sociales y comunitarias. Para ello, se articul\u00f3 un trabajo junto con instituciones a nivel local en 16 comunas, una por cada regi\u00f3n del pa\u00eds entre el 2023 y 2025.<\/p>\n<p style=\"text-align: justify;\">Respecto al trabajo desarrollado, la analista del departamento de formaci\u00f3n y capacitaci\u00f3n de la divisi\u00f3n de promoci\u00f3n de la Subsecretar\u00eda de Derechos Humanos, Daniela Oliva Carrasco explic\u00f3 que \u201cesta actividad buscaba sensibilizar a las personas mayores que participan activamente de la sociedad a trav\u00e9s de sus organizaciones y que son organizaciones creativas, culturales, sociales para que ellos difundan, conozcan sus derechos humanos en espec\u00edfico que est\u00e1n ratificados en una convenci\u00f3n interamericana sobre la protecci\u00f3n de derechos humanos de personas mayores que firm\u00f3 Chile y que es importante que conozcan para poder vivir sus derechos plenamente\u201d.<\/p>\n<p style=\"text-align: justify;\">Por su parte, el presidente de la Uni\u00f3n Comunal de organizaciones de Adulto Mayor UCAM Baquedano Jos\u00e9 Manuel Vivallo se refiri\u00f3 al taller se\u00f1alando que \u201cfue un taller muy interesante y participamos muchos presidentes de clubes que justamente representamos los que estamos ac\u00e1 a m\u00e1s de la mitad de las organizaciones nuestra de la UCA, este es un tema que a nosotros nos interesa por sobremanera los derechos de las personas mayores que este es un acuerdo pa\u00eds que firm\u00f3 el 2017 despu\u00e9s de que la organizaci\u00f3n de estados americanos pusiera este tema en el tapete el 2015, entonces como Estado el pa\u00eds tiene la obligaci\u00f3n de hacer respetar los derechos a las personas mayores, m\u00e1s en esta \u00e9poca donde tenemos un pa\u00eds que est\u00e1 envejeciendo, entonces este taller viene justamente a darnos elementos para poder ir desarrollando de mejor manera nuestro trabajo como dirigentes con nuestras organizaciones sociales y hacer tambi\u00e9n hincapi\u00e9 en cuales son los derechos que nosotros como personas mayores tenemos y debemos exigir frente a la sociedad\u201d.<\/p>\n<p style=\"text-align: justify;\">En tanto, el seremi de Justicia y Derechos Humanos, Samuel Navarro Castro destac\u00f3 la iniciativa manifestando que \u201cfue una jornada muy interesante, muy provechosa, muy educativa, organizada por la Subsecretar\u00eda de Derechos Humanos, por profesionales de esa repartici\u00f3n, que dentro de su plan anual de capacitaci\u00f3n y promoci\u00f3n de los derechos humanos en esta oportunidad le correspondi\u00f3 a la regi\u00f3n de Ays\u00e9n todo lo relativo a los derechos humanos de las personas mayores, hubo una alt\u00edsima concurrencia, una muy buena participaci\u00f3n en donde se explicaron conceptos muy importantes y que son muy \u00fatiles para que las personas mayores puedan ocuparlos en su vida diaria y se les dej\u00f3 material de apoyo para que los puedan desarrollar con sus talleres, con sus clubes de adultos mayores que tiene organizados, por lo tanto creo que fue una jornada muy provechosa, como gobierno estamos muy contentos en que se puedan realizar estas actividades de promoci\u00f3n de derechos humanos y vamos a seguirlas desarrollando durante el resto del a\u00f1o para el beneficio de la comunidad\u201d.<\/p>\n<p style=\"text-align: justify;\">Ahora, la oficina del adulto mayor de la Municipalidad de Coyhaique cumpli\u00f3 un importante rol en la actividad, y as\u00ed lo manifest\u00f3 el Gestor Territorial de esta entidad Florentino Vega, indicando que \u201cfue una idea muy buena porque en los adultos mayores a\u00fan falta esa sensibilizaci\u00f3n para la comunidad y tambi\u00e9n para los adultos mayores y se mencion\u00f3 mucho ac\u00e1 que falta dignidad para con los adultos mayores, eso se dio en el taller, cada uno de los grupos habl\u00f3 de dignidad en vivienda, en salud, en trato, en los supermercados, en las calles, fue muy productivo el taller y esperamos que sea replicado en la comunidad y que ojal\u00e1 se pueda repetir, le agradecemos a la Subsecretar\u00eda de Derechos Humanos que nos consider\u00f3 como oficina del Adulto Mayor para que podamos convocar y estar ac\u00e1 apoyando tambi\u00e9n la actividad \u201cconcluy\u00f3.<\/p>\n<p style=\"text-align: justify;\">Finalmente, cabe se\u00f1alar que esta actividad es parte del Segundo Plan Nacional de Derechos Humanos y que se ha realizado en todo Chile en una comuna por regi\u00f3n, siendo Ays\u00e9n la pen\u00faltima regi\u00f3n donde se desarrolla, reuniendo a m\u00e1s de 300 dirigentes de personas mayores, quienes han conocido sus derechos y se han comprometido en difundirlos y promoverlos con sus organizaciones, adem\u00e1s de trabajar con el Estado, con la sociedad, con la familia en pos de la defensa de sus derechos humanos.<\/p>\n<\/div><\/section><\/div><div  style='height:50px' class='hr hr-invisible   avia-builder-el-6  el_after_av_one_full  el_before_av_social_share '><span class='hr-inner ' ><span class='hr-inner-style'><\/span><\/span><\/div><\/p>\n<div  class='av-social-sharing-box  avia-builder-el-7  el_after_av_hr  el_before_av_hr  '><div class='av-share-box'><h5 class='av-share-link-description av-no-toc '>Compartir esta noticia<\/h5><ul class='av-share-box-list noLightbox'><li class='av-share-link av-social-link-facebook' ><a target=\"_blank\" aria-label=\"Compartir en Facebook\" href='https:\/\/www.facebook.com\/sharer.php?u=https:\/\/radiorevelacionfm.cl\/?p=53870&#038;t=Personas%20mayores%20participan%20en%20taller%20sobre%20sus%20derechos%20humanos%20realizado%20por%20la%20Subsecretar%C3%ADa%20de%20DDHH%20en%20Coyhaique' aria-hidden='false' data-av_icon='\ue8f3' data-av_iconfont='entypo-fontello' title='' data-avia-related-tooltip='Compartir en Facebook' rel=\"noopener\"><span class='avia_hidden_link_text'>Compartir en Facebook<\/span><\/a><\/li><li class='av-share-link av-social-link-twitter' ><a target=\"_blank\" aria-label=\"Compartir en Twitter\" href='https:\/\/twitter.com\/share?text=Personas%20mayores%20participan%20en%20taller%20sobre%20sus%20derechos%20humanos%20realizado%20por%20la%20Subsecretar%C3%ADa%20de%20DDHH%20en%20Coyhaique&#038;url=https:\/\/radiorevelacionfm.cl\/?p=53870' aria-hidden='false' data-av_icon='\ue8f1' data-av_iconfont='entypo-fontello' title='' data-avia-related-tooltip='Compartir en Twitter' rel=\"noopener\"><span class='avia_hidden_link_text'>Compartir en Twitter<\/span><\/a><\/li><li class='av-share-link av-social-link-whatsapp' ><a target=\"_blank\" aria-label=\"Compartir en Whatsapp\" href='https:\/\/api.whatsapp.com\/send?text=https:\/\/radiorevelacionfm.cl\/?p=53870' aria-hidden='false' data-av_icon='\uf232' data-av_iconfont='entypo-fontello' title='' data-avia-related-tooltip='Compartir en Whatsapp' rel=\"noopener\"><span class='avia_hidden_link_text'>Compartir en Whatsapp<\/span><\/a><\/li><li class='av-share-link av-social-link-linkedin' ><a target=\"_blank\" aria-label=\"Compartir en LinkedIn\" href='https:\/\/linkedin.com\/shareArticle?mini=true&#038;title=Personas%20mayores%20participan%20en%20taller%20sobre%20sus%20derechos%20humanos%20realizado%20por%20la%20Subsecretar%C3%ADa%20de%20DDHH%20en%20Coyhaique&#038;url=https:\/\/radiorevelacionfm.cl\/?p=53870' aria-hidden='false' data-av_icon='\ue8fc' data-av_iconfont='entypo-fontello' title='' data-avia-related-tooltip='Compartir en LinkedIn' rel=\"noopener\"><span class='avia_hidden_link_text'>Compartir en LinkedIn<\/span><\/a><\/li><li class='av-share-link av-social-link-mail' ><a  aria-label=\"Compartir por correo\" href='mailto:?subject=Personas%20mayores%20participan%20en%20taller%20sobre%20sus%20derechos%20humanos%20realizado%20por%20la%20Subsecretar%C3%ADa%20de%20DDHH%20en%20Coyhaique&#038;body=https:\/\/radiorevelacionfm.cl\/?p=53870' aria-hidden='false' data-av_icon='\ue805' data-av_iconfont='entypo-fontello' title='' data-avia-related-tooltip='Compartir por correo'><span class='avia_hidden_link_text'>Compartir por correo<\/span><\/a><\/li><\/ul><\/div><\/div>\n<div  style='height:50px' class='hr hr-invisible   avia-builder-el-8  el_after_av_social_share  el_before_av_comments_list '><span class='hr-inner ' ><span class='hr-inner-style'><\/span><\/span><\/div>\n<div  class='av-buildercomment  av-blog-meta-html-info-disabled av-blog-meta-tag-disabled  '><\/div>\n","protected":false},"excerpt":{"rendered":"","protected":false},"author":1,"featured_media":53871,"comment_status":"closed","ping_status":"closed","sticky":false,"template":"","format":"standard","meta":{"footnotes":""},"categories":[55],"tags":[],"class_list":["post-53870","post","type-post","status-publish","format-standard","has-post-thumbnail","hentry","category-justicia"],"jetpack_featured_media_url":"https:\/\/radiorevelacionfm.cl\/wp-content\/uploads\/2025\/05\/taller-3-4-1-1.jpg","_links":{"self":[{"href":"https:\/\/radiorevelacionfm.cl\/index.php?rest_route=\/wp\/v2\/posts\/53870","targetHints":{"allow":["GET"]}}],"collection":[{"href":"https:\/\/radiorevelacionfm.cl\/index.php?rest_route=\/wp\/v2\/posts"}],"about":[{"href":"https:\/\/radiorevelacionfm.cl\/index.php?rest_route=\/wp\/v2\/types\/post"}],"author":[{"embeddable":true,"href":"https:\/\/radiorevelacionfm.cl\/index.php?rest_route=\/wp\/v2\/users\/1"}],"replies":[{"embeddable":true,"href":"https:\/\/radiorevelacionfm.cl\/index.php?rest_route=%2Fwp%2Fv2%2Fcomments&post=53870"}],"version-history":[{"count":2,"href":"https:\/\/radiorevelacionfm.cl\/index.php?rest_route=\/wp\/v2\/posts\/53870\/revisions"}],"predecessor-version":[{"id":53888,"href":"https:\/\/radiorevelacionfm.cl\/index.php?rest_route=\/wp\/v2\/posts\/53870\/revisions\/53888"}],"wp:featuredmedia":[{"embeddable":true,"href":"https:\/\/radiorevelacionfm.cl\/index.php?rest_route=\/wp\/v2\/media\/53871"}],"wp:attachment":[{"href":"https:\/\/radiorevelacionfm.cl\/index.php?rest_route=%2Fwp%2Fv2%2Fmedia&parent=53870"}],"wp:term":[{"taxonomy":"category","embeddable":true,"href":"https:\/\/radiorevelacionfm.cl\/index.php?rest_route=%2Fwp%2Fv2%2Fcategories&post=53870"},{"taxonomy":"post_tag","embeddable":true,"href":"https:\/\/radiorevelacionfm.cl\/index.php?rest_route=%2Fwp%2Fv2%2Ftags&post=53870"}],"curies":[{"name":"wp","href":"https:\/\/api.w.org\/{rel}","templated":true}]}}