{"id":53867,"date":"2025-05-14T12:57:27","date_gmt":"2025-05-14T15:57:27","guid":{"rendered":"https:\/\/radiorevelacionfm.cl\/?p=53867"},"modified":"2025-05-14T12:57:27","modified_gmt":"2025-05-14T15:57:27","slug":"gobierno-en-terreno-acercando-el-estado-a-las-personas","status":"publish","type":"post","link":"https:\/\/radiorevelacionfm.cl\/?p=53867","title":{"rendered":"Gobierno en Terreno: Acercando el Estado a las personas"},"content":{"rendered":"<div class=\"flex_column av_one_full  flex_column_div av-zero-column-padding first  avia-builder-el-0  el_before_av_one_full  avia-builder-el-first  \" style='border-radius:0px; '><div  class='avia-image-container  av-styling-    avia-builder-el-1  avia-builder-el-no-sibling  avia-align-center '  itemprop=\"image\" itemscope=\"itemscope\" itemtype=\"https:\/\/schema.org\/ImageObject\"  ><div class='avia-image-container-inner'><div class='avia-image-overlay-wrap'><img decoding=\"async\" class='wp-image-53868 avia-img-lazy-loading-not-53868 avia_image' src=\"https:\/\/radiorevelacionfm.cl\/wp-content\/uploads\/2025\/05\/Foto-1-Mesa-Espejo-1-1.jpeg\" alt='' title='Foto 1 Mesa Espejo (1) (1)' height=\"600\" width=\"901\"  itemprop=\"thumbnailUrl\" srcset=\"https:\/\/radiorevelacionfm.cl\/wp-content\/uploads\/2025\/05\/Foto-1-Mesa-Espejo-1-1.jpeg 901w, https:\/\/radiorevelacionfm.cl\/wp-content\/uploads\/2025\/05\/Foto-1-Mesa-Espejo-1-1-300x200.jpeg 300w, https:\/\/radiorevelacionfm.cl\/wp-content\/uploads\/2025\/05\/Foto-1-Mesa-Espejo-1-1-768x511.jpeg 768w, https:\/\/radiorevelacionfm.cl\/wp-content\/uploads\/2025\/05\/Foto-1-Mesa-Espejo-1-1-705x469.jpeg 705w, https:\/\/radiorevelacionfm.cl\/wp-content\/uploads\/2025\/05\/Foto-1-Mesa-Espejo-1-1-450x300.jpeg 450w, https:\/\/radiorevelacionfm.cl\/wp-content\/uploads\/2025\/05\/Foto-1-Mesa-Espejo-1-1-600x400.jpeg 600w\" sizes=\"(max-width: 901px) 100vw, 901px\" \/><\/div><\/div><\/div><\/div><div class=\"flex_column av_one_full  flex_column_div av-zero-column-padding first  avia-builder-el-2  el_after_av_one_full  el_before_av_one_full  column-top-margin\" style='border-radius:0px; '><section class=\"av_textblock_section \"  itemscope=\"itemscope\" itemtype=\"https:\/\/schema.org\/BlogPosting\" itemprop=\"blogPost\" ><div class='avia_textblock  '   itemprop=\"text\" ><p style=\"text-align: center;\"><strong><span style=\"font-size: 18pt;\">Gobierno en Terreno: Acercando el Estado a las personas<\/span><\/strong><\/p>\n<div id=\"gtx-trans\" style=\"position: absolute; left: -50px; top: 4.31534px;\">\n<div class=\"gtx-trans-icon\"><\/div>\n<\/div>\n<\/div><\/section><\/div><div class=\"flex_column av_one_full  flex_column_div av-zero-column-padding first  avia-builder-el-4  el_after_av_one_full  el_before_av_hr  column-top-margin\" style='border-radius:0px; '><section class=\"av_textblock_section \"  itemscope=\"itemscope\" itemtype=\"https:\/\/schema.org\/BlogPosting\" itemprop=\"blogPost\" ><div class='avia_textblock  '   itemprop=\"text\" ><p style=\"text-align: justify;\">Este lunes se dio inici\u00f3 a la constituci\u00f3n y puesta en marcha de la Mesa Espejo de coordinaci\u00f3n y planificaci\u00f3n para el despliegue del Gobierno en Terreno (GET). Esta instancia intersectorial est\u00e1 presidida por la Divisi\u00f3n de Gobierno Interior del Ministerio del Interior y Seguridad P\u00fablica, que contin\u00faa consolidando su labor como un espacio clave para fortalecer la presencia del Estado en las distintas regiones del pa\u00eds, acercando servicios p\u00fablicos y respuestas concretas a las comunidades.<\/p>\n<p style=\"text-align: justify;\">Por este motivo, el Delegado Presidencial Regional, Jorge D\u00edaz Guzm\u00e1n, convoc\u00f3 y lider\u00f3 la primera mesa regional de Gobierno en Terreno con la participaci\u00f3n de Delegados Provinciales, los Seremis de Obras P\u00fablicas, Educaci\u00f3n (I), Justicia y Derechos Humanos, Gobierno, Desarrollo Social, Vivienda, Agricultura, Subdere y representante de la Seremi de Salud, donde la coordinaci\u00f3n de \u00e9sta, permite una acci\u00f3n articulada del Estado, orientada a atender de manera directa y oportuna a las necesidades de la ciudadan\u00eda, especialmente en zonas rurales, aisladas y con mayor brecha de acceso.<\/p>\n<p style=\"text-align: justify;\">Al respecto, el Delegado Presidencial Regional se\u00f1al\u00f3: \u201cEs una instancia de coordinaci\u00f3n de distintos servicios, para ir en atenci\u00f3n de las comunidades, con las especificidades de cada territorio. Hemos convocado a quienes conforman esta mesa espejo, viendo las particularidades que tenemos en la Regi\u00f3n de Ays\u00e9n, para organizar nuestras salidas a terreno y atender adecuadamente a la ciudadan\u00eda en los distintos territorios de la Regi\u00f3n de Ays\u00e9n\u201d.<\/p>\n<p style=\"text-align: justify;\">El trabajo de esta mesa se basa en principios de descentralizaci\u00f3n, equidad territorial y participaci\u00f3n ciudadana, permitiendo que los servicios del Estado lleguen all\u00ed donde m\u00e1s se necesitan, mediante operativos en terreno, di\u00e1logos comunitarios, asesor\u00edas, y difusi\u00f3n de programas y beneficios del gobierno. Siendo una muestra concreta del compromiso del Gobierno del Presidente Gabriel Boric por reducir las brechas de acceso, aumentar la presencia institucional y avanzar hacia un Estado m\u00e1s cercano, eficiente y presente en todo el pa\u00eds.<\/p>\n<p style=\"text-align: justify;\">\u201cEl Presidente ha instruido que todas y todos los representantes regionales podamos avanzar en generar espacios de mayor igualdad de oportunidades. Por esto, avanzaremos en un despliegue territorial extenso en la regi\u00f3n de Ays\u00e9n, para entregar a las personas informaci\u00f3n clara y oportuna de los tr\u00e1mites y beneficios que se pueden obtener del Estado, resolver dudas en sus localidades y avanzar en crear un Chile m\u00e1s justo\u201d, se\u00f1al\u00f3 la Seremi de Gobierno, \u00darsula Mix Jim\u00e9nez.<\/p>\n<p style=\"text-align: justify;\">Con la puesta en marcha de la Mesa Regional, el Gobierno no s\u00f3lo avanza en m\u00e1s gesti\u00f3n intersectorial y cercan\u00eda con las personas, sino que fortalece el di\u00e1logo, la participaci\u00f3n ciudadana y garantiza el acceso de manera directa al Estado y sus servicios.<\/p>\n<\/div><\/section><\/div><div  style='height:50px' class='hr hr-invisible   avia-builder-el-6  el_after_av_one_full  el_before_av_social_share '><span class='hr-inner ' ><span class='hr-inner-style'><\/span><\/span><\/div><\/p>\n<div  class='av-social-sharing-box  avia-builder-el-7  el_after_av_hr  el_before_av_hr  '><div class='av-share-box'><h5 class='av-share-link-description av-no-toc '>Compartir esta noticia<\/h5><ul class='av-share-box-list noLightbox'><li class='av-share-link av-social-link-facebook' ><a target=\"_blank\" aria-label=\"Compartir en Facebook\" href='https:\/\/www.facebook.com\/sharer.php?u=https:\/\/radiorevelacionfm.cl\/?p=53867&#038;t=Gobierno%20en%20Terreno%3A%20Acercando%20el%20Estado%20a%20las%20personas' aria-hidden='false' data-av_icon='\ue8f3' data-av_iconfont='entypo-fontello' title='' data-avia-related-tooltip='Compartir en Facebook' rel=\"noopener\"><span class='avia_hidden_link_text'>Compartir en Facebook<\/span><\/a><\/li><li class='av-share-link av-social-link-twitter' ><a target=\"_blank\" aria-label=\"Compartir en Twitter\" href='https:\/\/twitter.com\/share?text=Gobierno%20en%20Terreno%3A%20Acercando%20el%20Estado%20a%20las%20personas&#038;url=https:\/\/radiorevelacionfm.cl\/?p=53867' aria-hidden='false' data-av_icon='\ue8f1' data-av_iconfont='entypo-fontello' title='' data-avia-related-tooltip='Compartir en Twitter' rel=\"noopener\"><span class='avia_hidden_link_text'>Compartir en Twitter<\/span><\/a><\/li><li class='av-share-link av-social-link-whatsapp' ><a target=\"_blank\" aria-label=\"Compartir en Whatsapp\" href='https:\/\/api.whatsapp.com\/send?text=https:\/\/radiorevelacionfm.cl\/?p=53867' aria-hidden='false' data-av_icon='\uf232' data-av_iconfont='entypo-fontello' title='' data-avia-related-tooltip='Compartir en Whatsapp' rel=\"noopener\"><span class='avia_hidden_link_text'>Compartir en Whatsapp<\/span><\/a><\/li><li class='av-share-link av-social-link-linkedin' ><a target=\"_blank\" aria-label=\"Compartir en LinkedIn\" href='https:\/\/linkedin.com\/shareArticle?mini=true&#038;title=Gobierno%20en%20Terreno%3A%20Acercando%20el%20Estado%20a%20las%20personas&#038;url=https:\/\/radiorevelacionfm.cl\/?p=53867' aria-hidden='false' data-av_icon='\ue8fc' data-av_iconfont='entypo-fontello' title='' data-avia-related-tooltip='Compartir en LinkedIn' rel=\"noopener\"><span class='avia_hidden_link_text'>Compartir en LinkedIn<\/span><\/a><\/li><li class='av-share-link av-social-link-mail' ><a  aria-label=\"Compartir por correo\" href='mailto:?subject=Gobierno%20en%20Terreno%3A%20Acercando%20el%20Estado%20a%20las%20personas&#038;body=https:\/\/radiorevelacionfm.cl\/?p=53867' aria-hidden='false' data-av_icon='\ue805' data-av_iconfont='entypo-fontello' title='' data-avia-related-tooltip='Compartir por correo'><span class='avia_hidden_link_text'>Compartir por correo<\/span><\/a><\/li><\/ul><\/div><\/div>\n<div  style='height:50px' class='hr hr-invisible   avia-builder-el-8  el_after_av_social_share  el_before_av_comments_list '><span class='hr-inner ' ><span class='hr-inner-style'><\/span><\/span><\/div>\n<div  class='av-buildercomment  av-blog-meta-html-info-disabled av-blog-meta-tag-disabled  '><\/div>\n","protected":false},"excerpt":{"rendered":"","protected":false},"author":1,"featured_media":53868,"comment_status":"closed","ping_status":"closed","sticky":false,"template":"","format":"standard","meta":{"footnotes":""},"categories":[38],"tags":[],"class_list":["post-53867","post","type-post","status-publish","format-standard","has-post-thumbnail","hentry","category-regional"],"jetpack_featured_media_url":"https:\/\/radiorevelacionfm.cl\/wp-content\/uploads\/2025\/05\/Foto-1-Mesa-Espejo-1-1.jpeg","_links":{"self":[{"href":"https:\/\/radiorevelacionfm.cl\/index.php?rest_route=\/wp\/v2\/posts\/53867","targetHints":{"allow":["GET"]}}],"collection":[{"href":"https:\/\/radiorevelacionfm.cl\/index.php?rest_route=\/wp\/v2\/posts"}],"about":[{"href":"https:\/\/radiorevelacionfm.cl\/index.php?rest_route=\/wp\/v2\/types\/post"}],"author":[{"embeddable":true,"href":"https:\/\/radiorevelacionfm.cl\/index.php?rest_route=\/wp\/v2\/users\/1"}],"replies":[{"embeddable":true,"href":"https:\/\/radiorevelacionfm.cl\/index.php?rest_route=%2Fwp%2Fv2%2Fcomments&post=53867"}],"version-history":[{"count":2,"href":"https:\/\/radiorevelacionfm.cl\/index.php?rest_route=\/wp\/v2\/posts\/53867\/revisions"}],"predecessor-version":[{"id":53889,"href":"https:\/\/radiorevelacionfm.cl\/index.php?rest_route=\/wp\/v2\/posts\/53867\/revisions\/53889"}],"wp:featuredmedia":[{"embeddable":true,"href":"https:\/\/radiorevelacionfm.cl\/index.php?rest_route=\/wp\/v2\/media\/53868"}],"wp:attachment":[{"href":"https:\/\/radiorevelacionfm.cl\/index.php?rest_route=%2Fwp%2Fv2%2Fmedia&parent=53867"}],"wp:term":[{"taxonomy":"category","embeddable":true,"href":"https:\/\/radiorevelacionfm.cl\/index.php?rest_route=%2Fwp%2Fv2%2Fcategories&post=53867"},{"taxonomy":"post_tag","embeddable":true,"href":"https:\/\/radiorevelacionfm.cl\/index.php?rest_route=%2Fwp%2Fv2%2Ftags&post=53867"}],"curies":[{"name":"wp","href":"https:\/\/api.w.org\/{rel}","templated":true}]}}