{"id":5386,"date":"2021-06-17T14:27:54","date_gmt":"2021-06-17T17:27:54","guid":{"rendered":"https:\/\/radiorevelacionfm.cl\/?p=5386"},"modified":"2021-06-17T14:27:54","modified_gmt":"2021-06-17T17:27:54","slug":"con-la-entrega-de-terreno-la-unidad-de-glaciologia-del-mop-inicia-construccion-de-estacion-de-monitoreo-del-glaciar-calluqueo","status":"publish","type":"post","link":"https:\/\/radiorevelacionfm.cl\/?p=5386","title":{"rendered":"Con la entrega de terreno la Unidad de Glaciolog\u00eda del MOP inicia construcci\u00f3n de estaci\u00f3n de monitoreo del glaciar Calluqueo"},"content":{"rendered":"<div class=\"flex_column av_one_full  flex_column_div av-zero-column-padding first  avia-builder-el-0  el_before_av_one_full  avia-builder-el-first  \" style='border-radius:0px; '><div  class='avia-image-container  av-styling-    avia-builder-el-1  avia-builder-el-no-sibling  avia-align-center '  itemprop=\"image\" itemscope=\"itemscope\" itemtype=\"https:\/\/schema.org\/ImageObject\"  ><div class='avia-image-container-inner'><div class='avia-image-overlay-wrap'><img decoding=\"async\" class='wp-image-5387 avia-img-lazy-loading-not-5387 avia_image' src=\"https:\/\/radiorevelacionfm.cl\/wp-content\/uploads\/2021\/06\/estacion-calluqueo-1_optimized.jpg\" alt='' title='estacion-calluqueo-1_optimized' height=\"597\" width=\"1280\"  itemprop=\"thumbnailUrl\" srcset=\"https:\/\/radiorevelacionfm.cl\/wp-content\/uploads\/2021\/06\/estacion-calluqueo-1_optimized.jpg 1280w, https:\/\/radiorevelacionfm.cl\/wp-content\/uploads\/2021\/06\/estacion-calluqueo-1_optimized-300x140.jpg 300w, https:\/\/radiorevelacionfm.cl\/wp-content\/uploads\/2021\/06\/estacion-calluqueo-1_optimized-1030x480.jpg 1030w, https:\/\/radiorevelacionfm.cl\/wp-content\/uploads\/2021\/06\/estacion-calluqueo-1_optimized-768x358.jpg 768w, https:\/\/radiorevelacionfm.cl\/wp-content\/uploads\/2021\/06\/estacion-calluqueo-1_optimized-705x329.jpg 705w, https:\/\/radiorevelacionfm.cl\/wp-content\/uploads\/2021\/06\/estacion-calluqueo-1_optimized-600x280.jpg 600w\" sizes=\"(max-width: 1280px) 100vw, 1280px\" \/><\/div><\/div><\/div><\/div><div class=\"flex_column av_one_full  flex_column_div av-zero-column-padding first  avia-builder-el-2  el_after_av_one_full  el_before_av_one_full  column-top-margin\" style='border-radius:0px; '><section class=\"av_textblock_section \"  itemscope=\"itemscope\" itemtype=\"https:\/\/schema.org\/BlogPosting\" itemprop=\"blogPost\" ><div class='avia_textblock  '   itemprop=\"text\" ><p style=\"text-align: center;\"><span style=\"font-size: 18pt;\"><strong>Con la entrega de terreno la Unidad de Glaciolog\u00eda del MOP inicia construcci\u00f3n de estaci\u00f3n de monitoreo del glaciar Calluqueo<\/strong><\/span><\/p>\n<div id=\"gtx-trans\" style=\"position: absolute; left: -50px; top: 4.31534px;\">\n<div class=\"gtx-trans-icon\"><\/div>\n<\/div>\n<\/div><\/section><\/div><div class=\"flex_column av_one_full  flex_column_div av-zero-column-padding first  avia-builder-el-4  el_after_av_one_full  el_before_av_hr  column-top-margin\" style='border-radius:0px; '><section class=\"av_textblock_section \"  itemscope=\"itemscope\" itemtype=\"https:\/\/schema.org\/BlogPosting\" itemprop=\"blogPost\" ><div class='avia_textblock  '   itemprop=\"text\" ><p style=\"text-align: justify;\">Trabajo intersectorial entre Bienes Nacionales y la Unidad de Glaciolog\u00eda del Ministerio de Obras P\u00fablicas, MOP Ays\u00e9n, permiti\u00f3 dar inicio a la instalaci\u00f3n de una plataforma de medici\u00f3n del Glaciar Calluqueo.<\/p>\n<p style=\"text-align: justify;\">Este mi\u00e9rcoles la Seremi Ana Mar\u00eda Mora, junto a profesionales de la unidad de glaciolog\u00eda, subieron al glaciar Calluqueo para ubicar el lugar espec\u00edfico en el que se instalar\u00e1 la nueva estaci\u00f3n, este trabajo permitir\u00e1 conocer las variables meteorol\u00f3gicas, fluviom\u00e9tricas y la variaci\u00f3n del volumen de esta masa de hielo, permitiendo compararla en el tiempo. Glaciar que cumple un importante rol en la conservaci\u00f3n y protecci\u00f3n de diversas especies y sus ecosistemas.<\/p>\n<p style=\"text-align: justify;\">Jorge O\u00b4Kuinghttons Villena, jefe de la Unidad de Glaciolog\u00eda de la Direcci\u00f3n General de Aguas del MOP, explic\u00f3 que la nueva estaci\u00f3n se suma a una red de monitoreo que opera en los diversos cuerpos de hielo de la regi\u00f3n de Ays\u00e9n. \u201cTenemos una red de estaciones de monitoreo de las condiciones meteorol\u00f3gicas y fluviom\u00e9tricas de la vertiente oriental y occidental de los campos de hielo norte y sur, esto nos permite conocer las caracter\u00edsticas de los glaciares de la regi\u00f3n; por otro lado, tenemos otras estaciones que nos ayudan a diagnosticar y caracterizar fen\u00f3menos que puedan generar riesgos para la poblaci\u00f3n frente a eventos hidrol\u00f3gicos extremos, como descargas de lagos proglaciares, que puedan inundar valles poblados. Ahora, en este caso lo que hicimos es localizar el lugar espec\u00edfico en el que se va a instalar la estaci\u00f3n en el Calluqueo, glaciar que se encuentra fuera de las dos principales masas de hielo de la regi\u00f3n. Aqu\u00ed realizaremos registros topogr\u00e1ficos que nos permitan mapear la superficie del glaciar, generando modelos de elevaci\u00f3n en 3D, establecer balances de su masa y compararlas en el tiempo\u201d.<\/p>\n<p style=\"text-align: justify;\">Por otro lado, la Seremi Ana Mar\u00eda Mora Araneda, se refiri\u00f3 a c\u00f3mo el territorio fiscal est\u00e1 puesto a disposici\u00f3n de distintas actividades. \u201cLa transversalidad del trabajo que realiza el Ministerio de Bienes Nacionales, nos lleva a aportar con inmuebles a diversas \u00e1reas productivas, por ejemplo, al turismo, a la conectividad, conservaci\u00f3n del medio ambiente o al emprendimiento, y en esta ocasi\u00f3n, a la ciencia. A esto se suma el compromiso asumido por el ministro Julio Isamit en su \u00faltima visita a la regi\u00f3n, cuando junto al alcalde de Cochrane visitaron el mirador, en el cual se proyectan nuevas instalaciones y servicios que hagan de este lugar un hito en la Carretera Austral\u201d.<\/p>\n<p style=\"text-align: justify;\">Para conocer m\u00e1s sobre el BNP Cerro San Lorenzo los invitamos a revisar la p\u00e1gina del Ministerio de Bienes Nacionales: http:\/\/patrimonio.bienes.cl\/.<\/p>\n<\/div><\/section><\/div><div  style='height:50px' class='hr hr-invisible   avia-builder-el-6  el_after_av_one_full  el_before_av_social_share '><span class='hr-inner ' ><span class='hr-inner-style'><\/span><\/span><\/div><\/p>\n<div  class='av-social-sharing-box  avia-builder-el-7  el_after_av_hr  el_before_av_hr  '><div class='av-share-box'><h5 class='av-share-link-description av-no-toc '>Compartir esta noticia<\/h5><ul class='av-share-box-list noLightbox'><li class='av-share-link av-social-link-facebook' ><a target=\"_blank\" aria-label=\"Compartir en Facebook\" href='https:\/\/www.facebook.com\/sharer.php?u=https:\/\/radiorevelacionfm.cl\/?p=5386&#038;t=Con%20la%20entrega%20de%20terreno%20la%20Unidad%20de%20Glaciolog%C3%ADa%20del%20MOP%20inicia%20construcci%C3%B3n%20de%20estaci%C3%B3n%20de%20monitoreo%20del%20glaciar%20Calluqueo' aria-hidden='false' data-av_icon='\ue8f3' data-av_iconfont='entypo-fontello' title='' data-avia-related-tooltip='Compartir en Facebook' rel=\"noopener\"><span class='avia_hidden_link_text'>Compartir en Facebook<\/span><\/a><\/li><li class='av-share-link av-social-link-twitter' ><a target=\"_blank\" aria-label=\"Compartir en Twitter\" href='https:\/\/twitter.com\/share?text=Con%20la%20entrega%20de%20terreno%20la%20Unidad%20de%20Glaciolog%C3%ADa%20del%20MOP%20inicia%20construcci%C3%B3n%20de%20estaci%C3%B3n%20de%20monitoreo%20del%20glaciar%20Calluqueo&#038;url=https:\/\/radiorevelacionfm.cl\/?p=5386' aria-hidden='false' data-av_icon='\ue8f1' data-av_iconfont='entypo-fontello' title='' data-avia-related-tooltip='Compartir en Twitter' rel=\"noopener\"><span class='avia_hidden_link_text'>Compartir en Twitter<\/span><\/a><\/li><li class='av-share-link av-social-link-whatsapp' ><a target=\"_blank\" aria-label=\"Compartir en Whatsapp\" href='https:\/\/api.whatsapp.com\/send?text=https:\/\/radiorevelacionfm.cl\/?p=5386' aria-hidden='false' data-av_icon='\uf232' data-av_iconfont='entypo-fontello' title='' data-avia-related-tooltip='Compartir en Whatsapp' rel=\"noopener\"><span class='avia_hidden_link_text'>Compartir en Whatsapp<\/span><\/a><\/li><li class='av-share-link av-social-link-linkedin' ><a target=\"_blank\" aria-label=\"Compartir en LinkedIn\" href='https:\/\/linkedin.com\/shareArticle?mini=true&#038;title=Con%20la%20entrega%20de%20terreno%20la%20Unidad%20de%20Glaciolog%C3%ADa%20del%20MOP%20inicia%20construcci%C3%B3n%20de%20estaci%C3%B3n%20de%20monitoreo%20del%20glaciar%20Calluqueo&#038;url=https:\/\/radiorevelacionfm.cl\/?p=5386' aria-hidden='false' data-av_icon='\ue8fc' data-av_iconfont='entypo-fontello' title='' data-avia-related-tooltip='Compartir en LinkedIn' rel=\"noopener\"><span class='avia_hidden_link_text'>Compartir en LinkedIn<\/span><\/a><\/li><li class='av-share-link av-social-link-mail' ><a  aria-label=\"Compartir por correo\" href='mailto:?subject=Con%20la%20entrega%20de%20terreno%20la%20Unidad%20de%20Glaciolog%C3%ADa%20del%20MOP%20inicia%20construcci%C3%B3n%20de%20estaci%C3%B3n%20de%20monitoreo%20del%20glaciar%20Calluqueo&#038;body=https:\/\/radiorevelacionfm.cl\/?p=5386' aria-hidden='false' data-av_icon='\ue805' data-av_iconfont='entypo-fontello' title='' data-avia-related-tooltip='Compartir por correo'><span class='avia_hidden_link_text'>Compartir por correo<\/span><\/a><\/li><\/ul><\/div><\/div>\n<div  style='height:50px' class='hr hr-invisible   avia-builder-el-8  el_after_av_social_share  el_before_av_comments_list '><span class='hr-inner ' ><span class='hr-inner-style'><\/span><\/span><\/div>\n<div  class='av-buildercomment  av-blog-meta-html-info-disabled av-blog-meta-tag-disabled  '><\/div>\n","protected":false},"excerpt":{"rendered":"","protected":false},"author":1,"featured_media":5387,"comment_status":"open","ping_status":"open","sticky":false,"template":"","format":"standard","meta":{"footnotes":""},"categories":[38],"tags":[],"class_list":["post-5386","post","type-post","status-publish","format-standard","has-post-thumbnail","hentry","category-regional"],"jetpack_featured_media_url":"https:\/\/radiorevelacionfm.cl\/wp-content\/uploads\/2021\/06\/estacion-calluqueo-1_optimized.jpg","_links":{"self":[{"href":"https:\/\/radiorevelacionfm.cl\/index.php?rest_route=\/wp\/v2\/posts\/5386","targetHints":{"allow":["GET"]}}],"collection":[{"href":"https:\/\/radiorevelacionfm.cl\/index.php?rest_route=\/wp\/v2\/posts"}],"about":[{"href":"https:\/\/radiorevelacionfm.cl\/index.php?rest_route=\/wp\/v2\/types\/post"}],"author":[{"embeddable":true,"href":"https:\/\/radiorevelacionfm.cl\/index.php?rest_route=\/wp\/v2\/users\/1"}],"replies":[{"embeddable":true,"href":"https:\/\/radiorevelacionfm.cl\/index.php?rest_route=%2Fwp%2Fv2%2Fcomments&post=5386"}],"version-history":[{"count":1,"href":"https:\/\/radiorevelacionfm.cl\/index.php?rest_route=\/wp\/v2\/posts\/5386\/revisions"}],"predecessor-version":[{"id":5388,"href":"https:\/\/radiorevelacionfm.cl\/index.php?rest_route=\/wp\/v2\/posts\/5386\/revisions\/5388"}],"wp:featuredmedia":[{"embeddable":true,"href":"https:\/\/radiorevelacionfm.cl\/index.php?rest_route=\/wp\/v2\/media\/5387"}],"wp:attachment":[{"href":"https:\/\/radiorevelacionfm.cl\/index.php?rest_route=%2Fwp%2Fv2%2Fmedia&parent=5386"}],"wp:term":[{"taxonomy":"category","embeddable":true,"href":"https:\/\/radiorevelacionfm.cl\/index.php?rest_route=%2Fwp%2Fv2%2Fcategories&post=5386"},{"taxonomy":"post_tag","embeddable":true,"href":"https:\/\/radiorevelacionfm.cl\/index.php?rest_route=%2Fwp%2Fv2%2Ftags&post=5386"}],"curies":[{"name":"wp","href":"https:\/\/api.w.org\/{rel}","templated":true}]}}