{"id":53859,"date":"2025-05-13T18:13:30","date_gmt":"2025-05-13T21:13:30","guid":{"rendered":"https:\/\/radiorevelacionfm.cl\/?p=53859"},"modified":"2025-05-13T18:13:30","modified_gmt":"2025-05-13T21:13:30","slug":"senda-lanza-nueva-oferta-programatica-de-prevencion-y-tratamiento-en-chile-chico","status":"publish","type":"post","link":"https:\/\/radiorevelacionfm.cl\/?p=53859","title":{"rendered":"Senda lanza nueva oferta program\u00e1tica de prevenci\u00f3n y tratamiento en Chile Chico"},"content":{"rendered":"<div class=\"flex_column av_one_full  flex_column_div av-zero-column-padding first  avia-builder-el-0  el_before_av_one_full  avia-builder-el-first  \" style='border-radius:0px; '><div  class='avia-image-container  av-styling-    avia-builder-el-1  avia-builder-el-no-sibling  avia-align-center '  itemprop=\"image\" itemscope=\"itemscope\" itemtype=\"https:\/\/schema.org\/ImageObject\"  ><div class='avia-image-container-inner'><div class='avia-image-overlay-wrap'><img decoding=\"async\" class='wp-image-53861 avia-img-lazy-loading-not-53861 avia_image' src=\"https:\/\/radiorevelacionfm.cl\/wp-content\/uploads\/2025\/05\/ch-ch-1-1_optimized.jpeg\" alt='' title='ch-ch-1-(1)_optimized' height=\"600\" width=\"986\"  itemprop=\"thumbnailUrl\" srcset=\"https:\/\/radiorevelacionfm.cl\/wp-content\/uploads\/2025\/05\/ch-ch-1-1_optimized.jpeg 986w, https:\/\/radiorevelacionfm.cl\/wp-content\/uploads\/2025\/05\/ch-ch-1-1_optimized-300x183.jpeg 300w, https:\/\/radiorevelacionfm.cl\/wp-content\/uploads\/2025\/05\/ch-ch-1-1_optimized-768x467.jpeg 768w, https:\/\/radiorevelacionfm.cl\/wp-content\/uploads\/2025\/05\/ch-ch-1-1_optimized-705x429.jpeg 705w, https:\/\/radiorevelacionfm.cl\/wp-content\/uploads\/2025\/05\/ch-ch-1-1_optimized-450x274.jpeg 450w, https:\/\/radiorevelacionfm.cl\/wp-content\/uploads\/2025\/05\/ch-ch-1-1_optimized-600x365.jpeg 600w\" sizes=\"(max-width: 986px) 100vw, 986px\" \/><\/div><\/div><\/div><\/div><div class=\"flex_column av_one_full  flex_column_div av-zero-column-padding first  avia-builder-el-2  el_after_av_one_full  el_before_av_one_full  column-top-margin\" style='border-radius:0px; '><section class=\"av_textblock_section \"  itemscope=\"itemscope\" itemtype=\"https:\/\/schema.org\/BlogPosting\" itemprop=\"blogPost\" ><div class='avia_textblock  '   itemprop=\"text\" ><p style=\"text-align: center;\"><strong><span style=\"font-size: 18pt;\">Senda lanza nueva oferta program\u00e1tica de prevenci\u00f3n y tratamiento en Chile Chico<\/span><\/strong><\/p>\n<div id=\"gtx-trans\" style=\"position: absolute; left: -50px; top: 4.31534px;\">\n<div class=\"gtx-trans-icon\"><\/div>\n<\/div>\n<\/div><\/section><\/div><div class=\"flex_column av_one_full  flex_column_div av-zero-column-padding first  avia-builder-el-4  el_after_av_one_full  el_before_av_hr  column-top-margin\" style='border-radius:0px; '><section class=\"av_textblock_section \"  itemscope=\"itemscope\" itemtype=\"https:\/\/schema.org\/BlogPosting\" itemprop=\"blogPost\" ><div class='avia_textblock  '   itemprop=\"text\" ><p style=\"text-align: justify;\"><em>La iniciativa permitir\u00e1 fortalecer el trabajo preventivo en escuelas y espacios comunitarios, adem\u00e1s de brindar atenci\u00f3n especializada a adolescentes con consumo problem\u00e1tico de sustancias.<\/em><\/p>\n<p style=\"text-align: justify;\">Con la presencia de autoridades regionales y locales, se realiz\u00f3 el lanzamiento oficial de la nueva oferta program\u00e1tica SENDA Previene y del Programa de Tratamiento Infanto Adolescente en la comuna de Chile Chico.<\/p>\n<p style=\"text-align: justify;\">La iniciativa, impulsada por el Servicio Nacional para la Prevenci\u00f3n y Rehabilitaci\u00f3n del Consumo de Drogas y Alcohol (SENDA), en conjunto con el Servicio de Salud Ays\u00e9n, la Ilustre Municipalidad de Chile Chico y la Delegaci\u00f3n Presidencial Provincial (DPP), marca un hito en el fortalecimiento de la red territorial de prevenci\u00f3n y tratamiento en la regi\u00f3n.<\/p>\n<p style=\"text-align: justify;\">Durante la ceremonia, encabezada por la Directora Regional de SENDA, Victoria Contreras Lemus, se destac\u00f3 la importancia de acercar la oferta p\u00fablica de prevenci\u00f3n y salud mental a territorios hist\u00f3ricamente m\u00e1s aislados, como parte del compromiso de esta administraci\u00f3n con la descentralizaci\u00f3n y el bienestar integral de ni\u00f1os, ni\u00f1as y adolescentes.<\/p>\n<p style=\"text-align: justify;\">\u201cEs un hito que refleja lo que ocurre cuando las instituciones p\u00fablicas se alinean con un prop\u00f3sito com\u00fan: garantizar el derecho de todas y todos a vivir en entornos saludables y protegidos. Esta iniciativa en Chile Chico es una expresi\u00f3n concreta de esa visi\u00f3n: descentralizar el Estado, estar donde m\u00e1s se necesita y generar condiciones de bienestar especialmente para las infancias y juventudes del pa\u00eds\u201d, se\u00f1al\u00f3 la autoridad regional.<\/p>\n<p style=\"text-align: justify;\">La oferta contempla la implementaci\u00f3n del programa SENDA Previene, que trabajar\u00e1 en los establecimientos educacionales de la comuna, incluyendo sectores rurales. Adem\u00e1s, se desarrollar\u00e1n acciones de prevenci\u00f3n comunitaria en dos barrios, talleres preventivos con MYPES y se fortalecer\u00e1n habilidades parentales con organizaciones locales.<\/p>\n<p style=\"text-align: justify;\">En paralelo, se puso en marcha el Programa de Tratamiento Ambulatorio Intensivo para adolescentes, ejecutado por el Hospital de Chile Chico, que brindar\u00e1 atenci\u00f3n especializada a j\u00f3venes menores de 18 a\u00f1os con consumo problem\u00e1tico de sustancias, no infractores de ley. El programa cuenta con una cobertura estimada de 63 plazas anuales y un presupuesto inicial de m\u00e1s de 45 millones de pesos y que viene a complementar el programa ambulatorio intensivo para poblaci\u00f3n general que ya se implementa en la comuna.<\/p>\n<p style=\"text-align: justify;\">El <strong>director del Servicio de Salud Ays\u00e9n, Juan Pablo Bravo Quintana<\/strong><strong>,<\/strong> destac\u00f3 el impacto de este avance en la red p\u00fablica, \u201ceste hito que marca el lanzamiento de dos programas, es un avance significativo en el programa de prevenci\u00f3n y tratamiento en zonas extremas, es darle pertinencia territorial y acercar la salud a las comunidades. Este es un claro ejemplo de c\u00f3mo trabajamos con el intersector para implementar las l\u00edneas estrat\u00e9gicas de prevenci\u00f3n, de promoci\u00f3n y de tratamiento de salud mental\u201d.<\/p>\n<p style=\"text-align: justify;\">Durante el lanzamiento tambi\u00e9n se presentaron algunos resultados de la Encuesta Juventud y Bienestar 2024, aplicada a estudiantes de segundo medio en la comuna. Entre los hallazgos, se indic\u00f3 que un 25,7% declar\u00f3 un consumo de alcohol en el \u00faltimo mes, y un 30% se\u00f1al\u00f3 haber consumido marihuana alguna vez en la vida. A la vez, se evidenciaron factores protectores importantes: el 81,4% manifest\u00f3 sentirse feliz con su vida, y un 67,6% se\u00f1al\u00f3 sentirse f\u00edsicamente fuerte y saludable, lo que refuerza la necesidad de seguir avanzando en pol\u00edticas p\u00fablicas orientadas al bienestar juvenil.<\/p>\n<p style=\"text-align: justify;\">La <strong>Directora de Desarrollo Comunitario (Dideco)<\/strong> de la Municipalidad de Chile Chico, Deisi Fica Schuster, valor\u00f3 el trabajo colaborativo, \u201cpara nosotros es un agrado contar con la ejecuci\u00f3n de nuestro programa SENDA Previene, sabemos la importancia que tiene porque formamos parte de muchas mesas de trabajo y siempre estuvo presente este requerimiento\u201d.<\/p>\n<p style=\"text-align: justify;\">La jornada concluy\u00f3 con la firma simb\u00f3lica de un compromiso interinstitucional entre SENDA, el Servicio de Salud Ays\u00e9n, la Delegaci\u00f3n Provincial y el municipio, reafirmando la voluntad de seguir trabajando coordinadamente por una comuna con m\u00e1s oportunidades, protecci\u00f3n y salud para su poblaci\u00f3n m\u00e1s joven.<\/p>\n<\/div><\/section><\/div><div  style='height:50px' class='hr hr-invisible   avia-builder-el-6  el_after_av_one_full  el_before_av_social_share '><span class='hr-inner ' ><span class='hr-inner-style'><\/span><\/span><\/div><\/p>\n<div  class='av-social-sharing-box  avia-builder-el-7  el_after_av_hr  el_before_av_hr  '><div class='av-share-box'><h5 class='av-share-link-description av-no-toc '>Compartir esta noticia<\/h5><ul class='av-share-box-list noLightbox'><li class='av-share-link av-social-link-facebook' ><a target=\"_blank\" aria-label=\"Compartir en Facebook\" href='https:\/\/www.facebook.com\/sharer.php?u=https:\/\/radiorevelacionfm.cl\/?p=53859&#038;t=Senda%20lanza%20nueva%20oferta%20program%C3%A1tica%20de%20prevenci%C3%B3n%20y%20tratamiento%20en%20Chile%20Chico' aria-hidden='false' data-av_icon='\ue8f3' data-av_iconfont='entypo-fontello' title='' data-avia-related-tooltip='Compartir en Facebook' rel=\"noopener\"><span class='avia_hidden_link_text'>Compartir en Facebook<\/span><\/a><\/li><li class='av-share-link av-social-link-twitter' ><a target=\"_blank\" aria-label=\"Compartir en Twitter\" href='https:\/\/twitter.com\/share?text=Senda%20lanza%20nueva%20oferta%20program%C3%A1tica%20de%20prevenci%C3%B3n%20y%20tratamiento%20en%20Chile%20Chico&#038;url=https:\/\/radiorevelacionfm.cl\/?p=53859' aria-hidden='false' data-av_icon='\ue8f1' data-av_iconfont='entypo-fontello' title='' data-avia-related-tooltip='Compartir en Twitter' rel=\"noopener\"><span class='avia_hidden_link_text'>Compartir en Twitter<\/span><\/a><\/li><li class='av-share-link av-social-link-whatsapp' ><a target=\"_blank\" aria-label=\"Compartir en Whatsapp\" href='https:\/\/api.whatsapp.com\/send?text=https:\/\/radiorevelacionfm.cl\/?p=53859' aria-hidden='false' data-av_icon='\uf232' data-av_iconfont='entypo-fontello' title='' data-avia-related-tooltip='Compartir en Whatsapp' rel=\"noopener\"><span class='avia_hidden_link_text'>Compartir en Whatsapp<\/span><\/a><\/li><li class='av-share-link av-social-link-linkedin' ><a target=\"_blank\" aria-label=\"Compartir en LinkedIn\" href='https:\/\/linkedin.com\/shareArticle?mini=true&#038;title=Senda%20lanza%20nueva%20oferta%20program%C3%A1tica%20de%20prevenci%C3%B3n%20y%20tratamiento%20en%20Chile%20Chico&#038;url=https:\/\/radiorevelacionfm.cl\/?p=53859' aria-hidden='false' data-av_icon='\ue8fc' data-av_iconfont='entypo-fontello' title='' data-avia-related-tooltip='Compartir en LinkedIn' rel=\"noopener\"><span class='avia_hidden_link_text'>Compartir en LinkedIn<\/span><\/a><\/li><li class='av-share-link av-social-link-mail' ><a  aria-label=\"Compartir por correo\" href='mailto:?subject=Senda%20lanza%20nueva%20oferta%20program%C3%A1tica%20de%20prevenci%C3%B3n%20y%20tratamiento%20en%20Chile%20Chico&#038;body=https:\/\/radiorevelacionfm.cl\/?p=53859' aria-hidden='false' data-av_icon='\ue805' data-av_iconfont='entypo-fontello' title='' data-avia-related-tooltip='Compartir por correo'><span class='avia_hidden_link_text'>Compartir por correo<\/span><\/a><\/li><\/ul><\/div><\/div>\n<div  style='height:50px' class='hr hr-invisible   avia-builder-el-8  el_after_av_social_share  el_before_av_comments_list '><span class='hr-inner ' ><span class='hr-inner-style'><\/span><\/span><\/div>\n<div  class='av-buildercomment  av-blog-meta-html-info-disabled av-blog-meta-tag-disabled  '><\/div>\n","protected":false},"excerpt":{"rendered":"","protected":false},"author":1,"featured_media":53861,"comment_status":"closed","ping_status":"closed","sticky":false,"template":"","format":"standard","meta":{"footnotes":""},"categories":[38],"tags":[],"class_list":["post-53859","post","type-post","status-publish","format-standard","has-post-thumbnail","hentry","category-regional"],"jetpack_featured_media_url":"https:\/\/radiorevelacionfm.cl\/wp-content\/uploads\/2025\/05\/ch-ch-1-1_optimized.jpeg","_links":{"self":[{"href":"https:\/\/radiorevelacionfm.cl\/index.php?rest_route=\/wp\/v2\/posts\/53859","targetHints":{"allow":["GET"]}}],"collection":[{"href":"https:\/\/radiorevelacionfm.cl\/index.php?rest_route=\/wp\/v2\/posts"}],"about":[{"href":"https:\/\/radiorevelacionfm.cl\/index.php?rest_route=\/wp\/v2\/types\/post"}],"author":[{"embeddable":true,"href":"https:\/\/radiorevelacionfm.cl\/index.php?rest_route=\/wp\/v2\/users\/1"}],"replies":[{"embeddable":true,"href":"https:\/\/radiorevelacionfm.cl\/index.php?rest_route=%2Fwp%2Fv2%2Fcomments&post=53859"}],"version-history":[{"count":2,"href":"https:\/\/radiorevelacionfm.cl\/index.php?rest_route=\/wp\/v2\/posts\/53859\/revisions"}],"predecessor-version":[{"id":53863,"href":"https:\/\/radiorevelacionfm.cl\/index.php?rest_route=\/wp\/v2\/posts\/53859\/revisions\/53863"}],"wp:featuredmedia":[{"embeddable":true,"href":"https:\/\/radiorevelacionfm.cl\/index.php?rest_route=\/wp\/v2\/media\/53861"}],"wp:attachment":[{"href":"https:\/\/radiorevelacionfm.cl\/index.php?rest_route=%2Fwp%2Fv2%2Fmedia&parent=53859"}],"wp:term":[{"taxonomy":"category","embeddable":true,"href":"https:\/\/radiorevelacionfm.cl\/index.php?rest_route=%2Fwp%2Fv2%2Fcategories&post=53859"},{"taxonomy":"post_tag","embeddable":true,"href":"https:\/\/radiorevelacionfm.cl\/index.php?rest_route=%2Fwp%2Fv2%2Ftags&post=53859"}],"curies":[{"name":"wp","href":"https:\/\/api.w.org\/{rel}","templated":true}]}}