{"id":53855,"date":"2025-05-13T16:31:19","date_gmt":"2025-05-13T19:31:19","guid":{"rendered":"https:\/\/radiorevelacionfm.cl\/?p=53855"},"modified":"2025-05-13T16:31:19","modified_gmt":"2025-05-13T19:31:19","slug":"en-coyhaique-dan-el-vamos-a-los-juegos-deportivos-escolares-2025","status":"publish","type":"post","link":"https:\/\/radiorevelacionfm.cl\/?p=53855","title":{"rendered":"En Coyhaique dan el vamos a los Juegos Deportivos Escolares 2025"},"content":{"rendered":"<div class=\"flex_column av_one_full  flex_column_div av-zero-column-padding first  avia-builder-el-0  el_before_av_one_full  avia-builder-el-first  \" style='border-radius:0px; '><div  class='avia-image-container  av-styling-    avia-builder-el-1  avia-builder-el-no-sibling  avia-align-center '  itemprop=\"image\" itemscope=\"itemscope\" itemtype=\"https:\/\/schema.org\/ImageObject\"  ><div class='avia-image-container-inner'><div class='avia-image-overlay-wrap'><img decoding=\"async\" class='wp-image-53856 avia-img-lazy-loading-not-53856 avia_image' src=\"https:\/\/radiorevelacionfm.cl\/wp-content\/uploads\/2025\/05\/whatsapp-image-2025-05-13-at-1_optimized.55.13-pm-1.jpeg\" alt='' title='whatsapp-image-2025-05-13-at-1_optimized.55.13-pm-(1)' height=\"600\" width=\"800\"  itemprop=\"thumbnailUrl\" srcset=\"https:\/\/radiorevelacionfm.cl\/wp-content\/uploads\/2025\/05\/whatsapp-image-2025-05-13-at-1_optimized.55.13-pm-1.jpeg 800w, https:\/\/radiorevelacionfm.cl\/wp-content\/uploads\/2025\/05\/whatsapp-image-2025-05-13-at-1_optimized.55.13-pm-1-300x225.jpeg 300w, https:\/\/radiorevelacionfm.cl\/wp-content\/uploads\/2025\/05\/whatsapp-image-2025-05-13-at-1_optimized.55.13-pm-1-768x576.jpeg 768w, https:\/\/radiorevelacionfm.cl\/wp-content\/uploads\/2025\/05\/whatsapp-image-2025-05-13-at-1_optimized.55.13-pm-1-705x529.jpeg 705w, https:\/\/radiorevelacionfm.cl\/wp-content\/uploads\/2025\/05\/whatsapp-image-2025-05-13-at-1_optimized.55.13-pm-1-450x338.jpeg 450w, https:\/\/radiorevelacionfm.cl\/wp-content\/uploads\/2025\/05\/whatsapp-image-2025-05-13-at-1_optimized.55.13-pm-1-600x450.jpeg 600w\" sizes=\"(max-width: 800px) 100vw, 800px\" \/><\/div><\/div><\/div><\/div><div class=\"flex_column av_one_full  flex_column_div av-zero-column-padding first  avia-builder-el-2  el_after_av_one_full  el_before_av_one_full  column-top-margin\" style='border-radius:0px; '><section class=\"av_textblock_section \"  itemscope=\"itemscope\" itemtype=\"https:\/\/schema.org\/BlogPosting\" itemprop=\"blogPost\" ><div class='avia_textblock  '   itemprop=\"text\" ><p style=\"text-align: center;\"><strong><span style=\"font-size: 18pt;\">En Coyhaique dan el vamos a los Juegos Deportivos Escolares 2025<\/span><\/strong><\/p>\n<div id=\"gtx-trans\" style=\"position: absolute; left: -50px; top: 4.31534px;\">\n<div class=\"gtx-trans-icon\"><\/div>\n<\/div>\n<\/div><\/section><\/div><div class=\"flex_column av_one_full  flex_column_div av-zero-column-padding first  avia-builder-el-4  el_after_av_one_full  el_before_av_hr  column-top-margin\" style='border-radius:0px; '><section class=\"av_textblock_section \"  itemscope=\"itemscope\" itemtype=\"https:\/\/schema.org\/BlogPosting\" itemprop=\"blogPost\" ><div class='avia_textblock  '   itemprop=\"text\" ><p style=\"text-align: justify;\"><em>En Coyhaique, este martes el Instituto de Deportes (IND) junto a MINDEP realiz\u00f3 el lanzamiento regional de la gran fiesta del deporte escolar que convocar\u00e1 a 200 mil estudiantes de todo el pa\u00eds.<\/em><\/p>\n<p style=\"text-align: justify;\">En dependencias del Centro de Entrenamiento Regional de desarroll\u00f3 el lanzamiento oficial de los Juegos Deportivos Escolares 2025 en su etapa comunal y regional; evento organizado por el Ministerio del Deporte y ejecutado por el Instituto Nacional de Deportes (IND) en colaboraci\u00f3n con el Ministerio de Educaci\u00f3n, instancia que marca el inicio de una nueva versi\u00f3n del torneo escolar m\u00e1s importante del pa\u00eds.<\/p>\n<p style=\"text-align: justify;\">En la regi\u00f3n de Ays\u00e9n las disciplinas corresponden a: Futsal, B\u00e1squetbol, Voleibol, Ajedrez, Tenis de Mesa, Atletismo, Judo, Nataci\u00f3n, Balonmano y Ciclismo.<\/p>\n<p style=\"text-align: justify;\">El acto cont\u00f3 con la participaci\u00f3n de las autoridades del deporte y educaci\u00f3n, adem\u00e1s de representantes de la comunidad deportiva y escolar.<\/p>\n<p style=\"text-align: justify;\">La Seremi del Deporte, Mar\u00eda Eugenia Dur\u00e1n, destac\u00f3 la gran participaci\u00f3n de delegaciones de las comunas de nuestra regi\u00f3n que participan de este evento y \u00a0se\u00f1al\u00f3 que\u00a0<em>\u00ab<\/em>La Seremi del Deporte, Mar\u00eda Eugenia Dur\u00e1n Jara, destac\u00f3 la gran participaci\u00f3n de estudiantes de distintos establecimientos y comunas de nuestra regi\u00f3n, que se inscribieron de este evento. Asimismo, se\u00f1al\u00f3 que\u00a0<em>\u00abCon este lanzamiento, damos inicio a una nueva edici\u00f3n de los Juegos Deportivos Escolares, el \u00fanico evento de competencias entre establecimientos educacionales en Chile, que independiente de donde vivan los estudiantes, les brinda las mismas oportunidades de inscribirse, reafirmando nuestro compromiso con el deporte formativo y la promoci\u00f3n de h\u00e1bitos de vida saludable en ni\u00f1os y j\u00f3venes de todo el pa\u00eds, esperamos que sean muchos los establecimientos educacionales que a\u00f1o a a\u00f1o se vayan sumando desde las etapas comunales y regionales para as\u00ed llegar a la final nacional, y que este a\u00f1o en particular podr\u00eda permitirles llegar a Brasilia para vivir la experiencia de una final sudamericana\u00a0<\/em>deportiva que sin duda marcar\u00e1 positivamente sus vidas\u00bb.<\/p>\n<p style=\"text-align: justify;\">Asimismo, Guillermo Aros, profesor de la Escuela Aonikenk de Puerto Ib\u00e1\u00f1ez dijo que \u00ab<em>Viaj\u00e9 con el estudiante y deportista C\u00e9sar Gallegos y estamos muy contentos de participar y de que pueda interactuar con ni\u00f1os de otras localidades y pueda sentir lo que es la competencia, as\u00ed que muy felices de poder llegar a esta instancia<\/em>\u00ab<\/p>\n<p style=\"text-align: justify;\">De igual forma, el profesor Javier Gallardo de la escuela Hamburgo de Puyuhuapi coment\u00f3.\u00a0<em>\u00abAl regional de tenis de mesa vinimos con dos estudiantes de la escuela y participaron muy contentos de la experiencia ac\u00e1 en Coyhaique de poder compartir con otros estudiantes y la pr\u00f3xima semana tambi\u00e9n vamos a venir con deportistas de la disciplina de atletismo, tratando de fomentar tambi\u00e9n los deportes individuales como escuela\u00bb.<\/em><\/p>\n<p style=\"text-align: justify;\">Por su parte, el Director Regional del Instituto Nacional de Deportes, Javier Medina, precis\u00f3: \u00ab<em>Estamos muy contentos de este lanzamiento y muy expectantes tambi\u00e9n de lo que va a pasar, el certamen involucra a establecimientos municipales, subvencionados y particulares, congregando j\u00f3venes en las categor\u00edas Sub 14 y Juveniles, mientras que la\u00a0Gran Final Nacional Sub 14 que se efectuar\u00e1 en el Parque Estadio Nacional, desde el 30 de agosto al 11 de septiembre y la final nacional juvenil de b\u00e1squetbol y v\u00f3leibol que se disputar\u00e1 en la Regi\u00f3n de Coquimbo del 23 al 29 de octubre\u00bb.<\/em><\/p>\n<p style=\"text-align: justify;\">La etapa comunal en las distintas disciplinas y localidades comenz\u00f3 el 20 de abril y se extender\u00e1 hasta el 20 de mayo, mientras que la etapa regional es la siguiente:<\/p>\n<p style=\"text-align: justify;\"><strong><u>Calendario Etapa Regional<\/u><\/strong><\/p>\n<ul>\n<li style=\"text-align: justify;\">Tenis de Mesa U14 Gimnasio CER Estadio Regional IND, 13 de mayo<\/li>\n<li style=\"text-align: justify;\">Ajedrez U14 Biblioteca Regional, 13 de mayo<\/li>\n<li style=\"text-align: justify;\">Atletismo y Atletismo Adaptado U14 Pista Atl\u00e9tica Estadio Regional IND, 15 \u2013 16 de mayo<\/li>\n<li style=\"text-align: justify;\">Balonmano 17-18 de Junio, Gimnasio Fiscal, Magallanes #100 Coyhaique<\/li>\n<li style=\"text-align: justify;\">B\u00e1squetbol 6-7 de Junio U14 Polideportivo 21 de Abril, Puerto Ays\u00e9n<\/li>\n<li style=\"text-align: justify;\">B\u00e1squetbol Juvenil, 10-11 de Junio, Gimnasio Fiscal, Magallanes #100 Coyhaique<\/li>\n<li style=\"text-align: justify;\">Ciclismo 18 de Mayo, Coyhaique Alto.<\/li>\n<li style=\"text-align: justify;\">Fustal 27-28 de Mayo, Escuela San Jos\u00e9 Obrero<\/li>\n<li style=\"text-align: justify;\">Voleibol 3-4 de Junio, Gimnasio Fiscal, Magallanes #100 Coyhaique<\/li>\n<li style=\"text-align: justify;\">Judo 30 de Mayo, Gimnasio CER Estadio Regional IND<\/li>\n<li style=\"text-align: justify;\">Nataci\u00f3n, 14-15 de Junio, Polideportivo 21 de Abril, Puerto Ays\u00e9n.<\/li>\n<\/ul>\n<p style=\"text-align: justify;\"><strong>Brasil en la mira<\/strong><\/p>\n<p style=\"text-align: justify;\">A lo largo del a\u00f1o, los Juegos se desarrollar\u00e1n a trav\u00e9s de ligas comunales, provinciales y regionales, culminando en la Final Nacional sub 14 que se realizar\u00e1 del 30 de agosto al 11 de septiembre en el Parque Estadio Nacional.<\/p>\n<p style=\"text-align: justify;\">En este evento, se definir\u00e1n no solo los campeones nacionales, sino que tambi\u00e9n a quienes conformar\u00e1n la delegaci\u00f3n chilena que representar\u00e1 al pa\u00eds en el Sudamericano Escolar 2025 en Brasilia, Brasil, programado para diciembre.<\/p>\n<p style=\"text-align: justify;\">Adem\u00e1s, del 23 al 29 de octubre, la Regi\u00f3n de Coquimbo ser\u00e1 la sede de la Final Nacional Juvenil, que reunir\u00e1 a 768 deportistas en las disciplinas de b\u00e1squetbol y v\u00f3leibol.<\/p>\n<p style=\"text-align: justify;\"><strong>Una inversi\u00f3n y una embajadora<\/strong><\/p>\n<p style=\"text-align: justify;\">El Instituto Nacional de Deportes ha destinado una inversi\u00f3n a nivel nacional de $7.300 millones para el desarrollo de los Juegos, reafirmando su compromiso con el crecimiento del deporte escolar en Chile, adem\u00e1s de confirmar que la reconocida atleta ol\u00edmpica Natalia Duco continuar\u00e1 tal como en el 2024 en su rol de embajadora de los Juegos, acompa\u00f1ando a los j\u00f3venes deportistas y compartiendo su experiencia en el alto rendimiento.<\/p>\n<p style=\"text-align: justify;\">Con este lanzamiento, Chile da inicio a una nueva edici\u00f3n de los Juegos Deportivos Escolares, reafirmando su compromiso con el deporte formativo y la promoci\u00f3n de h\u00e1bitos de vida saludable en ni\u00f1os y j\u00f3venes de todo el pa\u00eds.<\/p>\n<\/div><\/section><\/div><div  style='height:50px' class='hr hr-invisible   avia-builder-el-6  el_after_av_one_full  el_before_av_social_share '><span class='hr-inner ' ><span class='hr-inner-style'><\/span><\/span><\/div><\/p>\n<div  class='av-social-sharing-box  avia-builder-el-7  el_after_av_hr  el_before_av_hr  '><div class='av-share-box'><h5 class='av-share-link-description av-no-toc '>Compartir esta noticia<\/h5><ul class='av-share-box-list noLightbox'><li class='av-share-link av-social-link-facebook' ><a target=\"_blank\" aria-label=\"Compartir en Facebook\" href='https:\/\/www.facebook.com\/sharer.php?u=https:\/\/radiorevelacionfm.cl\/?p=53855&#038;t=En%20Coyhaique%20dan%20el%20vamos%20a%20los%20Juegos%20Deportivos%20Escolares%202025' aria-hidden='false' data-av_icon='\ue8f3' data-av_iconfont='entypo-fontello' title='' data-avia-related-tooltip='Compartir en Facebook' rel=\"noopener\"><span class='avia_hidden_link_text'>Compartir en Facebook<\/span><\/a><\/li><li class='av-share-link av-social-link-twitter' ><a target=\"_blank\" aria-label=\"Compartir en Twitter\" href='https:\/\/twitter.com\/share?text=En%20Coyhaique%20dan%20el%20vamos%20a%20los%20Juegos%20Deportivos%20Escolares%202025&#038;url=https:\/\/radiorevelacionfm.cl\/?p=53855' aria-hidden='false' data-av_icon='\ue8f1' data-av_iconfont='entypo-fontello' title='' data-avia-related-tooltip='Compartir en Twitter' rel=\"noopener\"><span class='avia_hidden_link_text'>Compartir en Twitter<\/span><\/a><\/li><li class='av-share-link av-social-link-whatsapp' ><a target=\"_blank\" aria-label=\"Compartir en Whatsapp\" href='https:\/\/api.whatsapp.com\/send?text=https:\/\/radiorevelacionfm.cl\/?p=53855' aria-hidden='false' data-av_icon='\uf232' data-av_iconfont='entypo-fontello' title='' data-avia-related-tooltip='Compartir en Whatsapp' rel=\"noopener\"><span class='avia_hidden_link_text'>Compartir en Whatsapp<\/span><\/a><\/li><li class='av-share-link av-social-link-linkedin' ><a target=\"_blank\" aria-label=\"Compartir en LinkedIn\" href='https:\/\/linkedin.com\/shareArticle?mini=true&#038;title=En%20Coyhaique%20dan%20el%20vamos%20a%20los%20Juegos%20Deportivos%20Escolares%202025&#038;url=https:\/\/radiorevelacionfm.cl\/?p=53855' aria-hidden='false' data-av_icon='\ue8fc' data-av_iconfont='entypo-fontello' title='' data-avia-related-tooltip='Compartir en LinkedIn' rel=\"noopener\"><span class='avia_hidden_link_text'>Compartir en LinkedIn<\/span><\/a><\/li><li class='av-share-link av-social-link-mail' ><a  aria-label=\"Compartir por correo\" href='mailto:?subject=En%20Coyhaique%20dan%20el%20vamos%20a%20los%20Juegos%20Deportivos%20Escolares%202025&#038;body=https:\/\/radiorevelacionfm.cl\/?p=53855' aria-hidden='false' data-av_icon='\ue805' data-av_iconfont='entypo-fontello' title='' data-avia-related-tooltip='Compartir por correo'><span class='avia_hidden_link_text'>Compartir por correo<\/span><\/a><\/li><\/ul><\/div><\/div>\n<div  style='height:50px' class='hr hr-invisible   avia-builder-el-8  el_after_av_social_share  el_before_av_comments_list '><span class='hr-inner ' ><span class='hr-inner-style'><\/span><\/span><\/div>\n<div  class='av-buildercomment  av-blog-meta-html-info-disabled av-blog-meta-tag-disabled  '><\/div>\n","protected":false},"excerpt":{"rendered":"","protected":false},"author":1,"featured_media":53856,"comment_status":"closed","ping_status":"closed","sticky":false,"template":"","format":"standard","meta":{"footnotes":""},"categories":[40],"tags":[],"class_list":["post-53855","post","type-post","status-publish","format-standard","has-post-thumbnail","hentry","category-deportes"],"jetpack_featured_media_url":"https:\/\/radiorevelacionfm.cl\/wp-content\/uploads\/2025\/05\/whatsapp-image-2025-05-13-at-1_optimized.55.13-pm-1.jpeg","_links":{"self":[{"href":"https:\/\/radiorevelacionfm.cl\/index.php?rest_route=\/wp\/v2\/posts\/53855","targetHints":{"allow":["GET"]}}],"collection":[{"href":"https:\/\/radiorevelacionfm.cl\/index.php?rest_route=\/wp\/v2\/posts"}],"about":[{"href":"https:\/\/radiorevelacionfm.cl\/index.php?rest_route=\/wp\/v2\/types\/post"}],"author":[{"embeddable":true,"href":"https:\/\/radiorevelacionfm.cl\/index.php?rest_route=\/wp\/v2\/users\/1"}],"replies":[{"embeddable":true,"href":"https:\/\/radiorevelacionfm.cl\/index.php?rest_route=%2Fwp%2Fv2%2Fcomments&post=53855"}],"version-history":[{"count":2,"href":"https:\/\/radiorevelacionfm.cl\/index.php?rest_route=\/wp\/v2\/posts\/53855\/revisions"}],"predecessor-version":[{"id":53858,"href":"https:\/\/radiorevelacionfm.cl\/index.php?rest_route=\/wp\/v2\/posts\/53855\/revisions\/53858"}],"wp:featuredmedia":[{"embeddable":true,"href":"https:\/\/radiorevelacionfm.cl\/index.php?rest_route=\/wp\/v2\/media\/53856"}],"wp:attachment":[{"href":"https:\/\/radiorevelacionfm.cl\/index.php?rest_route=%2Fwp%2Fv2%2Fmedia&parent=53855"}],"wp:term":[{"taxonomy":"category","embeddable":true,"href":"https:\/\/radiorevelacionfm.cl\/index.php?rest_route=%2Fwp%2Fv2%2Fcategories&post=53855"},{"taxonomy":"post_tag","embeddable":true,"href":"https:\/\/radiorevelacionfm.cl\/index.php?rest_route=%2Fwp%2Fv2%2Ftags&post=53855"}],"curies":[{"name":"wp","href":"https:\/\/api.w.org\/{rel}","templated":true}]}}