{"id":53851,"date":"2025-05-13T15:54:31","date_gmt":"2025-05-13T18:54:31","guid":{"rendered":"https:\/\/radiorevelacionfm.cl\/?p=53851"},"modified":"2025-05-13T15:54:31","modified_gmt":"2025-05-13T18:54:31","slug":"implementan-iniciativas-para-jj-vv-de-villa-nirehuao-y-escuela-valle-de-la-luna-gracias-a-programa-accion-local","status":"publish","type":"post","link":"https:\/\/radiorevelacionfm.cl\/?p=53851","title":{"rendered":"Implementan iniciativas para JJ.VV. de Villa \u00d1irehuao y Escuela Valle de la Luna gracias a programa Acci\u00f3n Local"},"content":{"rendered":"<div class=\"flex_column av_one_full  flex_column_div av-zero-column-padding first  avia-builder-el-0  el_before_av_one_full  avia-builder-el-first  \" style='border-radius:0px; '><div  class='avia-image-container  av-styling-    avia-builder-el-1  avia-builder-el-no-sibling  avia-align-center '  itemprop=\"image\" itemscope=\"itemscope\" itemtype=\"https:\/\/schema.org\/ImageObject\"  ><div class='avia-image-container-inner'><div class='avia-image-overlay-wrap'><img decoding=\"async\" class='wp-image-53852 avia-img-lazy-loading-not-53852 avia_image' src=\"https:\/\/radiorevelacionfm.cl\/wp-content\/uploads\/2025\/05\/1-accion-local-1_optimized.jpeg\" alt='' title='1-acci\u00f3n-local-(1)_optimized' height=\"600\" width=\"937\"  itemprop=\"thumbnailUrl\" srcset=\"https:\/\/radiorevelacionfm.cl\/wp-content\/uploads\/2025\/05\/1-accion-local-1_optimized.jpeg 937w, https:\/\/radiorevelacionfm.cl\/wp-content\/uploads\/2025\/05\/1-accion-local-1_optimized-300x192.jpeg 300w, https:\/\/radiorevelacionfm.cl\/wp-content\/uploads\/2025\/05\/1-accion-local-1_optimized-768x492.jpeg 768w, https:\/\/radiorevelacionfm.cl\/wp-content\/uploads\/2025\/05\/1-accion-local-1_optimized-705x451.jpeg 705w, https:\/\/radiorevelacionfm.cl\/wp-content\/uploads\/2025\/05\/1-accion-local-1_optimized-450x288.jpeg 450w, https:\/\/radiorevelacionfm.cl\/wp-content\/uploads\/2025\/05\/1-accion-local-1_optimized-600x384.jpeg 600w\" sizes=\"(max-width: 937px) 100vw, 937px\" \/><\/div><\/div><\/div><\/div><div class=\"flex_column av_one_full  flex_column_div av-zero-column-padding first  avia-builder-el-2  el_after_av_one_full  el_before_av_one_full  column-top-margin\" style='border-radius:0px; '><section class=\"av_textblock_section \"  itemscope=\"itemscope\" itemtype=\"https:\/\/schema.org\/BlogPosting\" itemprop=\"blogPost\" ><div class='avia_textblock  '   itemprop=\"text\" ><p style=\"text-align: center;\"><strong><span style=\"font-size: 18pt;\">Implementan iniciativas para JJ.VV. de Villa \u00d1irehuao y Escuela Valle de la Luna gracias a programa Acci\u00f3n Local<\/span><\/strong><\/p>\n<div id=\"gtx-trans\" style=\"position: absolute; left: -50px; top: 4.31534px;\">\n<div class=\"gtx-trans-icon\"><\/div>\n<\/div>\n<\/div><\/section><\/div><div class=\"flex_column av_one_full  flex_column_div av-zero-column-padding first  avia-builder-el-4  el_after_av_one_full  el_before_av_hr  column-top-margin\" style='border-radius:0px; '><section class=\"av_textblock_section \"  itemscope=\"itemscope\" itemtype=\"https:\/\/schema.org\/BlogPosting\" itemprop=\"blogPost\" ><div class='avia_textblock  '   itemprop=\"text\" ><ul>\n<li style=\"text-align: justify;\"><em>La instancia financiada por el FOSIS permiti\u00f3 instalar un telecentro comunitario, adquirir equipamiento para la realizaci\u00f3n de bingos, junto con instrumentos musicales y equipamiento deportivo para ni\u00f1os y ni\u00f1as de las Escuela Valle de la Luna.<\/em><\/li>\n<\/ul>\n<p style=\"text-align: justify;\">Hasta la sede de la Junta de Vecinos de Villa \u00d1irehuao lleg\u00f3 la seremi de Desarrollo Social y Familia, Karina Acevedo, junto a la directora regional del FOSIS, Fernanda Leiva, para compartir en la ceremonia de cierre y almuerzo con la comunidad de esta localidad rural que logr\u00f3 implementar exitosamente iniciativas locales vinculadas al bienestar de vecinos y vecinas del sector y de los ni\u00f1os y ni\u00f1as de la Escuela Valle de la Luna.<\/p>\n<p style=\"text-align: justify;\">La presidenta de la JJ.VV. de Villa \u00d1irehuao, Gloria Guzm\u00e1n, aseguro que \u201cpara nosotros fue un tremendo aporte, nos ayud\u00f3 como dirigentes, como personas, como seres humanos, en estas cosas, porque est\u00e1bamos un poco desunidos o separados. El colegio queda un poco lejos de la villa misma y gracias a esto nos pudimos reunir m\u00e1s, porque trabaj\u00e1bamos en los talleres y ah\u00ed nos empezamos a juntar para concretar las iniciativas locales en conjunto\u201d.<\/p>\n<p style=\"text-align: justify;\">Gracias al programa Acci\u00f3n Local se concret\u00f3 la implementaci\u00f3n de un telecentro comunitario que cuenta con 2 computadores conectados a internet satelital e impresora, lo que permitir\u00e1 acceder a informaci\u00f3n, realizar tr\u00e1mites en l\u00ednea y apoyar a ni\u00f1os y ni\u00f1as con sus tareas o trabajos escolares. El financiamiento tambi\u00e9n permiti\u00f3 la adquisici\u00f3n de instrumentos musicales y equipamiento deportivo para la Escuela Valle de la Luna, con el fin de promover la participaci\u00f3n de los ni\u00f1os y ni\u00f1as en la vida comunitaria a trav\u00e9s de actividades deportivas y culturales que representen a la localidad.<\/p>\n<p style=\"text-align: justify;\">Otra de las iniciativas locales implementadas hizo posible la adquisici\u00f3n de un bingo y equipo de amplificaci\u00f3n para la Junta de Vecinos de la localidad, lo que permitir\u00e1 realizar actividades comunitarias permanentes que promuevan la participaci\u00f3n de toda la comunidad.<\/p>\n<p style=\"text-align: justify;\">Fernanda Leiva, directora regional del FOSIS, destac\u00f3 que \u201ctrabajamos con la comunidad para incentivar la participaci\u00f3n y organizaci\u00f3n en la b\u00fasqueda de problem\u00e1ticas o necesidades y tambi\u00e9n en sus soluciones. Estamos contentos porque podemos ver que el fruto del trabajo y de la participaci\u00f3n del grupo motor y de la comunidad de Villa \u00d1irehuao les permiti\u00f3 concretar diferentes proyectos y soluciones a las necesidades que ellos fueron detectando\u201d.<\/p>\n<p style=\"text-align: justify;\">La seremi de Desarrollo Social y Familia, Karina Acevedo, recalc\u00f3 que \u201ceste programa nos permite activar a la comunidad, reunirlos, conversar, mirarse nuevamente, encontrarse desde los adultos mayores, el establecimiento educacional, j\u00f3venes, carabineros y todos. Es un programa que el presidente nos encomend\u00f3 poder potenciar y trabajarlo con las comunidades. Para nosotros como Ministerio ver el avance a trav\u00e9s de este programa, la forma en c\u00f3mo dialogan, se apoyan y se vuelven a cohesionar socialmente las diferentes personas de la localidad, nos tiene tremendamente contentos\u201d.<\/p>\n<p style=\"text-align: justify;\">Durante la ceremonia de cierre se proyect\u00f3 un video sobre el proceso de intervenci\u00f3n, personas que fueron parte del grupo motor e integrantes de la comunidad entregaron sus testimonios, adem\u00e1s de recibir diplomas de reconocimiento por su labor a manos de las autoridades presentes. La instancia fue amenizada con una presentaci\u00f3n musical de dos j\u00f3venes talentos locales de la guitarra y acorde\u00f3n, para finalizar con un almuerzo comunitario.<\/p>\n<p style=\"text-align: justify;\">El programa Acci\u00f3n Local, de la l\u00ednea de cohesi\u00f3n social del Fondo de Solidaridad e Inversi\u00f3n Social, busca aumentar las capacidades sociocomunitarias de quienes habitan una localidad, junto con financiar iniciativas priorizadas por su comunidad.<\/p>\n<p style=\"text-align: justify;\"><strong><u>\u00a0<\/u><\/strong><\/p>\n<\/div><\/section><\/div><div  style='height:50px' class='hr hr-invisible   avia-builder-el-6  el_after_av_one_full  el_before_av_social_share '><span class='hr-inner ' ><span class='hr-inner-style'><\/span><\/span><\/div><\/p>\n<div  class='av-social-sharing-box  avia-builder-el-7  el_after_av_hr  el_before_av_hr  '><div class='av-share-box'><h5 class='av-share-link-description av-no-toc '>Compartir esta noticia<\/h5><ul class='av-share-box-list noLightbox'><li class='av-share-link av-social-link-facebook' ><a target=\"_blank\" aria-label=\"Compartir en Facebook\" href='https:\/\/www.facebook.com\/sharer.php?u=https:\/\/radiorevelacionfm.cl\/?p=53851&#038;t=Implementan%20iniciativas%20para%20JJ.VV.%20de%20Villa%20%C3%91irehuao%20y%20Escuela%20Valle%20de%20la%20Luna%20gracias%20a%20programa%20Acci%C3%B3n%20Local' aria-hidden='false' data-av_icon='\ue8f3' data-av_iconfont='entypo-fontello' title='' data-avia-related-tooltip='Compartir en Facebook' rel=\"noopener\"><span class='avia_hidden_link_text'>Compartir en Facebook<\/span><\/a><\/li><li class='av-share-link av-social-link-twitter' ><a target=\"_blank\" aria-label=\"Compartir en Twitter\" href='https:\/\/twitter.com\/share?text=Implementan%20iniciativas%20para%20JJ.VV.%20de%20Villa%20%C3%91irehuao%20y%20Escuela%20Valle%20de%20la%20Luna%20gracias%20a%20programa%20Acci%C3%B3n%20Local&#038;url=https:\/\/radiorevelacionfm.cl\/?p=53851' aria-hidden='false' data-av_icon='\ue8f1' data-av_iconfont='entypo-fontello' title='' data-avia-related-tooltip='Compartir en Twitter' rel=\"noopener\"><span class='avia_hidden_link_text'>Compartir en Twitter<\/span><\/a><\/li><li class='av-share-link av-social-link-whatsapp' ><a target=\"_blank\" aria-label=\"Compartir en Whatsapp\" href='https:\/\/api.whatsapp.com\/send?text=https:\/\/radiorevelacionfm.cl\/?p=53851' aria-hidden='false' data-av_icon='\uf232' data-av_iconfont='entypo-fontello' title='' data-avia-related-tooltip='Compartir en Whatsapp' rel=\"noopener\"><span class='avia_hidden_link_text'>Compartir en Whatsapp<\/span><\/a><\/li><li class='av-share-link av-social-link-linkedin' ><a target=\"_blank\" aria-label=\"Compartir en LinkedIn\" href='https:\/\/linkedin.com\/shareArticle?mini=true&#038;title=Implementan%20iniciativas%20para%20JJ.VV.%20de%20Villa%20%C3%91irehuao%20y%20Escuela%20Valle%20de%20la%20Luna%20gracias%20a%20programa%20Acci%C3%B3n%20Local&#038;url=https:\/\/radiorevelacionfm.cl\/?p=53851' aria-hidden='false' data-av_icon='\ue8fc' data-av_iconfont='entypo-fontello' title='' data-avia-related-tooltip='Compartir en LinkedIn' rel=\"noopener\"><span class='avia_hidden_link_text'>Compartir en LinkedIn<\/span><\/a><\/li><li class='av-share-link av-social-link-mail' ><a  aria-label=\"Compartir por correo\" href='mailto:?subject=Implementan%20iniciativas%20para%20JJ.VV.%20de%20Villa%20%C3%91irehuao%20y%20Escuela%20Valle%20de%20la%20Luna%20gracias%20a%20programa%20Acci%C3%B3n%20Local&#038;body=https:\/\/radiorevelacionfm.cl\/?p=53851' aria-hidden='false' data-av_icon='\ue805' data-av_iconfont='entypo-fontello' title='' data-avia-related-tooltip='Compartir por correo'><span class='avia_hidden_link_text'>Compartir por correo<\/span><\/a><\/li><\/ul><\/div><\/div>\n<div  style='height:50px' class='hr hr-invisible   avia-builder-el-8  el_after_av_social_share  el_before_av_comments_list '><span class='hr-inner ' ><span class='hr-inner-style'><\/span><\/span><\/div>\n<div  class='av-buildercomment  av-blog-meta-html-info-disabled av-blog-meta-tag-disabled  '><\/div>\n","protected":false},"excerpt":{"rendered":"","protected":false},"author":1,"featured_media":53852,"comment_status":"closed","ping_status":"closed","sticky":false,"template":"","format":"standard","meta":{"footnotes":""},"categories":[38],"tags":[],"class_list":["post-53851","post","type-post","status-publish","format-standard","has-post-thumbnail","hentry","category-regional"],"jetpack_featured_media_url":"https:\/\/radiorevelacionfm.cl\/wp-content\/uploads\/2025\/05\/1-accion-local-1_optimized.jpeg","_links":{"self":[{"href":"https:\/\/radiorevelacionfm.cl\/index.php?rest_route=\/wp\/v2\/posts\/53851","targetHints":{"allow":["GET"]}}],"collection":[{"href":"https:\/\/radiorevelacionfm.cl\/index.php?rest_route=\/wp\/v2\/posts"}],"about":[{"href":"https:\/\/radiorevelacionfm.cl\/index.php?rest_route=\/wp\/v2\/types\/post"}],"author":[{"embeddable":true,"href":"https:\/\/radiorevelacionfm.cl\/index.php?rest_route=\/wp\/v2\/users\/1"}],"replies":[{"embeddable":true,"href":"https:\/\/radiorevelacionfm.cl\/index.php?rest_route=%2Fwp%2Fv2%2Fcomments&post=53851"}],"version-history":[{"count":2,"href":"https:\/\/radiorevelacionfm.cl\/index.php?rest_route=\/wp\/v2\/posts\/53851\/revisions"}],"predecessor-version":[{"id":53854,"href":"https:\/\/radiorevelacionfm.cl\/index.php?rest_route=\/wp\/v2\/posts\/53851\/revisions\/53854"}],"wp:featuredmedia":[{"embeddable":true,"href":"https:\/\/radiorevelacionfm.cl\/index.php?rest_route=\/wp\/v2\/media\/53852"}],"wp:attachment":[{"href":"https:\/\/radiorevelacionfm.cl\/index.php?rest_route=%2Fwp%2Fv2%2Fmedia&parent=53851"}],"wp:term":[{"taxonomy":"category","embeddable":true,"href":"https:\/\/radiorevelacionfm.cl\/index.php?rest_route=%2Fwp%2Fv2%2Fcategories&post=53851"},{"taxonomy":"post_tag","embeddable":true,"href":"https:\/\/radiorevelacionfm.cl\/index.php?rest_route=%2Fwp%2Fv2%2Ftags&post=53851"}],"curies":[{"name":"wp","href":"https:\/\/api.w.org\/{rel}","templated":true}]}}