{"id":53847,"date":"2025-05-13T14:56:21","date_gmt":"2025-05-13T17:56:21","guid":{"rendered":"https:\/\/radiorevelacionfm.cl\/?p=53847"},"modified":"2025-05-13T14:56:21","modified_gmt":"2025-05-13T17:56:21","slug":"coyhaique-con-gran-participacion-se-desarrollo-conversatorio-sobre-responsabilidad-en-la-praxis-medica","status":"publish","type":"post","link":"https:\/\/radiorevelacionfm.cl\/?p=53847","title":{"rendered":"Coyhaique: Con gran participaci\u00f3n se desarroll\u00f3 conversatorio sobre \u00abResponsabilidad en la Praxis M\u00e9dica\u00bb"},"content":{"rendered":"<div class=\"flex_column av_one_full  flex_column_div av-zero-column-padding first  avia-builder-el-0  el_before_av_one_full  avia-builder-el-first  \" style='border-radius:0px; '><div  class='avia-image-container  av-styling-    avia-builder-el-1  avia-builder-el-no-sibling  avia-align-center '  itemprop=\"image\" itemscope=\"itemscope\" itemtype=\"https:\/\/schema.org\/ImageObject\"  ><div class='avia-image-container-inner'><div class='avia-image-overlay-wrap'><img decoding=\"async\" class='wp-image-53848 avia-img-lazy-loading-not-53848 avia_image' src=\"https:\/\/radiorevelacionfm.cl\/wp-content\/uploads\/2025\/05\/dia6053-1_optimized-1.jpeg\" alt='' title='_dia6053-(1)_optimized (1)' height=\"600\" width=\"1586\"  itemprop=\"thumbnailUrl\" srcset=\"https:\/\/radiorevelacionfm.cl\/wp-content\/uploads\/2025\/05\/dia6053-1_optimized-1.jpeg 1586w, https:\/\/radiorevelacionfm.cl\/wp-content\/uploads\/2025\/05\/dia6053-1_optimized-1-300x113.jpeg 300w, https:\/\/radiorevelacionfm.cl\/wp-content\/uploads\/2025\/05\/dia6053-1_optimized-1-1030x390.jpeg 1030w, https:\/\/radiorevelacionfm.cl\/wp-content\/uploads\/2025\/05\/dia6053-1_optimized-1-768x291.jpeg 768w, https:\/\/radiorevelacionfm.cl\/wp-content\/uploads\/2025\/05\/dia6053-1_optimized-1-1536x581.jpeg 1536w, https:\/\/radiorevelacionfm.cl\/wp-content\/uploads\/2025\/05\/dia6053-1_optimized-1-1500x567.jpeg 1500w, https:\/\/radiorevelacionfm.cl\/wp-content\/uploads\/2025\/05\/dia6053-1_optimized-1-705x267.jpeg 705w, https:\/\/radiorevelacionfm.cl\/wp-content\/uploads\/2025\/05\/dia6053-1_optimized-1-845x321.jpeg 845w, https:\/\/radiorevelacionfm.cl\/wp-content\/uploads\/2025\/05\/dia6053-1_optimized-1-450x170.jpeg 450w, https:\/\/radiorevelacionfm.cl\/wp-content\/uploads\/2025\/05\/dia6053-1_optimized-1-600x227.jpeg 600w\" sizes=\"(max-width: 1586px) 100vw, 1586px\" \/><\/div><\/div><\/div><\/div><div class=\"flex_column av_one_full  flex_column_div av-zero-column-padding first  avia-builder-el-2  el_after_av_one_full  el_before_av_one_full  column-top-margin\" style='border-radius:0px; '><section class=\"av_textblock_section \"  itemscope=\"itemscope\" itemtype=\"https:\/\/schema.org\/BlogPosting\" itemprop=\"blogPost\" ><div class='avia_textblock  '   itemprop=\"text\" ><p style=\"text-align: center;\"><span style=\"font-size: 18pt;\"><b>Coyhaique: Con gran participaci\u00f3n se desarroll\u00f3 conversatorio sobre \u00abResponsabilidad en la Praxis M\u00e9dica\u00bb<\/b><\/span><\/p>\n<div id=\"gtx-trans\" style=\"position: absolute; left: -50px; top: 4.31534px;\">\n<div class=\"gtx-trans-icon\"><\/div>\n<\/div>\n<\/div><\/section><\/div><div class=\"flex_column av_one_full  flex_column_div av-zero-column-padding first  avia-builder-el-4  el_after_av_one_full  el_before_av_hr  column-top-margin\" style='border-radius:0px; '><section class=\"av_textblock_section \"  itemscope=\"itemscope\" itemtype=\"https:\/\/schema.org\/BlogPosting\" itemprop=\"blogPost\" ><div class='avia_textblock  '   itemprop=\"text\" ><p class=\"v1MsoNormal\" style=\"text-align: justify;\">Con la participaci\u00f3n de un centenar de asistentes, en modalidad presencial y virtual, se realiz\u00f3, en dependencias de la Corte de Apelaciones de Coyhaique, el conversatorio denominado \u00abResponsabilidad en la Praxis M\u00e9dica\u00bb.<\/p>\n<p class=\"v1MsoNormal\" style=\"text-align: justify;\">La instancia fue organizada por la Asociaci\u00f3n de Magistradas y Magistrados de Ays\u00e9n y cont\u00f3 con la colaboraci\u00f3n de la Corte de Apelaciones y el Instituto de Estudios Judiciales. En la jornada -que se desarroll\u00f3 el pasado 9 de mayo- estuvieron presentes los ministros Luis Aedo, Natalia Rencoret y Jos\u00e9 Ignacio Mora, adem\u00e1s de\u00a0 jueces y abogados de la jurisdicci\u00f3n y de otras regiones del pa\u00eds.<\/p>\n<p class=\"v1MsoNormal\" style=\"text-align: justify;\">Al respecto, el presidente de la Asociaci\u00f3n de Magistradas y Magistrados de Ays\u00e9n, y secretario del tribunal de alzada, Juan Patricio Silva Pedreros, sostuvo que \u00ablas actividades que llevamos a cabo en nuestra Asociaci\u00f3n tienen como objetivo fundamental la capacitaci\u00f3n continua. Buscamos que tanto nuestros asociados como la comunidad jur\u00eddica, que fue cordialmente invitada a participar, adquieran y refresquen sus conocimientos en estas tem\u00e1ticas. Agradecemos especialmente a quienes se unieron a nosotros, ya sea de manera presencial o a trav\u00e9s de la plataforma Zoom. Asimismo, queremos expresar nuestro m\u00e1s sincero agradecimiento al presidente de la Corte de Apelaciones, por facilitarnos los espacios necesarios para la realizaci\u00f3n de este evento. Finalmente, extendemos nuestro reconocimiento al Instituto de Estudios Judiciales, quien patrocin\u00f3 esta jornada.\u00bb<\/p>\n<p class=\"v1MsoNormal\" style=\"text-align: justify;\">Las presentaciones estuvieron a cargo de los acad\u00e9micos del Departamento de Derecho Privado de la Universidad de Concepci\u00f3n: en primer t\u00e9rmino, Jos\u00e9 Luis Diez, con la charla \u00abResponsabilidad m\u00e9dica: una casu\u00edstica reciente\u00bb; en segundo lugar, Andr\u00e9s Kunkar, quien present\u00f3 \u00abConsentimiento informado\u00bb y, finalmente, Pedro Hidalgo, quien expuso \u00abPerjuicio al nacer\u00bb.<\/p>\n<p class=\"v1MsoNormal\" style=\"text-align: justify;\">En representaci\u00f3n de los profesores, Jos\u00e9 Luis Diez dijo que \u00abqueremos expresar nuestra profunda satisfacci\u00f3n y agradecimiento por la invitaci\u00f3n a participar en esta iniciativa impulsada por los magistrados. Esta instancia de conversaci\u00f3n y discusi\u00f3n abierta a la comunidad sobre la responsabilidad indemnizatoria m\u00e9dica es realmente valiosa. Para nosotros, como expositores, fue una experiencia muy enriquecedora. No solo tuvimos la oportunidad de presentar nuestros temas, sino que tambi\u00e9n nos enfrentamos a desafiantes preguntas que reflejan el profundo conocimiento de los asistentes. Agradecemos tanto a los abogados presentes de manera presencial como a aquellos que participaron en l\u00ednea, quienes enriquecieron este di\u00e1logo con sus aportes.\u00bb<\/p>\n<p class=\"v1MsoNormal\" style=\"text-align: justify;\">Al concluir las exposiciones, los profesores contestaron diversas dudas y consultas de los asistentes presenciales y virtuales, d\u00e1ndose as\u00ed un provechoso di\u00e1logo en torno a la jurisprudencia de esta materia de salud p\u00fablica.<\/p>\n<\/div><\/section><\/div><div  style='height:50px' class='hr hr-invisible   avia-builder-el-6  el_after_av_one_full  el_before_av_social_share '><span class='hr-inner ' ><span class='hr-inner-style'><\/span><\/span><\/div><\/p>\n<div  class='av-social-sharing-box  avia-builder-el-7  el_after_av_hr  el_before_av_hr  '><div class='av-share-box'><h5 class='av-share-link-description av-no-toc '>Compartir esta noticia<\/h5><ul class='av-share-box-list noLightbox'><li class='av-share-link av-social-link-facebook' ><a target=\"_blank\" aria-label=\"Compartir en Facebook\" href='https:\/\/www.facebook.com\/sharer.php?u=https:\/\/radiorevelacionfm.cl\/?p=53847&#038;t=Coyhaique%3A%20Con%20gran%20participaci%C3%B3n%20se%20desarroll%C3%B3%20conversatorio%20sobre%20%C2%ABResponsabilidad%20en%20la%20Praxis%20M%C3%A9dica%C2%BB' aria-hidden='false' data-av_icon='\ue8f3' data-av_iconfont='entypo-fontello' title='' data-avia-related-tooltip='Compartir en Facebook' rel=\"noopener\"><span class='avia_hidden_link_text'>Compartir en Facebook<\/span><\/a><\/li><li class='av-share-link av-social-link-twitter' ><a target=\"_blank\" aria-label=\"Compartir en Twitter\" href='https:\/\/twitter.com\/share?text=Coyhaique%3A%20Con%20gran%20participaci%C3%B3n%20se%20desarroll%C3%B3%20conversatorio%20sobre%20%C2%ABResponsabilidad%20en%20la%20Praxis%20M%C3%A9dica%C2%BB&#038;url=https:\/\/radiorevelacionfm.cl\/?p=53847' aria-hidden='false' data-av_icon='\ue8f1' data-av_iconfont='entypo-fontello' title='' data-avia-related-tooltip='Compartir en Twitter' rel=\"noopener\"><span class='avia_hidden_link_text'>Compartir en Twitter<\/span><\/a><\/li><li class='av-share-link av-social-link-whatsapp' ><a target=\"_blank\" aria-label=\"Compartir en Whatsapp\" href='https:\/\/api.whatsapp.com\/send?text=https:\/\/radiorevelacionfm.cl\/?p=53847' aria-hidden='false' data-av_icon='\uf232' data-av_iconfont='entypo-fontello' title='' data-avia-related-tooltip='Compartir en Whatsapp' rel=\"noopener\"><span class='avia_hidden_link_text'>Compartir en Whatsapp<\/span><\/a><\/li><li class='av-share-link av-social-link-linkedin' ><a target=\"_blank\" aria-label=\"Compartir en LinkedIn\" href='https:\/\/linkedin.com\/shareArticle?mini=true&#038;title=Coyhaique%3A%20Con%20gran%20participaci%C3%B3n%20se%20desarroll%C3%B3%20conversatorio%20sobre%20%C2%ABResponsabilidad%20en%20la%20Praxis%20M%C3%A9dica%C2%BB&#038;url=https:\/\/radiorevelacionfm.cl\/?p=53847' aria-hidden='false' data-av_icon='\ue8fc' data-av_iconfont='entypo-fontello' title='' data-avia-related-tooltip='Compartir en LinkedIn' rel=\"noopener\"><span class='avia_hidden_link_text'>Compartir en LinkedIn<\/span><\/a><\/li><li class='av-share-link av-social-link-mail' ><a  aria-label=\"Compartir por correo\" href='mailto:?subject=Coyhaique%3A%20Con%20gran%20participaci%C3%B3n%20se%20desarroll%C3%B3%20conversatorio%20sobre%20%C2%ABResponsabilidad%20en%20la%20Praxis%20M%C3%A9dica%C2%BB&#038;body=https:\/\/radiorevelacionfm.cl\/?p=53847' aria-hidden='false' data-av_icon='\ue805' data-av_iconfont='entypo-fontello' title='' data-avia-related-tooltip='Compartir por correo'><span class='avia_hidden_link_text'>Compartir por correo<\/span><\/a><\/li><\/ul><\/div><\/div>\n<div  style='height:50px' class='hr hr-invisible   avia-builder-el-8  el_after_av_social_share  el_before_av_comments_list '><span class='hr-inner ' ><span class='hr-inner-style'><\/span><\/span><\/div>\n<div  class='av-buildercomment  av-blog-meta-html-info-disabled av-blog-meta-tag-disabled  '><\/div>\n","protected":false},"excerpt":{"rendered":"","protected":false},"author":1,"featured_media":53848,"comment_status":"closed","ping_status":"closed","sticky":false,"template":"","format":"standard","meta":{"footnotes":""},"categories":[55],"tags":[],"class_list":["post-53847","post","type-post","status-publish","format-standard","has-post-thumbnail","hentry","category-justicia"],"jetpack_featured_media_url":"https:\/\/radiorevelacionfm.cl\/wp-content\/uploads\/2025\/05\/dia6053-1_optimized-1.jpeg","_links":{"self":[{"href":"https:\/\/radiorevelacionfm.cl\/index.php?rest_route=\/wp\/v2\/posts\/53847","targetHints":{"allow":["GET"]}}],"collection":[{"href":"https:\/\/radiorevelacionfm.cl\/index.php?rest_route=\/wp\/v2\/posts"}],"about":[{"href":"https:\/\/radiorevelacionfm.cl\/index.php?rest_route=\/wp\/v2\/types\/post"}],"author":[{"embeddable":true,"href":"https:\/\/radiorevelacionfm.cl\/index.php?rest_route=\/wp\/v2\/users\/1"}],"replies":[{"embeddable":true,"href":"https:\/\/radiorevelacionfm.cl\/index.php?rest_route=%2Fwp%2Fv2%2Fcomments&post=53847"}],"version-history":[{"count":2,"href":"https:\/\/radiorevelacionfm.cl\/index.php?rest_route=\/wp\/v2\/posts\/53847\/revisions"}],"predecessor-version":[{"id":53850,"href":"https:\/\/radiorevelacionfm.cl\/index.php?rest_route=\/wp\/v2\/posts\/53847\/revisions\/53850"}],"wp:featuredmedia":[{"embeddable":true,"href":"https:\/\/radiorevelacionfm.cl\/index.php?rest_route=\/wp\/v2\/media\/53848"}],"wp:attachment":[{"href":"https:\/\/radiorevelacionfm.cl\/index.php?rest_route=%2Fwp%2Fv2%2Fmedia&parent=53847"}],"wp:term":[{"taxonomy":"category","embeddable":true,"href":"https:\/\/radiorevelacionfm.cl\/index.php?rest_route=%2Fwp%2Fv2%2Fcategories&post=53847"},{"taxonomy":"post_tag","embeddable":true,"href":"https:\/\/radiorevelacionfm.cl\/index.php?rest_route=%2Fwp%2Fv2%2Ftags&post=53847"}],"curies":[{"name":"wp","href":"https:\/\/api.w.org\/{rel}","templated":true}]}}