{"id":53842,"date":"2025-05-13T14:45:39","date_gmt":"2025-05-13T17:45:39","guid":{"rendered":"https:\/\/radiorevelacionfm.cl\/?p=53842"},"modified":"2025-05-13T14:46:01","modified_gmt":"2025-05-13T17:46:01","slug":"universidad-de-aysen-se-refiere-a-informacion-difundida-sobre-proyecto-de-investigacion-sustentabilidad-bajo-el-enfoque-una-salud-en-la-region-de-aysen","status":"publish","type":"post","link":"https:\/\/radiorevelacionfm.cl\/?p=53842","title":{"rendered":"UAys\u00e9n se refiere a informaci\u00f3n difundida sobre proyecto de investigaci\u00f3n \u00abSustentabilidad bajo el enfoque Una Salud en la Regi\u00f3n de Ays\u00e9n\u00bb"},"content":{"rendered":"<div class=\"flex_column av_one_full  flex_column_div av-zero-column-padding first  avia-builder-el-0  el_before_av_one_full  avia-builder-el-first  \" style='border-radius:0px; '><div  class='avia-image-container  av-styling-    avia-builder-el-1  avia-builder-el-no-sibling  avia-align-center '  itemprop=\"image\" itemscope=\"itemscope\" itemtype=\"https:\/\/schema.org\/ImageObject\"  ><div class='avia-image-container-inner'><div class='avia-image-overlay-wrap'><img decoding=\"async\" class='wp-image-53843 avia-img-lazy-loading-not-53843 avia_image' src=\"https:\/\/radiorevelacionfm.cl\/wp-content\/uploads\/2025\/05\/foto-lillo-baja-1_optimized-1.jpeg\" alt='' title='foto-lillo-baja-(1)_optimized (1)' height=\"600\" width=\"901\"  itemprop=\"thumbnailUrl\" srcset=\"https:\/\/radiorevelacionfm.cl\/wp-content\/uploads\/2025\/05\/foto-lillo-baja-1_optimized-1.jpeg 901w, https:\/\/radiorevelacionfm.cl\/wp-content\/uploads\/2025\/05\/foto-lillo-baja-1_optimized-1-300x200.jpeg 300w, https:\/\/radiorevelacionfm.cl\/wp-content\/uploads\/2025\/05\/foto-lillo-baja-1_optimized-1-768x511.jpeg 768w, https:\/\/radiorevelacionfm.cl\/wp-content\/uploads\/2025\/05\/foto-lillo-baja-1_optimized-1-705x469.jpeg 705w, https:\/\/radiorevelacionfm.cl\/wp-content\/uploads\/2025\/05\/foto-lillo-baja-1_optimized-1-450x300.jpeg 450w, https:\/\/radiorevelacionfm.cl\/wp-content\/uploads\/2025\/05\/foto-lillo-baja-1_optimized-1-600x400.jpeg 600w\" sizes=\"(max-width: 901px) 100vw, 901px\" \/><\/div><\/div><\/div><\/div><div class=\"flex_column av_one_full  flex_column_div av-zero-column-padding first  avia-builder-el-2  el_after_av_one_full  el_before_av_one_full  column-top-margin\" style='border-radius:0px; '><section class=\"av_textblock_section \"  itemscope=\"itemscope\" itemtype=\"https:\/\/schema.org\/BlogPosting\" itemprop=\"blogPost\" ><div class='avia_textblock  '   itemprop=\"text\" ><p style=\"text-align: center;\"><strong><span style=\"font-size: 18pt;\">UAys\u00e9n se refiere a informaci\u00f3n difundida sobre proyecto de investigaci\u00f3n \u00abSustentabilidad bajo el enfoque Una Salud en la Regi\u00f3n de Ays\u00e9n\u00bb<\/span><\/strong><\/p>\n<div id=\"gtx-trans\" style=\"position: absolute; left: -50px; top: 4.31534px;\">\n<div class=\"gtx-trans-icon\"><\/div>\n<\/div>\n<\/div><\/section><\/div><div class=\"flex_column av_one_full  flex_column_div av-zero-column-padding first  avia-builder-el-4  el_after_av_one_full  el_before_av_hr  column-top-margin\" style='border-radius:0px; '><section class=\"av_textblock_section \"  itemscope=\"itemscope\" itemtype=\"https:\/\/schema.org\/BlogPosting\" itemprop=\"blogPost\" ><div class='avia_textblock  '   itemprop=\"text\" ><p dir=\"ltr\" style=\"text-align: justify;\">Ante la informaci\u00f3n difundida por algunos medios de comunicaci\u00f3n regionales sobre los alcances del proyecto de investigaci\u00f3n\u00a0\u00abSustentabilidad bajo el enfoque Una Salud en la Regi\u00f3n de Ays\u00e9n\u00bb, que est\u00e1 desarrollando el Departamento de Ciencias de la Salud de nuestra instituci\u00f3n, la Universidad de Ays\u00e9n declara lo siguiente:<\/p>\n<p dir=\"ltr\" style=\"text-align: justify;\">Como universidad estatal de educaci\u00f3n superior, manifestamos nuestra preocupaci\u00f3n por la circulaci\u00f3n de antecedentes parciales y descontextualizados de una investigaci\u00f3n a\u00fan en curso. La difusi\u00f3n de informaci\u00f3n no validada puede generar confusi\u00f3n y alarma en la comunidad regional, lo que resulta particularmente grave dada la sensibilidad del tema abordado.<\/p>\n<p dir=\"ltr\" style=\"text-align: justify;\">Es importante precisar que dicha informaci\u00f3n no fue autorizada por la administraci\u00f3n provisional de la universidad, encabezada por Juan Pablo Prieto. Lamentamos, adem\u00e1s, que este tema haya sido utilizado con fines pol\u00edticos, desviando el foco de atenci\u00f3n de una iniciativa cient\u00edfica orientada al bienestar de la regi\u00f3n.<\/p>\n<p dir=\"ltr\" style=\"text-align: justify;\">Ante esta situaci\u00f3n, la Universidad ha resuelto iniciar una investigaci\u00f3n interna que permita esclarecer lo ocurrido y determinar las responsabilidades correspondientes.<\/p>\n<p dir=\"ltr\" style=\"text-align: justify;\">Respecto del estado actual del proyecto\u00a0\u00abSustentabilidad bajo el enfoque Una Salud en la Regi\u00f3n de Ays\u00e9n\u00bb, la administraci\u00f3n solicit\u00f3 formalmente al equipo investigador profundizar los hallazgos preliminares, con el objetivo de avanzar hacia una validaci\u00f3n cient\u00edfica m\u00e1s robusta. Para facilitar este proceso, se ofreci\u00f3 al investigador responsable el acceso a fondos internos que permitan ampliar el estudio y fortalecer la verificaci\u00f3n de los resultados.<\/p>\n<p dir=\"ltr\" style=\"text-align: justify;\">La Universidad de Ays\u00e9n reafirma su compromiso con el desarrollo regional a trav\u00e9s de la generaci\u00f3n de conocimiento riguroso, \u00e9tico y pertinente. En este marco, recalcamos que toda informaci\u00f3n proveniente de investigaciones desarrolladas al interior de la instituci\u00f3n debe ser comunicada por los canales institucionales y solo una vez que haya superado los est\u00e1ndares exigidos de validaci\u00f3n acad\u00e9mica.<\/p>\n<p dir=\"ltr\" style=\"text-align: justify;\">Finalmente, invitamos a la comunidad regional a confiar en el trabajo serio, responsable y comprometido que realiza nuestra universidad, guiada por la excelencia, la rigurosidad cient\u00edfica y el respeto profundo por el territorio y su gente.<\/p>\n<\/div><\/section><\/div><div  style='height:50px' class='hr hr-invisible   avia-builder-el-6  el_after_av_one_full  el_before_av_social_share '><span class='hr-inner ' ><span class='hr-inner-style'><\/span><\/span><\/div><\/p>\n<div  class='av-social-sharing-box  avia-builder-el-7  el_after_av_hr  el_before_av_hr  '><div class='av-share-box'><h5 class='av-share-link-description av-no-toc '>Compartir esta noticia<\/h5><ul class='av-share-box-list noLightbox'><li class='av-share-link av-social-link-facebook' ><a target=\"_blank\" aria-label=\"Compartir en Facebook\" href='https:\/\/www.facebook.com\/sharer.php?u=https:\/\/radiorevelacionfm.cl\/?p=53842&#038;t=UAys%C3%A9n%20se%20refiere%20a%20informaci%C3%B3n%20difundida%20sobre%20proyecto%20de%20investigaci%C3%B3n%20%C2%ABSustentabilidad%20bajo%20el%20enfoque%20Una%20Salud%20en%20la%20Regi%C3%B3n%20de%20Ays%C3%A9n%C2%BB' aria-hidden='false' data-av_icon='\ue8f3' data-av_iconfont='entypo-fontello' title='' data-avia-related-tooltip='Compartir en Facebook' rel=\"noopener\"><span class='avia_hidden_link_text'>Compartir en Facebook<\/span><\/a><\/li><li class='av-share-link av-social-link-twitter' ><a target=\"_blank\" aria-label=\"Compartir en Twitter\" href='https:\/\/twitter.com\/share?text=UAys%C3%A9n%20se%20refiere%20a%20informaci%C3%B3n%20difundida%20sobre%20proyecto%20de%20investigaci%C3%B3n%20%C2%ABSustentabilidad%20bajo%20el%20enfoque%20Una%20Salud%20en%20la%20Regi%C3%B3n%20de%20Ays%C3%A9n%C2%BB&#038;url=https:\/\/radiorevelacionfm.cl\/?p=53842' aria-hidden='false' data-av_icon='\ue8f1' data-av_iconfont='entypo-fontello' title='' data-avia-related-tooltip='Compartir en Twitter' rel=\"noopener\"><span class='avia_hidden_link_text'>Compartir en Twitter<\/span><\/a><\/li><li class='av-share-link av-social-link-whatsapp' ><a target=\"_blank\" aria-label=\"Compartir en Whatsapp\" href='https:\/\/api.whatsapp.com\/send?text=https:\/\/radiorevelacionfm.cl\/?p=53842' aria-hidden='false' data-av_icon='\uf232' data-av_iconfont='entypo-fontello' title='' data-avia-related-tooltip='Compartir en Whatsapp' rel=\"noopener\"><span class='avia_hidden_link_text'>Compartir en Whatsapp<\/span><\/a><\/li><li class='av-share-link av-social-link-linkedin' ><a target=\"_blank\" aria-label=\"Compartir en LinkedIn\" href='https:\/\/linkedin.com\/shareArticle?mini=true&#038;title=UAys%C3%A9n%20se%20refiere%20a%20informaci%C3%B3n%20difundida%20sobre%20proyecto%20de%20investigaci%C3%B3n%20%C2%ABSustentabilidad%20bajo%20el%20enfoque%20Una%20Salud%20en%20la%20Regi%C3%B3n%20de%20Ays%C3%A9n%C2%BB&#038;url=https:\/\/radiorevelacionfm.cl\/?p=53842' aria-hidden='false' data-av_icon='\ue8fc' data-av_iconfont='entypo-fontello' title='' data-avia-related-tooltip='Compartir en LinkedIn' rel=\"noopener\"><span class='avia_hidden_link_text'>Compartir en LinkedIn<\/span><\/a><\/li><li class='av-share-link av-social-link-mail' ><a  aria-label=\"Compartir por correo\" href='mailto:?subject=UAys%C3%A9n%20se%20refiere%20a%20informaci%C3%B3n%20difundida%20sobre%20proyecto%20de%20investigaci%C3%B3n%20%C2%ABSustentabilidad%20bajo%20el%20enfoque%20Una%20Salud%20en%20la%20Regi%C3%B3n%20de%20Ays%C3%A9n%C2%BB&#038;body=https:\/\/radiorevelacionfm.cl\/?p=53842' aria-hidden='false' data-av_icon='\ue805' data-av_iconfont='entypo-fontello' title='' data-avia-related-tooltip='Compartir por correo'><span class='avia_hidden_link_text'>Compartir por correo<\/span><\/a><\/li><\/ul><\/div><\/div>\n<div  style='height:50px' class='hr hr-invisible   avia-builder-el-8  el_after_av_social_share  el_before_av_comments_list '><span class='hr-inner ' ><span class='hr-inner-style'><\/span><\/span><\/div>\n<div  class='av-buildercomment  av-blog-meta-html-info-disabled av-blog-meta-tag-disabled  '><\/div>\n","protected":false},"excerpt":{"rendered":"","protected":false},"author":1,"featured_media":53843,"comment_status":"closed","ping_status":"closed","sticky":false,"template":"","format":"standard","meta":{"footnotes":""},"categories":[49],"tags":[],"class_list":["post-53842","post","type-post","status-publish","format-standard","has-post-thumbnail","hentry","category-educacion"],"jetpack_featured_media_url":"https:\/\/radiorevelacionfm.cl\/wp-content\/uploads\/2025\/05\/foto-lillo-baja-1_optimized-1.jpeg","_links":{"self":[{"href":"https:\/\/radiorevelacionfm.cl\/index.php?rest_route=\/wp\/v2\/posts\/53842","targetHints":{"allow":["GET"]}}],"collection":[{"href":"https:\/\/radiorevelacionfm.cl\/index.php?rest_route=\/wp\/v2\/posts"}],"about":[{"href":"https:\/\/radiorevelacionfm.cl\/index.php?rest_route=\/wp\/v2\/types\/post"}],"author":[{"embeddable":true,"href":"https:\/\/radiorevelacionfm.cl\/index.php?rest_route=\/wp\/v2\/users\/1"}],"replies":[{"embeddable":true,"href":"https:\/\/radiorevelacionfm.cl\/index.php?rest_route=%2Fwp%2Fv2%2Fcomments&post=53842"}],"version-history":[{"count":3,"href":"https:\/\/radiorevelacionfm.cl\/index.php?rest_route=\/wp\/v2\/posts\/53842\/revisions"}],"predecessor-version":[{"id":53845,"href":"https:\/\/radiorevelacionfm.cl\/index.php?rest_route=\/wp\/v2\/posts\/53842\/revisions\/53845"}],"wp:featuredmedia":[{"embeddable":true,"href":"https:\/\/radiorevelacionfm.cl\/index.php?rest_route=\/wp\/v2\/media\/53843"}],"wp:attachment":[{"href":"https:\/\/radiorevelacionfm.cl\/index.php?rest_route=%2Fwp%2Fv2%2Fmedia&parent=53842"}],"wp:term":[{"taxonomy":"category","embeddable":true,"href":"https:\/\/radiorevelacionfm.cl\/index.php?rest_route=%2Fwp%2Fv2%2Fcategories&post=53842"},{"taxonomy":"post_tag","embeddable":true,"href":"https:\/\/radiorevelacionfm.cl\/index.php?rest_route=%2Fwp%2Fv2%2Ftags&post=53842"}],"curies":[{"name":"wp","href":"https:\/\/api.w.org\/{rel}","templated":true}]}}