{"id":53801,"date":"2025-05-12T15:45:03","date_gmt":"2025-05-12T18:45:03","guid":{"rendered":"https:\/\/radiorevelacionfm.cl\/?p=53801"},"modified":"2025-05-13T21:24:21","modified_gmt":"2025-05-14T00:24:21","slug":"dia-mundial-de-la-fibromialgia-especialista-hace-llamado-a-validar-esta-enfermedad-cronica-poco-comprendida-que-afecta-a-miles-en-chile","status":"publish","type":"post","link":"https:\/\/radiorevelacionfm.cl\/?p=53801","title":{"rendered":"D\u00eda Mundial de la Fibromialgia: Especialista hace llamado a validar esta enfermedad cr\u00f3nica poco comprendida que afecta a miles en Chile"},"content":{"rendered":"<div class=\"flex_column av_one_full  flex_column_div av-zero-column-padding first  avia-builder-el-0  el_before_av_one_full  avia-builder-el-first  \" style='border-radius:0px; '><div  class='avia-image-container  av-styling-    avia-builder-el-1  avia-builder-el-no-sibling  avia-align-center '  itemprop=\"image\" itemscope=\"itemscope\" itemtype=\"https:\/\/schema.org\/ImageObject\"  ><div class='avia-image-container-inner'><div class='avia-image-overlay-wrap'><img decoding=\"async\" class='wp-image-53802 avia-img-lazy-loading-not-53802 avia_image' src=\"https:\/\/radiorevelacionfm.cl\/wp-content\/uploads\/2025\/05\/mujer-joven-con-dolor-de-cuello-mientras-trabajaba-en-casa-1-1.jpg\" alt='' title='mujer-joven-con-dolor-de-cuello-mientras-trabajaba-en-casa (1) (1)' height=\"607\" width=\"801\"  itemprop=\"thumbnailUrl\" srcset=\"https:\/\/radiorevelacionfm.cl\/wp-content\/uploads\/2025\/05\/mujer-joven-con-dolor-de-cuello-mientras-trabajaba-en-casa-1-1.jpg 801w, https:\/\/radiorevelacionfm.cl\/wp-content\/uploads\/2025\/05\/mujer-joven-con-dolor-de-cuello-mientras-trabajaba-en-casa-1-1-300x227.jpg 300w, https:\/\/radiorevelacionfm.cl\/wp-content\/uploads\/2025\/05\/mujer-joven-con-dolor-de-cuello-mientras-trabajaba-en-casa-1-1-768x582.jpg 768w, https:\/\/radiorevelacionfm.cl\/wp-content\/uploads\/2025\/05\/mujer-joven-con-dolor-de-cuello-mientras-trabajaba-en-casa-1-1-705x534.jpg 705w, https:\/\/radiorevelacionfm.cl\/wp-content\/uploads\/2025\/05\/mujer-joven-con-dolor-de-cuello-mientras-trabajaba-en-casa-1-1-450x341.jpg 450w, https:\/\/radiorevelacionfm.cl\/wp-content\/uploads\/2025\/05\/mujer-joven-con-dolor-de-cuello-mientras-trabajaba-en-casa-1-1-600x455.jpg 600w\" sizes=\"(max-width: 801px) 100vw, 801px\" \/><\/div><\/div><\/div><\/div><div class=\"flex_column av_one_full  flex_column_div av-zero-column-padding first  avia-builder-el-2  el_after_av_one_full  el_before_av_one_full  column-top-margin\" style='border-radius:0px; '><section class=\"av_textblock_section \"  itemscope=\"itemscope\" itemtype=\"https:\/\/schema.org\/BlogPosting\" itemprop=\"blogPost\" ><div class='avia_textblock  '   itemprop=\"text\" ><p style=\"text-align: center;\"><span style=\"font-size: 18pt;\"><b>D\u00eda Mundial de la Fibromialgia: Especialista hace llamado a validar esta enfermedad cr\u00f3nica poco comprendida que afecta a miles en Chile<\/b><\/span><\/p>\n<div id=\"gtx-trans\" style=\"position: absolute; left: -50px; top: 4.31534px;\">\n<div class=\"gtx-trans-icon\"><\/div>\n<\/div>\n<\/div><\/section><\/div><div class=\"flex_column av_one_full  flex_column_div av-zero-column-padding first  avia-builder-el-4  el_after_av_one_full  el_before_av_hr  column-top-margin\" style='border-radius:0px; '><section class=\"av_textblock_section \"  itemscope=\"itemscope\" itemtype=\"https:\/\/schema.org\/BlogPosting\" itemprop=\"blogPost\" ><div class='avia_textblock  '   itemprop=\"text\" ><p style=\"font-weight: 400; text-align: justify;\">En el marco del D\u00eda Mundial de la Fibromialgia, que se conmemora este lunes 12 de mayo, la\u00a0Dra. Gerina Gonz\u00e1lez, jefa de Salud Mental de Cl\u00ednica Santa Mar\u00eda, aborda la realidad de esta compleja condici\u00f3n, instando a la sociedad a reconocer su legitimidad y el profundo impacto que tiene en quienes la padecen. Se estima que la fibromialgia afecta a entre el 2% y el 5% de la poblaci\u00f3n en pa\u00edses desarrollados, con cifras similares en Chile, siendo las mujeres las m\u00e1s afectadas.<\/p>\n<p style=\"font-weight: 400; text-align: justify;\">La fibromialgia es un s\u00edndrome de dolor cr\u00f3nico generalizado, persistente y fluctuante, acompa\u00f1ado de una marcada sensibilidad corporal. Sin embargo, la Dra. Gonz\u00e1lez enfatiza que sus manifestaciones son mucho m\u00e1s amplias. \u00abVa m\u00e1s all\u00e1 del dolor f\u00edsico\u00bb, explica, detallando s\u00edntomas como fatiga abrumadora, alteraciones del sue\u00f1o (insomnio o sue\u00f1o no reparador), problemas cognitivos conocidos como \u00abfibro-niebla\u00bb (dificultad de concentraci\u00f3n y memoria), dolores abdominales y bruxismo, entre otros.<\/p>\n<p style=\"font-weight: 400; text-align: justify;\">A diferencia de muchas enfermedades detectables por alteraciones en ex\u00e1menes convencionales, la fibromialgia a menudo presenta resultados normales en pruebas de laboratorio. Esto ha contribuido a la incomprensi\u00f3n de su naturaleza, pero la especialista aclara: \u00abEs una enfermedad funcional. Esto significa que el sistema nervioso, a distintos niveles, no est\u00e1 funcionando del modo correcto en la percepci\u00f3n y procesamiento del dolor y otras sensaciones\u00bb. Teor\u00edas actuales apuntan a una sensibilizaci\u00f3n central, donde el cerebro interpreta de forma an\u00f3mala se\u00f1ales nerviosas.<\/p>\n<p style=\"font-weight: 400; text-align: justify;\">El diagn\u00f3stico se realiza cl\u00ednicamente, bas\u00e1ndose en un historial de dolor cr\u00f3nico generalizado de al menos tres meses y la presencia de dolor en puntos espec\u00edficos del cuerpo, sumado a los s\u00edntomas asociados.<\/p>\n<p style=\"font-weight: 400; text-align: justify;\">La conexi\u00f3n entre mente y cuerpo es fundamental en la fibromialgia. Aunque no es una enfermedad de origen puramente psicol\u00f3gico \u2013los pacientes no pueden controlar sus s\u00edntomas\u2013, la salud mental juega un rol crucial. \u00abFactores como el estr\u00e9s, la ansiedad, conflictos personales o laborales pueden exacerbar significativamente los s\u00edntomas, generando crisis que deterioran la calidad de vida\u00bb, se\u00f1ala la Dra. Gonz\u00e1lez. Se observan desequilibrios de neurotransmisores que vinculan lo biol\u00f3gico con lo emocional en la manifestaci\u00f3n de la enfermedad.<\/p>\n<p style=\"font-weight: 400; text-align: justify;\">El abordaje terap\u00e9utico debe ser integral y coordinado entre distintas especialidades, incluyendo reumatolog\u00eda, neurolog\u00eda y salud mental. Desde la salud mental en Cl\u00ednica Santa Mar\u00eda, se busca modular los factores que afectan al paciente, tratando la ansiedad, depresi\u00f3n, alteraciones del sue\u00f1o y disfunci\u00f3n cognitiva con terapias y, si es necesario, medicaci\u00f3n.<\/p>\n<p style=\"font-weight: 400; text-align: justify;\">Complementariamente, el autocuidado del paciente es clave. Actividades como el ejercicio f\u00edsico adaptado, una nutrici\u00f3n balanceada y estrategias de manejo del estr\u00e9s han demostrado ser herramientas efectivas para mejorar el bienestar y disminuir la intensidad de los s\u00edntomas.<\/p>\n<p style=\"font-weight: 400; text-align: justify;\">Ante una enfermedad con alta prevalencia y significativas repercusiones en la vida diaria, la Dra. Gonz\u00e1lez concluye con un llamado potente a la sociedad: \u00abEs fundamental considerar la fibromialgia como una enfermedad real e involuntaria. Validar el sufrimiento de quienes la padecen, aunque cueste comprender su complejidad, es el primer paso para ofrecer el apoyo y el tratamiento que merecen\u00bb.<\/p>\n<\/div><\/section><\/div><div  style='height:50px' class='hr hr-invisible   avia-builder-el-6  el_after_av_one_full  el_before_av_social_share '><span class='hr-inner ' ><span class='hr-inner-style'><\/span><\/span><\/div><\/p>\n<div  class='av-social-sharing-box  avia-builder-el-7  el_after_av_hr  el_before_av_hr  '><div class='av-share-box'><h5 class='av-share-link-description av-no-toc '>Compartir esta noticia<\/h5><ul class='av-share-box-list noLightbox'><li class='av-share-link av-social-link-facebook' ><a target=\"_blank\" aria-label=\"Compartir en Facebook\" href='https:\/\/www.facebook.com\/sharer.php?u=https:\/\/radiorevelacionfm.cl\/?p=53801&#038;t=D%C3%ADa%20Mundial%20de%20la%20Fibromialgia%3A%20Especialista%20hace%20llamado%20a%20validar%20esta%20enfermedad%20cr%C3%B3nica%20poco%20comprendida%20que%20afecta%20a%20miles%20en%20Chile' aria-hidden='false' data-av_icon='\ue8f3' data-av_iconfont='entypo-fontello' title='' data-avia-related-tooltip='Compartir en Facebook' rel=\"noopener\"><span class='avia_hidden_link_text'>Compartir en Facebook<\/span><\/a><\/li><li class='av-share-link av-social-link-twitter' ><a target=\"_blank\" aria-label=\"Compartir en Twitter\" href='https:\/\/twitter.com\/share?text=D%C3%ADa%20Mundial%20de%20la%20Fibromialgia%3A%20Especialista%20hace%20llamado%20a%20validar%20esta%20enfermedad%20cr%C3%B3nica%20poco%20comprendida%20que%20afecta%20a%20miles%20en%20Chile&#038;url=https:\/\/radiorevelacionfm.cl\/?p=53801' aria-hidden='false' data-av_icon='\ue8f1' data-av_iconfont='entypo-fontello' title='' data-avia-related-tooltip='Compartir en Twitter' rel=\"noopener\"><span class='avia_hidden_link_text'>Compartir en Twitter<\/span><\/a><\/li><li class='av-share-link av-social-link-whatsapp' ><a target=\"_blank\" aria-label=\"Compartir en Whatsapp\" href='https:\/\/api.whatsapp.com\/send?text=https:\/\/radiorevelacionfm.cl\/?p=53801' aria-hidden='false' data-av_icon='\uf232' data-av_iconfont='entypo-fontello' title='' data-avia-related-tooltip='Compartir en Whatsapp' rel=\"noopener\"><span class='avia_hidden_link_text'>Compartir en Whatsapp<\/span><\/a><\/li><li class='av-share-link av-social-link-linkedin' ><a target=\"_blank\" aria-label=\"Compartir en LinkedIn\" href='https:\/\/linkedin.com\/shareArticle?mini=true&#038;title=D%C3%ADa%20Mundial%20de%20la%20Fibromialgia%3A%20Especialista%20hace%20llamado%20a%20validar%20esta%20enfermedad%20cr%C3%B3nica%20poco%20comprendida%20que%20afecta%20a%20miles%20en%20Chile&#038;url=https:\/\/radiorevelacionfm.cl\/?p=53801' aria-hidden='false' data-av_icon='\ue8fc' data-av_iconfont='entypo-fontello' title='' data-avia-related-tooltip='Compartir en LinkedIn' rel=\"noopener\"><span class='avia_hidden_link_text'>Compartir en LinkedIn<\/span><\/a><\/li><li class='av-share-link av-social-link-mail' ><a  aria-label=\"Compartir por correo\" href='mailto:?subject=D%C3%ADa%20Mundial%20de%20la%20Fibromialgia%3A%20Especialista%20hace%20llamado%20a%20validar%20esta%20enfermedad%20cr%C3%B3nica%20poco%20comprendida%20que%20afecta%20a%20miles%20en%20Chile&#038;body=https:\/\/radiorevelacionfm.cl\/?p=53801' aria-hidden='false' data-av_icon='\ue805' data-av_iconfont='entypo-fontello' title='' data-avia-related-tooltip='Compartir por correo'><span class='avia_hidden_link_text'>Compartir por correo<\/span><\/a><\/li><\/ul><\/div><\/div>\n<div  style='height:50px' class='hr hr-invisible   avia-builder-el-8  el_after_av_social_share  el_before_av_comments_list '><span class='hr-inner ' ><span class='hr-inner-style'><\/span><\/span><\/div>\n<div  class='av-buildercomment  av-blog-meta-html-info-disabled av-blog-meta-tag-disabled  '><\/div>\n","protected":false},"excerpt":{"rendered":"","protected":false},"author":1,"featured_media":53802,"comment_status":"closed","ping_status":"closed","sticky":false,"template":"","format":"standard","meta":{"footnotes":""},"categories":[46],"tags":[],"class_list":["post-53801","post","type-post","status-publish","format-standard","has-post-thumbnail","hentry","category-salud"],"jetpack_featured_media_url":"https:\/\/radiorevelacionfm.cl\/wp-content\/uploads\/2025\/05\/mujer-joven-con-dolor-de-cuello-mientras-trabajaba-en-casa-1-1.jpg","_links":{"self":[{"href":"https:\/\/radiorevelacionfm.cl\/index.php?rest_route=\/wp\/v2\/posts\/53801","targetHints":{"allow":["GET"]}}],"collection":[{"href":"https:\/\/radiorevelacionfm.cl\/index.php?rest_route=\/wp\/v2\/posts"}],"about":[{"href":"https:\/\/radiorevelacionfm.cl\/index.php?rest_route=\/wp\/v2\/types\/post"}],"author":[{"embeddable":true,"href":"https:\/\/radiorevelacionfm.cl\/index.php?rest_route=\/wp\/v2\/users\/1"}],"replies":[{"embeddable":true,"href":"https:\/\/radiorevelacionfm.cl\/index.php?rest_route=%2Fwp%2Fv2%2Fcomments&post=53801"}],"version-history":[{"count":2,"href":"https:\/\/radiorevelacionfm.cl\/index.php?rest_route=\/wp\/v2\/posts\/53801\/revisions"}],"predecessor-version":[{"id":53884,"href":"https:\/\/radiorevelacionfm.cl\/index.php?rest_route=\/wp\/v2\/posts\/53801\/revisions\/53884"}],"wp:featuredmedia":[{"embeddable":true,"href":"https:\/\/radiorevelacionfm.cl\/index.php?rest_route=\/wp\/v2\/media\/53802"}],"wp:attachment":[{"href":"https:\/\/radiorevelacionfm.cl\/index.php?rest_route=%2Fwp%2Fv2%2Fmedia&parent=53801"}],"wp:term":[{"taxonomy":"category","embeddable":true,"href":"https:\/\/radiorevelacionfm.cl\/index.php?rest_route=%2Fwp%2Fv2%2Fcategories&post=53801"},{"taxonomy":"post_tag","embeddable":true,"href":"https:\/\/radiorevelacionfm.cl\/index.php?rest_route=%2Fwp%2Fv2%2Ftags&post=53801"}],"curies":[{"name":"wp","href":"https:\/\/api.w.org\/{rel}","templated":true}]}}