{"id":5380,"date":"2021-06-17T11:50:18","date_gmt":"2021-06-17T14:50:18","guid":{"rendered":"https:\/\/radiorevelacionfm.cl\/?p=5380"},"modified":"2021-06-17T11:50:18","modified_gmt":"2021-06-17T14:50:18","slug":"nueva-ley-otorga-permiso-de-%c2%bd-dia-para-que-trabajadores-se-vacunen-en-campanas-de-inmunizacion","status":"publish","type":"post","link":"https:\/\/radiorevelacionfm.cl\/?p=5380","title":{"rendered":"Nueva Ley otorga permiso de \u00bd d\u00eda para que trabajadores se vacunen en campa\u00f1as de inmunizaci\u00f3n"},"content":{"rendered":"<div class=\"flex_column av_one_full  flex_column_div av-zero-column-padding first  avia-builder-el-0  el_before_av_one_full  avia-builder-el-first  \" style='border-radius:0px; '><div  class='avia-image-container  av-styling-    avia-builder-el-1  avia-builder-el-no-sibling  avia-align-center '  itemprop=\"image\" itemscope=\"itemscope\" itemtype=\"https:\/\/schema.org\/ImageObject\"  ><div class='avia-image-container-inner'><div class='avia-image-overlay-wrap'><img decoding=\"async\" class='wp-image-0 avia-img-lazy-loading-not-0 avia_image' src=\"https:\/\/radiorevelacionfm.cl\/wp-content\/uploads\/2021\/06\/Ley-Permiso-Trabajadores_CampanaVacunacion-2b-1-1.jpg\" alt='' title=''   itemprop=\"thumbnailUrl\"  \/><\/div><\/div><\/div><\/div><div class=\"flex_column av_one_full  flex_column_div av-zero-column-padding first  avia-builder-el-2  el_after_av_one_full  el_before_av_one_full  column-top-margin\" style='border-radius:0px; '><section class=\"av_textblock_section \"  itemscope=\"itemscope\" itemtype=\"https:\/\/schema.org\/BlogPosting\" itemprop=\"blogPost\" ><div class='avia_textblock  '   itemprop=\"text\" ><p style=\"text-align: center;\"><strong><span style=\"font-size: 18pt;\">Nueva Ley otorga permiso de \u00bd d\u00eda para que trabajadores se vacunen en campa\u00f1as de inmunizaci\u00f3n<\/span><\/strong><\/p>\n<div id=\"gtx-trans\" style=\"position: absolute; left: -50px; top: 4.31534px;\">\n<div class=\"gtx-trans-icon\"><\/div>\n<\/div>\n<\/div><\/section><\/div><div class=\"flex_column av_one_full  flex_column_div av-zero-column-padding first  avia-builder-el-4  el_after_av_one_full  el_before_av_hr  column-top-margin\" style='border-radius:0px; '><section class=\"av_textblock_section \"  itemscope=\"itemscope\" itemtype=\"https:\/\/schema.org\/BlogPosting\" itemprop=\"blogPost\" ><div class='avia_textblock  '   itemprop=\"text\" ><p style=\"text-align: justify;\">Ya es ley el permiso de \u00bd para que los trabajadores puedan vacunarse, ello en cualquier campa\u00f1a de inmunizaci\u00f3n del Ministerio de Salud para el control y prevenci\u00f3n de enfermedades, por ejemplo, contra el Covid 19, haciendo las autoridades del sector de trabajo y salud, un llamado a vacunarse y a informarse, tanto a trabajadores como a empleadores.<\/p>\n<p style=\"text-align: justify;\">La Seremi del Trabajo y Previsi\u00f3n Social, Andrea Ponce, se refiri\u00f3 a los alcances de esta normativa, \u201cA partir del 3 de junio ya es ley el permiso para que todos los trabajadores y trabajadoras de nuestro pa\u00eds puedan vacunarse ante cualquier campa\u00f1a que determine el Ministerio de Salud, hoy por el coronavirus y m\u00e1s adelante, lo que la autoridad sanitaria determine. Este permiso es de \u00bd d\u00eda y deben solicitarlo los trabajadores con dos d\u00edas de anticipaci\u00f3n a sus empleadores\u201d.<\/p>\n<p style=\"text-align: justify;\">Por su parte, la Seremi de Salud, Alejandra Valdebenito destac\u00f3 el trabajo mancomunado entre los sectores en pos de enfrentar la pandemia, \u201cDesde Salud queremos agradecer y valorar la entrada en vigencia de esta ley, lo hemos dicho desde el d\u00eda uno, como Ministerio de Salud no podemos avanzar solos en el control de esta pandemia. Por esta raz\u00f3n, agradecemos al Ministerio del Trabajo, pero tambi\u00e9n a los organismos administradores de la ley de accidentes y enfermedades profesionales, las mutualidades, en este caso la ACHS, quien se ha hecho presente desde el primer d\u00eda, para favorecer la vacunaci\u00f3n en la Regi\u00f3n de Ays\u00e9n. El llamado es a los empleadores y a los trabajadores de la regi\u00f3n, a vacunarse contra el Covid 19\u201d.<\/p>\n<p style=\"text-align: justify;\"><strong><u>Aumento de puntos de vacunaci\u00f3n <\/u><\/strong><\/p>\n<p style=\"text-align: justify;\">En los \u00faltimos d\u00edas han aumentado los puntos de vacunaci\u00f3n contra el Covid 19 e influenza, alcanzando actualmente seis lugares en Coyhaique para que la comunidad pueda vacunarse contra el coronavirus, adem\u00e1s de los distintos puntos en el resto de la Regi\u00f3n de Ays\u00e9n. As\u00ed lo afirm\u00f3 el Director Regional del Servicio de Salud, Gabriel Burgos, quien detall\u00f3: \u201cInf\u00f3rmate sobre los puntos de vacunaci\u00f3n, ac\u00e1 en Coyhaique, estamos en el Dreams, en el Gimnasio Regional, en el punto de la ACHS y tambi\u00e9n en las Juntas de Vecinos para poder acercar las vacunas a cada una de las personas, en Vista Hermosa, en la Uni\u00f3n Comunal de Adultos Mayores y en la Junta de Vecinos Padre Antonio Ronchi, para que te puedas acercar a cada uno de esos lugares, porque la pandemia es un compromiso de todos y tenemos que combatirla entre todos\u201d.<\/p>\n<p style=\"text-align: justify;\">En gran parte del pa\u00eds, las administradoras del seguro contra riesgos de accidentes del trabajo y enfermedades profesionales, m\u00e1s conocidas como mutualidades, han comenzado a sumarse al proceso de vacunaci\u00f3n, a trav\u00e9s de diversos convenios. En Coyhaique, la Asociaci\u00f3n Chilena de Seguridad, ACHS, ya se encuentra vacunando por Covid 19 e influenza.<\/p>\n<p style=\"text-align: justify;\">En este sentido, el jefe de gesti\u00f3n comercial y servicios prevenci\u00f3n de la instituci\u00f3n, Ra\u00fal Dur\u00e1n, se\u00f1al\u00f3 la motivaci\u00f3n existente, \u201cDesde ACHS queremos ser un apoyo al programa de vacunaci\u00f3n de Covid 19, es por eso que estamos desde el primer d\u00eda en pos de aumentar los puntos de vacunaci\u00f3n y, adem\u00e1s, con esto, dar un apoyo a nuestras empresas afiliadas\u201d. La enfermera Mar\u00eda Ang\u00e9lica \u00c1lvarez agreg\u00f3 sobre los horarios de atenci\u00f3n al p\u00fablico en general, \u201cEstamos atendiendo como punto de vacunaci\u00f3n todos los d\u00edas desde las 17:30 a las 19:15 y los s\u00e1bados desde las 10:00 de la ma\u00f1ana a las 14:00. Los d\u00edas s\u00e1bados incluimos influenza, pero vacunaci\u00f3n de Covid, todos los d\u00edas\u201d.<\/p>\n<p style=\"text-align: justify;\"><strong><u>Derecho laboral<\/u><\/strong><\/p>\n<p style=\"text-align: justify;\">Con respecto a los empleadores que no otorguen el permiso correspondiente o descuenten ese \u00bd d\u00eda en la remuneraci\u00f3n del trabajador, el Director Regional(s) del Trabajo, Christian Aros, mencion\u00f3 los canales de denuncia, \u201clos trabajadores y trabajadoras a quienes sus empleadores les negaran el permiso, pueden hacer las denuncias directamente en <a href=\"http:\/\/www.direcciondeltrabajo.cl\">www.direcciondeltrabajo.cl<\/a>, en cualquiera de nuestras oficinas a lo largo de la regi\u00f3n de 9:00 a 14:00 hrs. o en el correo electr\u00f3nico <a href=\"mailto:upartesaysen@dt.gob.cl\">upartesaysen@dt.gob.cl<\/a>\u201d.<\/p>\n<p style=\"text-align: justify;\">La Ley 21.347 establece que es un derecho laboral de todo trabajador o toda trabajadora que se encuentre dentro de la poblaci\u00f3n objetivo de dichas campa\u00f1as el medio d\u00eda de permiso laboral para su vacunaci\u00f3n. Como mencion\u00f3 la Seremi Ponce, el trabajador debe avisar a su empleador, al menos, con dos d\u00edas de anticipaci\u00f3n y despu\u00e9s de la vacunaci\u00f3n, \u00e9ste deber\u00e1 presentar a su empleador el carnet de vacunaci\u00f3n o un certificado emitido por la autoridad sanitaria.<\/p>\n<\/div><\/section><\/div><div  style='height:50px' class='hr hr-invisible   avia-builder-el-6  el_after_av_one_full  el_before_av_social_share '><span class='hr-inner ' ><span class='hr-inner-style'><\/span><\/span><\/div><\/p>\n<div  class='av-social-sharing-box  avia-builder-el-7  el_after_av_hr  el_before_av_hr  '><div class='av-share-box'><h5 class='av-share-link-description av-no-toc '>Compartir esta noticia<\/h5><ul class='av-share-box-list noLightbox'><li class='av-share-link av-social-link-facebook' ><a target=\"_blank\" aria-label=\"Compartir en Facebook\" href='https:\/\/www.facebook.com\/sharer.php?u=https:\/\/radiorevelacionfm.cl\/?p=5380&#038;t=Nueva%20Ley%20otorga%20permiso%20de%20%C2%BD%20d%C3%ADa%20para%20que%20trabajadores%20se%20vacunen%20en%20campa%C3%B1as%20de%20inmunizaci%C3%B3n' aria-hidden='false' data-av_icon='\ue8f3' data-av_iconfont='entypo-fontello' title='' data-avia-related-tooltip='Compartir en Facebook' rel=\"noopener\"><span class='avia_hidden_link_text'>Compartir en Facebook<\/span><\/a><\/li><li class='av-share-link av-social-link-twitter' ><a target=\"_blank\" aria-label=\"Compartir en Twitter\" href='https:\/\/twitter.com\/share?text=Nueva%20Ley%20otorga%20permiso%20de%20%C2%BD%20d%C3%ADa%20para%20que%20trabajadores%20se%20vacunen%20en%20campa%C3%B1as%20de%20inmunizaci%C3%B3n&#038;url=https:\/\/radiorevelacionfm.cl\/?p=5380' aria-hidden='false' data-av_icon='\ue8f1' data-av_iconfont='entypo-fontello' title='' data-avia-related-tooltip='Compartir en Twitter' rel=\"noopener\"><span class='avia_hidden_link_text'>Compartir en Twitter<\/span><\/a><\/li><li class='av-share-link av-social-link-whatsapp' ><a target=\"_blank\" aria-label=\"Compartir en Whatsapp\" href='https:\/\/api.whatsapp.com\/send?text=https:\/\/radiorevelacionfm.cl\/?p=5380' aria-hidden='false' data-av_icon='\uf232' data-av_iconfont='entypo-fontello' title='' data-avia-related-tooltip='Compartir en Whatsapp' rel=\"noopener\"><span class='avia_hidden_link_text'>Compartir en Whatsapp<\/span><\/a><\/li><li class='av-share-link av-social-link-linkedin' ><a target=\"_blank\" aria-label=\"Compartir en LinkedIn\" href='https:\/\/linkedin.com\/shareArticle?mini=true&#038;title=Nueva%20Ley%20otorga%20permiso%20de%20%C2%BD%20d%C3%ADa%20para%20que%20trabajadores%20se%20vacunen%20en%20campa%C3%B1as%20de%20inmunizaci%C3%B3n&#038;url=https:\/\/radiorevelacionfm.cl\/?p=5380' aria-hidden='false' data-av_icon='\ue8fc' data-av_iconfont='entypo-fontello' title='' data-avia-related-tooltip='Compartir en LinkedIn' rel=\"noopener\"><span class='avia_hidden_link_text'>Compartir en LinkedIn<\/span><\/a><\/li><li class='av-share-link av-social-link-mail' ><a  aria-label=\"Compartir por correo\" href='mailto:?subject=Nueva%20Ley%20otorga%20permiso%20de%20%C2%BD%20d%C3%ADa%20para%20que%20trabajadores%20se%20vacunen%20en%20campa%C3%B1as%20de%20inmunizaci%C3%B3n&#038;body=https:\/\/radiorevelacionfm.cl\/?p=5380' aria-hidden='false' data-av_icon='\ue805' data-av_iconfont='entypo-fontello' title='' data-avia-related-tooltip='Compartir por correo'><span class='avia_hidden_link_text'>Compartir por correo<\/span><\/a><\/li><\/ul><\/div><\/div>\n<div  style='height:50px' class='hr hr-invisible   avia-builder-el-8  el_after_av_social_share  el_before_av_comments_list '><span class='hr-inner ' ><span class='hr-inner-style'><\/span><\/span><\/div>\n<div  class='av-buildercomment  av-blog-meta-html-info-disabled av-blog-meta-tag-disabled  '><\/div>\n","protected":false},"excerpt":{"rendered":"","protected":false},"author":1,"featured_media":0,"comment_status":"open","ping_status":"open","sticky":false,"template":"","format":"standard","meta":{"footnotes":""},"categories":[56],"tags":[],"class_list":["post-5380","post","type-post","status-publish","format-standard","hentry","category-trabajo"],"jetpack_featured_media_url":"","_links":{"self":[{"href":"https:\/\/radiorevelacionfm.cl\/index.php?rest_route=\/wp\/v2\/posts\/5380","targetHints":{"allow":["GET"]}}],"collection":[{"href":"https:\/\/radiorevelacionfm.cl\/index.php?rest_route=\/wp\/v2\/posts"}],"about":[{"href":"https:\/\/radiorevelacionfm.cl\/index.php?rest_route=\/wp\/v2\/types\/post"}],"author":[{"embeddable":true,"href":"https:\/\/radiorevelacionfm.cl\/index.php?rest_route=\/wp\/v2\/users\/1"}],"replies":[{"embeddable":true,"href":"https:\/\/radiorevelacionfm.cl\/index.php?rest_route=%2Fwp%2Fv2%2Fcomments&post=5380"}],"version-history":[{"count":1,"href":"https:\/\/radiorevelacionfm.cl\/index.php?rest_route=\/wp\/v2\/posts\/5380\/revisions"}],"predecessor-version":[{"id":5382,"href":"https:\/\/radiorevelacionfm.cl\/index.php?rest_route=\/wp\/v2\/posts\/5380\/revisions\/5382"}],"wp:attachment":[{"href":"https:\/\/radiorevelacionfm.cl\/index.php?rest_route=%2Fwp%2Fv2%2Fmedia&parent=5380"}],"wp:term":[{"taxonomy":"category","embeddable":true,"href":"https:\/\/radiorevelacionfm.cl\/index.php?rest_route=%2Fwp%2Fv2%2Fcategories&post=5380"},{"taxonomy":"post_tag","embeddable":true,"href":"https:\/\/radiorevelacionfm.cl\/index.php?rest_route=%2Fwp%2Fv2%2Ftags&post=5380"}],"curies":[{"name":"wp","href":"https:\/\/api.w.org\/{rel}","templated":true}]}}