{"id":53797,"date":"2025-05-12T15:25:45","date_gmt":"2025-05-12T18:25:45","guid":{"rendered":"https:\/\/radiorevelacionfm.cl\/?p=53797"},"modified":"2025-05-12T15:25:45","modified_gmt":"2025-05-12T18:25:45","slug":"concejal-vera-denuncia-censura-y-exige-aclarar-millonarias-compras-observadas-por-contraloria","status":"publish","type":"post","link":"https:\/\/radiorevelacionfm.cl\/?p=53797","title":{"rendered":"Concejal Vera denuncia censura y exige aclarar millonarias compras observadas por Contralor\u00eda"},"content":{"rendered":"<div class=\"flex_column av_one_full  flex_column_div av-zero-column-padding first  avia-builder-el-0  el_before_av_one_full  avia-builder-el-first  \" style='border-radius:0px; '><div  class='avia-image-container  av-styling-    avia-builder-el-1  avia-builder-el-no-sibling  avia-align-center '  itemprop=\"image\" itemscope=\"itemscope\" itemtype=\"https:\/\/schema.org\/ImageObject\"  ><div class='avia-image-container-inner'><div class='avia-image-overlay-wrap'><img decoding=\"async\" class='wp-image-53798 avia-img-lazy-loading-not-53798 avia_image' src=\"https:\/\/radiorevelacionfm.cl\/wp-content\/uploads\/2025\/05\/img-001-2-1_optimized.jpeg\" alt='' title='img-001-(2)-(1)_optimized' height=\"600\" width=\"843\"  itemprop=\"thumbnailUrl\" srcset=\"https:\/\/radiorevelacionfm.cl\/wp-content\/uploads\/2025\/05\/img-001-2-1_optimized.jpeg 843w, https:\/\/radiorevelacionfm.cl\/wp-content\/uploads\/2025\/05\/img-001-2-1_optimized-300x214.jpeg 300w, https:\/\/radiorevelacionfm.cl\/wp-content\/uploads\/2025\/05\/img-001-2-1_optimized-768x547.jpeg 768w, https:\/\/radiorevelacionfm.cl\/wp-content\/uploads\/2025\/05\/img-001-2-1_optimized-260x185.jpeg 260w, https:\/\/radiorevelacionfm.cl\/wp-content\/uploads\/2025\/05\/img-001-2-1_optimized-705x502.jpeg 705w, https:\/\/radiorevelacionfm.cl\/wp-content\/uploads\/2025\/05\/img-001-2-1_optimized-450x320.jpeg 450w, https:\/\/radiorevelacionfm.cl\/wp-content\/uploads\/2025\/05\/img-001-2-1_optimized-600x427.jpeg 600w\" sizes=\"(max-width: 843px) 100vw, 843px\" \/><\/div><\/div><\/div><\/div><div class=\"flex_column av_one_full  flex_column_div av-zero-column-padding first  avia-builder-el-2  el_after_av_one_full  el_before_av_one_full  column-top-margin\" style='border-radius:0px; '><section class=\"av_textblock_section \"  itemscope=\"itemscope\" itemtype=\"https:\/\/schema.org\/BlogPosting\" itemprop=\"blogPost\" ><div class='avia_textblock  '   itemprop=\"text\" ><p style=\"text-align: center;\"><strong><span style=\"font-size: 18pt;\">Concejal Vera denuncia censura y exige aclarar millonarias compras observadas por Contralor\u00eda<\/span><\/strong><\/p>\n<div id=\"gtx-trans\" style=\"position: absolute; left: -50px; top: 4.31534px;\">\n<div class=\"gtx-trans-icon\"><\/div>\n<\/div>\n<\/div><\/section><\/div><div class=\"flex_column av_one_full  flex_column_div av-zero-column-padding first  avia-builder-el-4  el_after_av_one_full  el_before_av_hr  column-top-margin\" style='border-radius:0px; '><section class=\"av_textblock_section \"  itemscope=\"itemscope\" itemtype=\"https:\/\/schema.org\/BlogPosting\" itemprop=\"blogPost\" ><div class='avia_textblock  '   itemprop=\"text\" ><p dir=\"ltr\" style=\"text-align: justify;\">El concejal de Coyhaique, Sebasti\u00e1n Vera, denunci\u00f3 haber sido censurado por el alcalde durante la \u00faltima sesi\u00f3n del Concejo Municipal, cuando intent\u00f3 ejercer su derecho a la palabra para defenderse de una denuncia an\u00f3nima presentada ante la Contralor\u00eda Regional. La acusaci\u00f3n lo vincula, sin pruebas, a la supuesta venta ilegal de alcohol desde su domicilio, en el marco de los conocidos remates solidarios que organiza en apoyo a vecinos y vecinas de la comuna.<\/p>\n<p dir=\"ltr\" style=\"text-align: justify;\">\u00abJam\u00e1s he vendido alcohol. Jam\u00e1s he lucrado con estas actividades. Todo lo que hacemos es p\u00fablico, transparente y con la comunidad. Esto no es un negocio, es solidaridad en su forma m\u00e1s pura\u00bb, declar\u00f3 Vera.<\/p>\n<p dir=\"ltr\" style=\"text-align: justify;\">Seg\u00fan explic\u00f3, estos remates han servido para reunir fondos en casos de urgencia social o m\u00e9dica, y han contado con el apoyo activo de la comunidad. \u00abCuando el Estado no llega, cuando la salud p\u00fablica no da abasto o cuando el deporte y la cultura son abandonados, ah\u00ed estamos. Y ah\u00ed vamos a seguir estando\u00bb, agreg\u00f3.<\/p>\n<p dir=\"ltr\" style=\"text-align: justify;\"><strong>Censura y ataque pol\u00edtico<\/strong><\/p>\n<p dir=\"ltr\" style=\"text-align: justify;\">El concejal afirm\u00f3 que fue interrumpido y silenciado por el alcalde justo cuando intentaba exponer su versi\u00f3n ante el Concejo, lo que calific\u00f3 como un acto grave de censura pol\u00edtica.<\/p>\n<p dir=\"ltr\" style=\"text-align: justify;\">\u00abNo se me permiti\u00f3 hablar. Me censuraron por defenderme. Ese no es el camino en democracia. No pueden callar a un concejal por cumplir su rol, ni por ayudar a su comunidad. Estoy convencido de que esto es un intento de desacreditarme pol\u00edticamente, justo cuando estoy fiscalizando temas realmente graves\u00bb, se\u00f1al\u00f3.<\/p>\n<p dir=\"ltr\" style=\"text-align: justify;\"><strong>Informe Final N.\u00ba 826 de Contralor\u00eda: compras por $768 millones fuera de norma<\/strong><\/p>\n<p dir=\"ltr\" style=\"text-align: justify;\">Vera reafirm\u00f3 que seguir\u00e1 cumpliendo su deber fiscalizador con total firmeza, especialmente ante las observaciones realizadas por la Contralor\u00eda General de la Rep\u00fablica en el Informe Final N.\u00ba 826, que detect\u00f3 adquisiciones municipales por $768.566.560 fuera del sistema de compras p\u00fablicas.<\/p>\n<p dir=\"ltr\" style=\"text-align: justify;\">\u00abEstamos hablando de casi 770 millones de pesos gastados fuera del marco legal. Esto no se resuelve con testimoniales ni con excusas. La Contralor\u00eda exige respuestas formales, y el municipio debe entregar cada antecedente. La ciudadan\u00eda merece saber la verdad\u00bb, enfatiz\u00f3.<\/p>\n<p dir=\"ltr\" style=\"text-align: justify;\">El concejal insisti\u00f3 en que, mientras algunos intentan desviar la atenci\u00f3n con denuncias sin fundamento, el foco debe mantenerse en las irregularidades que s\u00ed est\u00e1n acreditadas por los \u00f3rganos de control.<\/p>\n<p dir=\"ltr\" style=\"text-align: justify;\"><strong>Compromiso con la comunidad<\/strong><\/p>\n<p dir=\"ltr\" style=\"text-align: justify;\">Finalmente, Vera dej\u00f3 en claro que no dejar\u00e1 de alzar la voz ni de trabajar junto a la ciudadan\u00eda:<\/p>\n<p dir=\"ltr\" style=\"text-align: justify;\">\u00abMe pueden intentar callar, pero no me voy a quebrar. Voy a seguir ayudando a quienes lo necesiten. Voy a seguir fiscalizando, porque esa es mi responsabilidad. Yo no vine a ocupar un cargo, vine a servir. Y no voy a retroceder ni un cent\u00edmetro en ese compromiso\u00bb.<\/p>\n<\/div><\/section><\/div><div  style='height:50px' class='hr hr-invisible   avia-builder-el-6  el_after_av_one_full  el_before_av_social_share '><span class='hr-inner ' ><span class='hr-inner-style'><\/span><\/span><\/div><\/p>\n<div  class='av-social-sharing-box  avia-builder-el-7  el_after_av_hr  el_before_av_hr  '><div class='av-share-box'><h5 class='av-share-link-description av-no-toc '>Compartir esta noticia<\/h5><ul class='av-share-box-list noLightbox'><li class='av-share-link av-social-link-facebook' ><a target=\"_blank\" aria-label=\"Compartir en Facebook\" href='https:\/\/www.facebook.com\/sharer.php?u=https:\/\/radiorevelacionfm.cl\/?p=53797&#038;t=Concejal%20Vera%20denuncia%20censura%20y%20exige%20aclarar%20millonarias%20compras%20observadas%20por%20Contralor%C3%ADa' aria-hidden='false' data-av_icon='\ue8f3' data-av_iconfont='entypo-fontello' title='' data-avia-related-tooltip='Compartir en Facebook' rel=\"noopener\"><span class='avia_hidden_link_text'>Compartir en Facebook<\/span><\/a><\/li><li class='av-share-link av-social-link-twitter' ><a target=\"_blank\" aria-label=\"Compartir en Twitter\" href='https:\/\/twitter.com\/share?text=Concejal%20Vera%20denuncia%20censura%20y%20exige%20aclarar%20millonarias%20compras%20observadas%20por%20Contralor%C3%ADa&#038;url=https:\/\/radiorevelacionfm.cl\/?p=53797' aria-hidden='false' data-av_icon='\ue8f1' data-av_iconfont='entypo-fontello' title='' data-avia-related-tooltip='Compartir en Twitter' rel=\"noopener\"><span class='avia_hidden_link_text'>Compartir en Twitter<\/span><\/a><\/li><li class='av-share-link av-social-link-whatsapp' ><a target=\"_blank\" aria-label=\"Compartir en Whatsapp\" href='https:\/\/api.whatsapp.com\/send?text=https:\/\/radiorevelacionfm.cl\/?p=53797' aria-hidden='false' data-av_icon='\uf232' data-av_iconfont='entypo-fontello' title='' data-avia-related-tooltip='Compartir en Whatsapp' rel=\"noopener\"><span class='avia_hidden_link_text'>Compartir en Whatsapp<\/span><\/a><\/li><li class='av-share-link av-social-link-linkedin' ><a target=\"_blank\" aria-label=\"Compartir en LinkedIn\" href='https:\/\/linkedin.com\/shareArticle?mini=true&#038;title=Concejal%20Vera%20denuncia%20censura%20y%20exige%20aclarar%20millonarias%20compras%20observadas%20por%20Contralor%C3%ADa&#038;url=https:\/\/radiorevelacionfm.cl\/?p=53797' aria-hidden='false' data-av_icon='\ue8fc' data-av_iconfont='entypo-fontello' title='' data-avia-related-tooltip='Compartir en LinkedIn' rel=\"noopener\"><span class='avia_hidden_link_text'>Compartir en LinkedIn<\/span><\/a><\/li><li class='av-share-link av-social-link-mail' ><a  aria-label=\"Compartir por correo\" href='mailto:?subject=Concejal%20Vera%20denuncia%20censura%20y%20exige%20aclarar%20millonarias%20compras%20observadas%20por%20Contralor%C3%ADa&#038;body=https:\/\/radiorevelacionfm.cl\/?p=53797' aria-hidden='false' data-av_icon='\ue805' data-av_iconfont='entypo-fontello' title='' data-avia-related-tooltip='Compartir por correo'><span class='avia_hidden_link_text'>Compartir por correo<\/span><\/a><\/li><\/ul><\/div><\/div>\n<div  style='height:50px' class='hr hr-invisible   avia-builder-el-8  el_after_av_social_share  el_before_av_comments_list '><span class='hr-inner ' ><span class='hr-inner-style'><\/span><\/span><\/div>\n<div  class='av-buildercomment  av-blog-meta-html-info-disabled av-blog-meta-tag-disabled  '><\/div>\n","protected":false},"excerpt":{"rendered":"","protected":false},"author":1,"featured_media":53798,"comment_status":"closed","ping_status":"closed","sticky":false,"template":"","format":"standard","meta":{"footnotes":""},"categories":[38],"tags":[],"class_list":["post-53797","post","type-post","status-publish","format-standard","has-post-thumbnail","hentry","category-regional"],"jetpack_featured_media_url":"https:\/\/radiorevelacionfm.cl\/wp-content\/uploads\/2025\/05\/img-001-2-1_optimized.jpeg","_links":{"self":[{"href":"https:\/\/radiorevelacionfm.cl\/index.php?rest_route=\/wp\/v2\/posts\/53797","targetHints":{"allow":["GET"]}}],"collection":[{"href":"https:\/\/radiorevelacionfm.cl\/index.php?rest_route=\/wp\/v2\/posts"}],"about":[{"href":"https:\/\/radiorevelacionfm.cl\/index.php?rest_route=\/wp\/v2\/types\/post"}],"author":[{"embeddable":true,"href":"https:\/\/radiorevelacionfm.cl\/index.php?rest_route=\/wp\/v2\/users\/1"}],"replies":[{"embeddable":true,"href":"https:\/\/radiorevelacionfm.cl\/index.php?rest_route=%2Fwp%2Fv2%2Fcomments&post=53797"}],"version-history":[{"count":2,"href":"https:\/\/radiorevelacionfm.cl\/index.php?rest_route=\/wp\/v2\/posts\/53797\/revisions"}],"predecessor-version":[{"id":53800,"href":"https:\/\/radiorevelacionfm.cl\/index.php?rest_route=\/wp\/v2\/posts\/53797\/revisions\/53800"}],"wp:featuredmedia":[{"embeddable":true,"href":"https:\/\/radiorevelacionfm.cl\/index.php?rest_route=\/wp\/v2\/media\/53798"}],"wp:attachment":[{"href":"https:\/\/radiorevelacionfm.cl\/index.php?rest_route=%2Fwp%2Fv2%2Fmedia&parent=53797"}],"wp:term":[{"taxonomy":"category","embeddable":true,"href":"https:\/\/radiorevelacionfm.cl\/index.php?rest_route=%2Fwp%2Fv2%2Fcategories&post=53797"},{"taxonomy":"post_tag","embeddable":true,"href":"https:\/\/radiorevelacionfm.cl\/index.php?rest_route=%2Fwp%2Fv2%2Ftags&post=53797"}],"curies":[{"name":"wp","href":"https:\/\/api.w.org\/{rel}","templated":true}]}}