{"id":53793,"date":"2025-05-12T15:14:00","date_gmt":"2025-05-12T18:14:00","guid":{"rendered":"https:\/\/radiorevelacionfm.cl\/?p=53793"},"modified":"2025-05-12T15:14:00","modified_gmt":"2025-05-12T18:14:00","slug":"finalizo-la-temporada-de-pesca-recreativa-en-aysen","status":"publish","type":"post","link":"https:\/\/radiorevelacionfm.cl\/?p=53793","title":{"rendered":"Finaliz\u00f3 la temporada de pesca recreativa en Ays\u00e9n"},"content":{"rendered":"<div class=\"flex_column av_one_full  flex_column_div av-zero-column-padding first  avia-builder-el-0  el_before_av_one_full  avia-builder-el-first  \" style='border-radius:0px; '><div  class='avia-image-container  av-styling-    avia-builder-el-1  avia-builder-el-no-sibling  avia-align-center '  itemprop=\"image\" itemscope=\"itemscope\" itemtype=\"https:\/\/schema.org\/ImageObject\"  ><div class='avia-image-container-inner'><div class='avia-image-overlay-wrap'><img decoding=\"async\" class='wp-image-53794 avia-img-lazy-loading-not-53794 avia_image' src=\"https:\/\/radiorevelacionfm.cl\/wp-content\/uploads\/2025\/05\/sernapesca_15-1_optimized-1.jpg\" alt='' title='sernapesca_15-(1)_optimized (1)' height=\"600\" width=\"1188\"  itemprop=\"thumbnailUrl\" srcset=\"https:\/\/radiorevelacionfm.cl\/wp-content\/uploads\/2025\/05\/sernapesca_15-1_optimized-1.jpg 1188w, https:\/\/radiorevelacionfm.cl\/wp-content\/uploads\/2025\/05\/sernapesca_15-1_optimized-1-300x152.jpg 300w, https:\/\/radiorevelacionfm.cl\/wp-content\/uploads\/2025\/05\/sernapesca_15-1_optimized-1-1030x520.jpg 1030w, https:\/\/radiorevelacionfm.cl\/wp-content\/uploads\/2025\/05\/sernapesca_15-1_optimized-1-768x388.jpg 768w, https:\/\/radiorevelacionfm.cl\/wp-content\/uploads\/2025\/05\/sernapesca_15-1_optimized-1-705x356.jpg 705w, https:\/\/radiorevelacionfm.cl\/wp-content\/uploads\/2025\/05\/sernapesca_15-1_optimized-1-450x227.jpg 450w, https:\/\/radiorevelacionfm.cl\/wp-content\/uploads\/2025\/05\/sernapesca_15-1_optimized-1-600x303.jpg 600w\" sizes=\"(max-width: 1188px) 100vw, 1188px\" \/><\/div><\/div><\/div><\/div><div class=\"flex_column av_one_full  flex_column_div av-zero-column-padding first  avia-builder-el-2  el_after_av_one_full  el_before_av_one_full  column-top-margin\" style='border-radius:0px; '><section class=\"av_textblock_section \"  itemscope=\"itemscope\" itemtype=\"https:\/\/schema.org\/BlogPosting\" itemprop=\"blogPost\" ><div class='avia_textblock  '   itemprop=\"text\" ><p style=\"text-align: center;\"><span style=\"font-size: 18pt;\"><b>Finaliz\u00f3 la temporada de pesca recreativa en Ays\u00e9n<\/b><\/span><\/p>\n<div id=\"gtx-trans\" style=\"position: absolute; left: -50px; top: 4.31534px;\">\n<div class=\"gtx-trans-icon\"><\/div>\n<\/div>\n<\/div><\/section><\/div><div class=\"flex_column av_one_full  flex_column_div av-zero-column-padding first  avia-builder-el-4  el_after_av_one_full  el_before_av_hr  column-top-margin\" style='border-radius:0px; '><section class=\"av_textblock_section \"  itemscope=\"itemscope\" itemtype=\"https:\/\/schema.org\/BlogPosting\" itemprop=\"blogPost\" ><div class='avia_textblock  '   itemprop=\"text\" ><p style=\"font-weight: 400; text-align: justify;\">A guardar las ca\u00f1as de pescar hasta la pr\u00f3xima temporada, ya que en la regi\u00f3n de Ays\u00e9n se dio por finalizada la temporada 2024-2025 para aguas continentales. As\u00ed lo anunci\u00f3 el Servicio nacional de Pesca y Acuicultura (Sernapesca) mediante Resoluciones Exentas N\u00b03004\/2024 de la Subsecretar\u00eda de Pesca y Acuicultura.<\/p>\n<p style=\"font-weight: 400; text-align: justify;\">Con el t\u00e9rmino de la temporada de pesca recreativa, se inicia la veda biol\u00f3gica de las especies salm\u00f3nidas silvestres, que es la prohibici\u00f3n de capturar o extraerlas, con el fin de resguardar los procesos de reproducci\u00f3n de dichas especies, siendo el sustento de una de las actividades m\u00e1s importantes para el turismo en la regi\u00f3n, la pesca recreativa.<\/p>\n<p style=\"font-weight: 400; text-align: justify;\">A trav\u00e9s del Programa Especial de Aguas Continentales de Sernapesca, reforzar\u00e1n las acciones de control en r\u00edos, lagunas, lagos y, particularmente en zonas de desove, para proteger los procesos de reproducci\u00f3n. Para ello, trabajar\u00e1n coordinadamente con Carabineros y La Armada de Chile, instituciones que conforman la Red Sustenta, y que tambi\u00e9n deben velar por el cumplimiento de la ley de Pesca Recreativa, permitiendo de este modo una amplia cobertura territorial.<\/p>\n<p style=\"font-weight: 400; text-align: justify;\">Daniela Leiva, directora regional de Sernapesca en Ays\u00e9n coment\u00f3: \u201cSi bien la temporada de pesca recreativa se cierra en aguas continentales, es decir en r\u00edos, lagos y esteros, recordamos que en el mar se puede continuar realizando esta actividad durante todo el a\u00f1o portando licencia vigente, utilizando un aparejo por persona y respetando las diferentes medidas de administraci\u00f3n. Adem\u00e1s, hacemos un llamado a la responsabilidad, por nuestra parte estaremos realizando fiscalizaciones para asegurar el cumplimiento de la ley, pero es tarea de toda la ciudadan\u00eda velar por el resguardo de una actividad que es de gran importancia para la regi\u00f3n\u201d.<\/p>\n<p style=\"font-weight: 400; text-align: justify;\">El 12 de octubre del 2025 se podr\u00e1 volver a realizar la actividad en los cuerpos y cursos de agua dulce de la regi\u00f3n de Ays\u00e9n.<\/p>\n<\/div><\/section><\/div><div  style='height:50px' class='hr hr-invisible   avia-builder-el-6  el_after_av_one_full  el_before_av_social_share '><span class='hr-inner ' ><span class='hr-inner-style'><\/span><\/span><\/div><\/p>\n<div  class='av-social-sharing-box  avia-builder-el-7  el_after_av_hr  el_before_av_hr  '><div class='av-share-box'><h5 class='av-share-link-description av-no-toc '>Compartir esta noticia<\/h5><ul class='av-share-box-list noLightbox'><li class='av-share-link av-social-link-facebook' ><a target=\"_blank\" aria-label=\"Compartir en Facebook\" href='https:\/\/www.facebook.com\/sharer.php?u=https:\/\/radiorevelacionfm.cl\/?p=53793&#038;t=Finaliz%C3%B3%20la%20temporada%20de%20pesca%20recreativa%20en%20Ays%C3%A9n' aria-hidden='false' data-av_icon='\ue8f3' data-av_iconfont='entypo-fontello' title='' data-avia-related-tooltip='Compartir en Facebook' rel=\"noopener\"><span class='avia_hidden_link_text'>Compartir en Facebook<\/span><\/a><\/li><li class='av-share-link av-social-link-twitter' ><a target=\"_blank\" aria-label=\"Compartir en Twitter\" href='https:\/\/twitter.com\/share?text=Finaliz%C3%B3%20la%20temporada%20de%20pesca%20recreativa%20en%20Ays%C3%A9n&#038;url=https:\/\/radiorevelacionfm.cl\/?p=53793' aria-hidden='false' data-av_icon='\ue8f1' data-av_iconfont='entypo-fontello' title='' data-avia-related-tooltip='Compartir en Twitter' rel=\"noopener\"><span class='avia_hidden_link_text'>Compartir en Twitter<\/span><\/a><\/li><li class='av-share-link av-social-link-whatsapp' ><a target=\"_blank\" aria-label=\"Compartir en Whatsapp\" href='https:\/\/api.whatsapp.com\/send?text=https:\/\/radiorevelacionfm.cl\/?p=53793' aria-hidden='false' data-av_icon='\uf232' data-av_iconfont='entypo-fontello' title='' data-avia-related-tooltip='Compartir en Whatsapp' rel=\"noopener\"><span class='avia_hidden_link_text'>Compartir en Whatsapp<\/span><\/a><\/li><li class='av-share-link av-social-link-linkedin' ><a target=\"_blank\" aria-label=\"Compartir en LinkedIn\" href='https:\/\/linkedin.com\/shareArticle?mini=true&#038;title=Finaliz%C3%B3%20la%20temporada%20de%20pesca%20recreativa%20en%20Ays%C3%A9n&#038;url=https:\/\/radiorevelacionfm.cl\/?p=53793' aria-hidden='false' data-av_icon='\ue8fc' data-av_iconfont='entypo-fontello' title='' data-avia-related-tooltip='Compartir en LinkedIn' rel=\"noopener\"><span class='avia_hidden_link_text'>Compartir en LinkedIn<\/span><\/a><\/li><li class='av-share-link av-social-link-mail' ><a  aria-label=\"Compartir por correo\" href='mailto:?subject=Finaliz%C3%B3%20la%20temporada%20de%20pesca%20recreativa%20en%20Ays%C3%A9n&#038;body=https:\/\/radiorevelacionfm.cl\/?p=53793' aria-hidden='false' data-av_icon='\ue805' data-av_iconfont='entypo-fontello' title='' data-avia-related-tooltip='Compartir por correo'><span class='avia_hidden_link_text'>Compartir por correo<\/span><\/a><\/li><\/ul><\/div><\/div>\n<div  style='height:50px' class='hr hr-invisible   avia-builder-el-8  el_after_av_social_share  el_before_av_comments_list '><span class='hr-inner ' ><span class='hr-inner-style'><\/span><\/span><\/div>\n<div  class='av-buildercomment  av-blog-meta-html-info-disabled av-blog-meta-tag-disabled  '><\/div>\n","protected":false},"excerpt":{"rendered":"","protected":false},"author":1,"featured_media":53794,"comment_status":"closed","ping_status":"closed","sticky":false,"template":"","format":"standard","meta":{"footnotes":""},"categories":[60],"tags":[],"class_list":["post-53793","post","type-post","status-publish","format-standard","has-post-thumbnail","hentry","category-pesca"],"jetpack_featured_media_url":"https:\/\/radiorevelacionfm.cl\/wp-content\/uploads\/2025\/05\/sernapesca_15-1_optimized-1.jpg","_links":{"self":[{"href":"https:\/\/radiorevelacionfm.cl\/index.php?rest_route=\/wp\/v2\/posts\/53793","targetHints":{"allow":["GET"]}}],"collection":[{"href":"https:\/\/radiorevelacionfm.cl\/index.php?rest_route=\/wp\/v2\/posts"}],"about":[{"href":"https:\/\/radiorevelacionfm.cl\/index.php?rest_route=\/wp\/v2\/types\/post"}],"author":[{"embeddable":true,"href":"https:\/\/radiorevelacionfm.cl\/index.php?rest_route=\/wp\/v2\/users\/1"}],"replies":[{"embeddable":true,"href":"https:\/\/radiorevelacionfm.cl\/index.php?rest_route=%2Fwp%2Fv2%2Fcomments&post=53793"}],"version-history":[{"count":2,"href":"https:\/\/radiorevelacionfm.cl\/index.php?rest_route=\/wp\/v2\/posts\/53793\/revisions"}],"predecessor-version":[{"id":53796,"href":"https:\/\/radiorevelacionfm.cl\/index.php?rest_route=\/wp\/v2\/posts\/53793\/revisions\/53796"}],"wp:featuredmedia":[{"embeddable":true,"href":"https:\/\/radiorevelacionfm.cl\/index.php?rest_route=\/wp\/v2\/media\/53794"}],"wp:attachment":[{"href":"https:\/\/radiorevelacionfm.cl\/index.php?rest_route=%2Fwp%2Fv2%2Fmedia&parent=53793"}],"wp:term":[{"taxonomy":"category","embeddable":true,"href":"https:\/\/radiorevelacionfm.cl\/index.php?rest_route=%2Fwp%2Fv2%2Fcategories&post=53793"},{"taxonomy":"post_tag","embeddable":true,"href":"https:\/\/radiorevelacionfm.cl\/index.php?rest_route=%2Fwp%2Fv2%2Ftags&post=53793"}],"curies":[{"name":"wp","href":"https:\/\/api.w.org\/{rel}","templated":true}]}}