{"id":53790,"date":"2025-05-13T10:27:49","date_gmt":"2025-05-13T13:27:49","guid":{"rendered":"https:\/\/radiorevelacionfm.cl\/?p=53790"},"modified":"2025-05-13T10:27:49","modified_gmt":"2025-05-13T13:27:49","slug":"emiten-alerta-de-seguridad-por-defecto-en-bateria-de-bicicletas-electricas-santa-cruz-bicycles","status":"publish","type":"post","link":"https:\/\/radiorevelacionfm.cl\/?p=53790","title":{"rendered":"Emiten alerta de seguridad por defecto en bater\u00eda de bicicletas el\u00e9ctricas Santa Cruz Bicycles"},"content":{"rendered":"<div class=\"flex_column av_one_full  flex_column_div av-zero-column-padding first  avia-builder-el-0  el_before_av_one_full  avia-builder-el-first  \" style='border-radius:0px; '><div  class='avia-image-container  av-styling-    avia-builder-el-1  avia-builder-el-no-sibling  avia-align-center '  itemprop=\"image\" itemscope=\"itemscope\" itemtype=\"https:\/\/schema.org\/ImageObject\"  ><div class='avia-image-container-inner'><div class='avia-image-overlay-wrap'><img decoding=\"async\" class='wp-image-53791 avia-img-lazy-loading-not-53791 avia_image' src=\"https:\/\/radiorevelacionfm.cl\/wp-content\/uploads\/2025\/05\/ALERTA-BICICLETA-01-1-1.jpg\" alt='' title='ALERTA BICICLETA-01 (1) (1)' height=\"600\" width=\"900\"  itemprop=\"thumbnailUrl\" srcset=\"https:\/\/radiorevelacionfm.cl\/wp-content\/uploads\/2025\/05\/ALERTA-BICICLETA-01-1-1.jpg 900w, https:\/\/radiorevelacionfm.cl\/wp-content\/uploads\/2025\/05\/ALERTA-BICICLETA-01-1-1-300x200.jpg 300w, https:\/\/radiorevelacionfm.cl\/wp-content\/uploads\/2025\/05\/ALERTA-BICICLETA-01-1-1-768x512.jpg 768w, https:\/\/radiorevelacionfm.cl\/wp-content\/uploads\/2025\/05\/ALERTA-BICICLETA-01-1-1-705x470.jpg 705w, https:\/\/radiorevelacionfm.cl\/wp-content\/uploads\/2025\/05\/ALERTA-BICICLETA-01-1-1-450x300.jpg 450w, https:\/\/radiorevelacionfm.cl\/wp-content\/uploads\/2025\/05\/ALERTA-BICICLETA-01-1-1-600x400.jpg 600w\" sizes=\"(max-width: 900px) 100vw, 900px\" \/><\/div><\/div><\/div><\/div><div class=\"flex_column av_one_full  flex_column_div av-zero-column-padding first  avia-builder-el-2  el_after_av_one_full  el_before_av_one_full  column-top-margin\" style='border-radius:0px; '><section class=\"av_textblock_section \"  itemscope=\"itemscope\" itemtype=\"https:\/\/schema.org\/BlogPosting\" itemprop=\"blogPost\" ><div class='avia_textblock  '   itemprop=\"text\" ><p style=\"text-align: center;\"><strong><span style=\"font-size: 18pt;\">Emiten alerta de seguridad por defecto en bater\u00eda de bicicletas el\u00e9ctricas Santa Cruz Bicycles<\/span><\/strong><\/p>\n<div id=\"gtx-trans\" style=\"position: absolute; left: -50px; top: 4.31534px;\">\n<div class=\"gtx-trans-icon\"><\/div>\n<\/div>\n<\/div><\/section><\/div><div class=\"flex_column av_one_full  flex_column_div av-zero-column-padding first  avia-builder-el-4  el_after_av_one_full  el_before_av_hr  column-top-margin\" style='border-radius:0px; '><section class=\"av_textblock_section \"  itemscope=\"itemscope\" itemtype=\"https:\/\/schema.org\/BlogPosting\" itemprop=\"blogPost\" ><div class='avia_textblock  '   itemprop=\"text\" ><ul>\n<li style=\"text-align: justify;\"><em>Se trata del modelo Heckler 9 comercializado entre octubre de 2021 y abril de 2025.<\/em><\/li>\n<li style=\"text-align: justify;\"><em>Existe un posible defecto en la bater\u00eda de iones de litio, lo que podr\u00eda provocar un incendio.<\/em><\/li>\n<li style=\"text-align: justify;\"><em>El llamado es a seguir las instrucciones entregadas por la empresa.<\/em><\/li>\n<\/ul>\n<p style=\"text-align: justify;\">El Servicio Nacional del Consumidor (SERNAC) emiti\u00f3 una Alerta de Seguridad informada por la empresa Santa Cruz Bicycles, respecto del modelo de bicicletas el\u00e9ctricas Heckler 9.<\/p>\n<p style=\"text-align: justify;\">La empresa detall\u00f3 que existe un posible defecto en la bater\u00eda de iones de litio instalada en un n\u00famero reducido de bicicletas, que deriva en un riesgo de cortocircuito el\u00e9ctrico, lo que, en algunos casos, podr\u00eda provocar un incendio.<\/p>\n<p style=\"text-align: justify;\">En espec\u00edfico, las bicicletas que podr\u00edan presentar el defecto corresponden al modelo <strong>Heckler 9, fabricadas antes de febrero de 2023 y comercializadas entre entre octubre de 2021 y abril de 2025 de color gris marino y verde aguacate. <\/strong><\/p>\n<p style=\"text-align: justify;\">En total son 46 unidades las que podr\u00edan estar comprometidas. En caso de contar con alguna de ellas, las instrucciones a seguir son las siguientes:<\/p>\n<ol style=\"text-align: justify;\">\n<li>Suspender el uso inmediato de la bicicleta y desconectar la bater\u00eda.<\/li>\n<li>Verificar si su bater\u00eda est\u00e1 afectada en la p\u00e1gina oficial: <a href=\"https:\/\/santacruzbicycles.com\/pages\/recall-heckler-9lithium-ion-batter\">https:\/\/santacruzbicycles.com\/pages\/recall-heckler-9lithium-ion-batter<\/a>y<\/li>\n<li>Registrarse para recibir una bater\u00eda de reemplazo gratuita.<\/li>\n<li>No desechar la bater\u00eda en la basura domiciliaria. Seguir los procedimientos locales para su eliminaci\u00f3n.<\/li>\n<li>Si vendi\u00f3 o regal\u00f3 la bicicleta, informar a quien la tenga y contactar a la empresa.<\/li>\n<\/ol>\n<p style=\"text-align: justify;\">Seg\u00fan lo reportado por la empresa, a la fecha no se han registrado accidentes en Chile. Sin embargo, a nivel mundial, se han producido cuatro incidentes relacionados con un evento t\u00e9rmico, ninguno de los cuales implic\u00f3 lesiones o da\u00f1os materiales graves.<\/p>\n<p style=\"text-align: justify;\">La empresa dispuso adem\u00e1s, canales de contacto para cualquier duda sobre esta alerta de Seguridad.<\/p>\n<ul style=\"text-align: justify;\">\n<li>Tel\u00e9fono\/Call Center: +569 6608 3793<\/li>\n<li>Correo electr\u00f3nico: <a href=\"mailto:recall@rockandroad.cl\">recall@rockandroad.cl<\/a><\/li>\n<\/ul>\n<p style=\"text-align: justify;\">Para mayor informaci\u00f3n sobre esta alerta u otra, se puede encontrar en SERNAC.cl<\/p>\n<\/div><\/section><\/div><div  style='height:50px' class='hr hr-invisible   avia-builder-el-6  el_after_av_one_full  el_before_av_social_share '><span class='hr-inner ' ><span class='hr-inner-style'><\/span><\/span><\/div><\/p>\n<div  class='av-social-sharing-box  avia-builder-el-7  el_after_av_hr  el_before_av_hr  '><div class='av-share-box'><h5 class='av-share-link-description av-no-toc '>Compartir esta noticia<\/h5><ul class='av-share-box-list noLightbox'><li class='av-share-link av-social-link-facebook' ><a target=\"_blank\" aria-label=\"Compartir en Facebook\" href='https:\/\/www.facebook.com\/sharer.php?u=https:\/\/radiorevelacionfm.cl\/?p=53790&#038;t=Emiten%20alerta%20de%20seguridad%20por%20defecto%20en%20bater%C3%ADa%20de%20bicicletas%20el%C3%A9ctricas%20Santa%20Cruz%20Bicycles' aria-hidden='false' data-av_icon='\ue8f3' data-av_iconfont='entypo-fontello' title='' data-avia-related-tooltip='Compartir en Facebook' rel=\"noopener\"><span class='avia_hidden_link_text'>Compartir en Facebook<\/span><\/a><\/li><li class='av-share-link av-social-link-twitter' ><a target=\"_blank\" aria-label=\"Compartir en Twitter\" href='https:\/\/twitter.com\/share?text=Emiten%20alerta%20de%20seguridad%20por%20defecto%20en%20bater%C3%ADa%20de%20bicicletas%20el%C3%A9ctricas%20Santa%20Cruz%20Bicycles&#038;url=https:\/\/radiorevelacionfm.cl\/?p=53790' aria-hidden='false' data-av_icon='\ue8f1' data-av_iconfont='entypo-fontello' title='' data-avia-related-tooltip='Compartir en Twitter' rel=\"noopener\"><span class='avia_hidden_link_text'>Compartir en Twitter<\/span><\/a><\/li><li class='av-share-link av-social-link-whatsapp' ><a target=\"_blank\" aria-label=\"Compartir en Whatsapp\" href='https:\/\/api.whatsapp.com\/send?text=https:\/\/radiorevelacionfm.cl\/?p=53790' aria-hidden='false' data-av_icon='\uf232' data-av_iconfont='entypo-fontello' title='' data-avia-related-tooltip='Compartir en Whatsapp' rel=\"noopener\"><span class='avia_hidden_link_text'>Compartir en Whatsapp<\/span><\/a><\/li><li class='av-share-link av-social-link-linkedin' ><a target=\"_blank\" aria-label=\"Compartir en LinkedIn\" href='https:\/\/linkedin.com\/shareArticle?mini=true&#038;title=Emiten%20alerta%20de%20seguridad%20por%20defecto%20en%20bater%C3%ADa%20de%20bicicletas%20el%C3%A9ctricas%20Santa%20Cruz%20Bicycles&#038;url=https:\/\/radiorevelacionfm.cl\/?p=53790' aria-hidden='false' data-av_icon='\ue8fc' data-av_iconfont='entypo-fontello' title='' data-avia-related-tooltip='Compartir en LinkedIn' rel=\"noopener\"><span class='avia_hidden_link_text'>Compartir en LinkedIn<\/span><\/a><\/li><li class='av-share-link av-social-link-mail' ><a  aria-label=\"Compartir por correo\" href='mailto:?subject=Emiten%20alerta%20de%20seguridad%20por%20defecto%20en%20bater%C3%ADa%20de%20bicicletas%20el%C3%A9ctricas%20Santa%20Cruz%20Bicycles&#038;body=https:\/\/radiorevelacionfm.cl\/?p=53790' aria-hidden='false' data-av_icon='\ue805' data-av_iconfont='entypo-fontello' title='' data-avia-related-tooltip='Compartir por correo'><span class='avia_hidden_link_text'>Compartir por correo<\/span><\/a><\/li><\/ul><\/div><\/div>\n<div  style='height:50px' class='hr hr-invisible   avia-builder-el-8  el_after_av_social_share  el_before_av_comments_list '><span class='hr-inner ' ><span class='hr-inner-style'><\/span><\/span><\/div>\n<div  class='av-buildercomment  av-blog-meta-html-info-disabled av-blog-meta-tag-disabled  '><\/div>\n","protected":false},"excerpt":{"rendered":"","protected":false},"author":1,"featured_media":53791,"comment_status":"closed","ping_status":"closed","sticky":false,"template":"","format":"standard","meta":{"footnotes":""},"categories":[61],"tags":[],"class_list":["post-53790","post","type-post","status-publish","format-standard","has-post-thumbnail","hentry","category-nacional"],"jetpack_featured_media_url":"https:\/\/radiorevelacionfm.cl\/wp-content\/uploads\/2025\/05\/ALERTA-BICICLETA-01-1-1.jpg","_links":{"self":[{"href":"https:\/\/radiorevelacionfm.cl\/index.php?rest_route=\/wp\/v2\/posts\/53790","targetHints":{"allow":["GET"]}}],"collection":[{"href":"https:\/\/radiorevelacionfm.cl\/index.php?rest_route=\/wp\/v2\/posts"}],"about":[{"href":"https:\/\/radiorevelacionfm.cl\/index.php?rest_route=\/wp\/v2\/types\/post"}],"author":[{"embeddable":true,"href":"https:\/\/radiorevelacionfm.cl\/index.php?rest_route=\/wp\/v2\/users\/1"}],"replies":[{"embeddable":true,"href":"https:\/\/radiorevelacionfm.cl\/index.php?rest_route=%2Fwp%2Fv2%2Fcomments&post=53790"}],"version-history":[{"count":2,"href":"https:\/\/radiorevelacionfm.cl\/index.php?rest_route=\/wp\/v2\/posts\/53790\/revisions"}],"predecessor-version":[{"id":53826,"href":"https:\/\/radiorevelacionfm.cl\/index.php?rest_route=\/wp\/v2\/posts\/53790\/revisions\/53826"}],"wp:featuredmedia":[{"embeddable":true,"href":"https:\/\/radiorevelacionfm.cl\/index.php?rest_route=\/wp\/v2\/media\/53791"}],"wp:attachment":[{"href":"https:\/\/radiorevelacionfm.cl\/index.php?rest_route=%2Fwp%2Fv2%2Fmedia&parent=53790"}],"wp:term":[{"taxonomy":"category","embeddable":true,"href":"https:\/\/radiorevelacionfm.cl\/index.php?rest_route=%2Fwp%2Fv2%2Fcategories&post=53790"},{"taxonomy":"post_tag","embeddable":true,"href":"https:\/\/radiorevelacionfm.cl\/index.php?rest_route=%2Fwp%2Fv2%2Ftags&post=53790"}],"curies":[{"name":"wp","href":"https:\/\/api.w.org\/{rel}","templated":true}]}}