{"id":53788,"date":"2025-05-13T20:39:01","date_gmt":"2025-05-13T23:39:01","guid":{"rendered":"https:\/\/radiorevelacionfm.cl\/?p=53788"},"modified":"2025-05-13T20:39:01","modified_gmt":"2025-05-13T23:39:01","slug":"como-enfrentamos-la-era-de-la-des-informacion","status":"publish","type":"post","link":"https:\/\/radiorevelacionfm.cl\/?p=53788","title":{"rendered":"C\u00f3mo enfrentamos la era de la (des) informaci\u00f3n"},"content":{"rendered":"<div class=\"flex_column av_one_full  flex_column_div av-zero-column-padding first  avia-builder-el-0  el_before_av_one_full  avia-builder-el-first  \" style='border-radius:0px; '><div  class='avia-image-container  av-styling-    avia-builder-el-1  avia-builder-el-no-sibling  avia-align-center '  itemprop=\"image\" itemscope=\"itemscope\" itemtype=\"https:\/\/schema.org\/ImageObject\"  ><div class='avia-image-container-inner'><div class='avia-image-overlay-wrap'><img decoding=\"async\" class='wp-image-51751 avia-img-lazy-loading-not-51751 avia_image' src=\"https:\/\/radiorevelacionfm.cl\/wp-content\/uploads\/2025\/03\/Ursula-mix-seremi-de-gobierno-aysen-1_optimized.jpeg\" alt='' title='\u00darsula-mix,-seremi-de-gobierno-ays\u00e9n-(1)_optimized' height=\"600\" width=\"800\"  itemprop=\"thumbnailUrl\" srcset=\"https:\/\/radiorevelacionfm.cl\/wp-content\/uploads\/2025\/03\/Ursula-mix-seremi-de-gobierno-aysen-1_optimized.jpeg 800w, https:\/\/radiorevelacionfm.cl\/wp-content\/uploads\/2025\/03\/Ursula-mix-seremi-de-gobierno-aysen-1_optimized-300x225.jpeg 300w, https:\/\/radiorevelacionfm.cl\/wp-content\/uploads\/2025\/03\/Ursula-mix-seremi-de-gobierno-aysen-1_optimized-768x576.jpeg 768w, https:\/\/radiorevelacionfm.cl\/wp-content\/uploads\/2025\/03\/Ursula-mix-seremi-de-gobierno-aysen-1_optimized-705x529.jpeg 705w, https:\/\/radiorevelacionfm.cl\/wp-content\/uploads\/2025\/03\/Ursula-mix-seremi-de-gobierno-aysen-1_optimized-450x338.jpeg 450w, https:\/\/radiorevelacionfm.cl\/wp-content\/uploads\/2025\/03\/Ursula-mix-seremi-de-gobierno-aysen-1_optimized-600x450.jpeg 600w\" sizes=\"(max-width: 800px) 100vw, 800px\" \/><\/div><\/div><\/div><\/div><div class=\"flex_column av_one_full  flex_column_div av-zero-column-padding first  avia-builder-el-2  el_after_av_one_full  el_before_av_one_full  column-top-margin\" style='border-radius:0px; '><section class=\"av_textblock_section \"  itemscope=\"itemscope\" itemtype=\"https:\/\/schema.org\/BlogPosting\" itemprop=\"blogPost\" ><div class='avia_textblock  '   itemprop=\"text\" ><p style=\"text-align: center;\"><strong><span style=\"font-size: 18pt;\">C\u00f3mo enfrentamos la era de la (des) informaci\u00f3n \u00a0<\/span><\/strong><\/p>\n<div id=\"gtx-trans\" style=\"position: absolute; left: -50px; top: 4.31534px;\">\n<div class=\"gtx-trans-icon\"><\/div>\n<\/div>\n<\/div><\/section><\/div><div class=\"flex_column av_one_full  flex_column_div av-zero-column-padding first  avia-builder-el-4  el_after_av_one_full  el_before_av_hr  column-top-margin\" style='border-radius:0px; '><section class=\"av_textblock_section \"  itemscope=\"itemscope\" itemtype=\"https:\/\/schema.org\/BlogPosting\" itemprop=\"blogPost\" ><div class='avia_textblock  '   itemprop=\"text\" ><p style=\"text-align: justify;\"><em>Por: \u00darsula Mix Jim\u00e9nez, Seremi de Gobierno de la Regi\u00f3n de Ays\u00e9n \u00a0<\/em><\/p>\n<p style=\"text-align: justify;\">Durante esta semana, la Subsecretar\u00eda de Gobierno, Nicole Cardoch, particip\u00f3 en el D\u00eda Mundial de la Libertad de Prensa 2025, organizado por UNESCO. En esta jornada se invit\u00f3 a reflexionar sobre el impacto de la Inteligencia Artificial (IA) en las comunicaciones y el periodismo.<\/p>\n<p style=\"text-align: justify;\">Como pa\u00eds, estamos dando una respuesta a trav\u00e9s de la Pol\u00edtica Nacional de Inteligencia Artificial, cuyo objetivo es promover el desarrollo y la utilizaci\u00f3n responsable de esta. Las acciones contempladas en la pol\u00edtica estar\u00e1n dirigidas a promover el desarrollo IA, con el fin de mejorar la calidad de vida, garantizar mayor acceso a beneficios sin exclusiones ni discriminaciones, y enfrentar los riesgos e impactos negativos potenciales, siempre con respeto a los derechos y la dignidad de las personas.<\/p>\n<p style=\"text-align: justify;\">El Gobierno del Presidente Gabriel Boric avanz\u00f3 en la creaci\u00f3n de la Comisi\u00f3n Asesora contra la desinformaci\u00f3n, que asesora a ministros de las carteras de Ciencia, Tecnolog\u00eda, Conocimiento e Innovaci\u00f3n y Secretar\u00eda General de Gobierno, en el an\u00e1lisis del fen\u00f3meno global de la desinformaci\u00f3n y su impacto a nivel local en Chile.<\/p>\n<p style=\"text-align: justify;\">Hablar con la verdad en tiempos de Inteligencia Artificial resulta complejo. Hemos sido testigos de la elaboraci\u00f3n de \u201cdeepfake\u201d, que son videos, audio o im\u00e1genes manipuladas con IA. Ni hablar de las \u201cfakenews\u201d, que son noticias falsas que buscan generar desinformaci\u00f3n.<\/p>\n<p style=\"text-align: justify;\">Por esto, el compromiso y avance de este Gobierno es siempre hablar con la verdad. Queremos generar espacios que permitan difundir con claridad la informaci\u00f3n, con lenguaje sencillo y claro.<\/p>\n<p style=\"text-align: justify;\">Finalmente, el Centro Nacional de Inteligencia Artificial, CENIA, est\u00e1 avanzando con Latam-GPT, un modelo de inteligencia artificial abierto y gratuito. Por esto nos alegra el acuerdo con Brasil para avanzar en un modelo representativo de toda latinoam\u00e9rica.<\/p>\n<p style=\"text-align: justify;\">Avanzamos en nuestro firme compromiso con la libertad de expresi\u00f3n, pero sin ma\u00f1as ni mezquindades, siempre de frente con la verdad y aprovechando las herramientas que la tecnolog\u00eda nos puede ofrecer.<\/p>\n<p style=\"text-align: justify;\">No le debemos temer a la Inteligencia Artificial, debemos avanzar a la par en materia de informaci\u00f3n y libertad de expresi\u00f3n. Lo importante es llamar a corroborar la informaci\u00f3n y no creer todo lo que aparece en redes sociales, eso si es perjudicial.<\/p>\n<p style=\"text-align: justify;\">El derecho al acceso a la informaci\u00f3n est\u00e1 garantizado en nuestro pa\u00eds, con esto fortalecemos la democracia, promovemos la participaci\u00f3n ciudadana y frenamos la desinformaci\u00f3n.<\/p>\n<\/div><\/section><\/div><div  style='height:50px' class='hr hr-invisible   avia-builder-el-6  el_after_av_one_full  el_before_av_social_share '><span class='hr-inner ' ><span class='hr-inner-style'><\/span><\/span><\/div><\/p>\n<div  class='av-social-sharing-box  avia-builder-el-7  el_after_av_hr  el_before_av_hr  '><div class='av-share-box'><h5 class='av-share-link-description av-no-toc '>Compartir esta noticia<\/h5><ul class='av-share-box-list noLightbox'><li class='av-share-link av-social-link-facebook' ><a target=\"_blank\" aria-label=\"Compartir en Facebook\" href='https:\/\/www.facebook.com\/sharer.php?u=https:\/\/radiorevelacionfm.cl\/?p=53788&#038;t=C%C3%B3mo%20enfrentamos%20la%20era%20de%20la%20%28des%29%20informaci%C3%B3n' aria-hidden='false' data-av_icon='\ue8f3' data-av_iconfont='entypo-fontello' title='' data-avia-related-tooltip='Compartir en Facebook' rel=\"noopener\"><span class='avia_hidden_link_text'>Compartir en Facebook<\/span><\/a><\/li><li class='av-share-link av-social-link-twitter' ><a target=\"_blank\" aria-label=\"Compartir en Twitter\" href='https:\/\/twitter.com\/share?text=C%C3%B3mo%20enfrentamos%20la%20era%20de%20la%20%28des%29%20informaci%C3%B3n&#038;url=https:\/\/radiorevelacionfm.cl\/?p=53788' aria-hidden='false' data-av_icon='\ue8f1' data-av_iconfont='entypo-fontello' title='' data-avia-related-tooltip='Compartir en Twitter' rel=\"noopener\"><span class='avia_hidden_link_text'>Compartir en Twitter<\/span><\/a><\/li><li class='av-share-link av-social-link-whatsapp' ><a target=\"_blank\" aria-label=\"Compartir en Whatsapp\" href='https:\/\/api.whatsapp.com\/send?text=https:\/\/radiorevelacionfm.cl\/?p=53788' aria-hidden='false' data-av_icon='\uf232' data-av_iconfont='entypo-fontello' title='' data-avia-related-tooltip='Compartir en Whatsapp' rel=\"noopener\"><span class='avia_hidden_link_text'>Compartir en Whatsapp<\/span><\/a><\/li><li class='av-share-link av-social-link-linkedin' ><a target=\"_blank\" aria-label=\"Compartir en LinkedIn\" href='https:\/\/linkedin.com\/shareArticle?mini=true&#038;title=C%C3%B3mo%20enfrentamos%20la%20era%20de%20la%20%28des%29%20informaci%C3%B3n&#038;url=https:\/\/radiorevelacionfm.cl\/?p=53788' aria-hidden='false' data-av_icon='\ue8fc' data-av_iconfont='entypo-fontello' title='' data-avia-related-tooltip='Compartir en LinkedIn' rel=\"noopener\"><span class='avia_hidden_link_text'>Compartir en LinkedIn<\/span><\/a><\/li><li class='av-share-link av-social-link-mail' ><a  aria-label=\"Compartir por correo\" href='mailto:?subject=C%C3%B3mo%20enfrentamos%20la%20era%20de%20la%20%28des%29%20informaci%C3%B3n&#038;body=https:\/\/radiorevelacionfm.cl\/?p=53788' aria-hidden='false' data-av_icon='\ue805' data-av_iconfont='entypo-fontello' title='' data-avia-related-tooltip='Compartir por correo'><span class='avia_hidden_link_text'>Compartir por correo<\/span><\/a><\/li><\/ul><\/div><\/div>\n<div  style='height:50px' class='hr hr-invisible   avia-builder-el-8  el_after_av_social_share  el_before_av_comments_list '><span class='hr-inner ' ><span class='hr-inner-style'><\/span><\/span><\/div>\n<div  class='av-buildercomment  av-blog-meta-html-info-disabled av-blog-meta-tag-disabled  '><\/div>\n","protected":false},"excerpt":{"rendered":"","protected":false},"author":1,"featured_media":51751,"comment_status":"closed","ping_status":"closed","sticky":false,"template":"","format":"standard","meta":{"footnotes":""},"categories":[50],"tags":[],"class_list":["post-53788","post","type-post","status-publish","format-standard","has-post-thumbnail","hentry","category-cartas-y-opinion"],"jetpack_featured_media_url":"https:\/\/radiorevelacionfm.cl\/wp-content\/uploads\/2025\/03\/Ursula-mix-seremi-de-gobierno-aysen-1_optimized.jpeg","_links":{"self":[{"href":"https:\/\/radiorevelacionfm.cl\/index.php?rest_route=\/wp\/v2\/posts\/53788","targetHints":{"allow":["GET"]}}],"collection":[{"href":"https:\/\/radiorevelacionfm.cl\/index.php?rest_route=\/wp\/v2\/posts"}],"about":[{"href":"https:\/\/radiorevelacionfm.cl\/index.php?rest_route=\/wp\/v2\/types\/post"}],"author":[{"embeddable":true,"href":"https:\/\/radiorevelacionfm.cl\/index.php?rest_route=\/wp\/v2\/users\/1"}],"replies":[{"embeddable":true,"href":"https:\/\/radiorevelacionfm.cl\/index.php?rest_route=%2Fwp%2Fv2%2Fcomments&post=53788"}],"version-history":[{"count":2,"href":"https:\/\/radiorevelacionfm.cl\/index.php?rest_route=\/wp\/v2\/posts\/53788\/revisions"}],"predecessor-version":[{"id":53880,"href":"https:\/\/radiorevelacionfm.cl\/index.php?rest_route=\/wp\/v2\/posts\/53788\/revisions\/53880"}],"wp:featuredmedia":[{"embeddable":true,"href":"https:\/\/radiorevelacionfm.cl\/index.php?rest_route=\/wp\/v2\/media\/51751"}],"wp:attachment":[{"href":"https:\/\/radiorevelacionfm.cl\/index.php?rest_route=%2Fwp%2Fv2%2Fmedia&parent=53788"}],"wp:term":[{"taxonomy":"category","embeddable":true,"href":"https:\/\/radiorevelacionfm.cl\/index.php?rest_route=%2Fwp%2Fv2%2Fcategories&post=53788"},{"taxonomy":"post_tag","embeddable":true,"href":"https:\/\/radiorevelacionfm.cl\/index.php?rest_route=%2Fwp%2Fv2%2Ftags&post=53788"}],"curies":[{"name":"wp","href":"https:\/\/api.w.org\/{rel}","templated":true}]}}