{"id":53785,"date":"2025-05-12T11:49:24","date_gmt":"2025-05-12T14:49:24","guid":{"rendered":"https:\/\/radiorevelacionfm.cl\/?p=53785"},"modified":"2025-05-12T11:49:24","modified_gmt":"2025-05-12T14:49:24","slug":"contaminacion-minera-en-alto-manihuales-preocupa-a-organizaciones-y-a-la-comunidad-sernageomin-minera-pacifico-del-sur-no-ha-cumplido-con-plan-de-cierre-de-tranque-de-relaves-confluencia","status":"publish","type":"post","link":"https:\/\/radiorevelacionfm.cl\/?p=53785","title":{"rendered":"Contaminaci\u00f3n minera en Alto Ma\u00f1ihuales preocupa a organizaciones y a la comunidad| SERNAGEOMIN: \u00abMinera Pac\u00edfico del Sur no ha cumplido con plan de cierre de tranque de relaves Confluencia\u00bb"},"content":{"rendered":"<div class=\"flex_column av_one_full  flex_column_div av-zero-column-padding first  avia-builder-el-0  el_before_av_one_full  avia-builder-el-first  \" style='border-radius:0px; '><div  class='avia-image-container  av-styling-    avia-builder-el-1  avia-builder-el-no-sibling  avia-align-center '  itemprop=\"image\" itemscope=\"itemscope\" itemtype=\"https:\/\/schema.org\/ImageObject\"  ><div class='avia-image-container-inner'><div class='avia-image-overlay-wrap'><img decoding=\"async\" class='wp-image-51114 avia-img-lazy-loading-not-51114 avia_image' src=\"https:\/\/radiorevelacionfm.cl\/wp-content\/uploads\/2025\/03\/relave-alto-manihuales-1_optimized-1.jpg\" alt='' title='relave-alto-ma\u00f1ihuales-(1)_optimized (1)' height=\"600\" width=\"1186\"  itemprop=\"thumbnailUrl\" srcset=\"https:\/\/radiorevelacionfm.cl\/wp-content\/uploads\/2025\/03\/relave-alto-manihuales-1_optimized-1.jpg 1186w, https:\/\/radiorevelacionfm.cl\/wp-content\/uploads\/2025\/03\/relave-alto-manihuales-1_optimized-1-300x152.jpg 300w, https:\/\/radiorevelacionfm.cl\/wp-content\/uploads\/2025\/03\/relave-alto-manihuales-1_optimized-1-1030x521.jpg 1030w, https:\/\/radiorevelacionfm.cl\/wp-content\/uploads\/2025\/03\/relave-alto-manihuales-1_optimized-1-768x389.jpg 768w, https:\/\/radiorevelacionfm.cl\/wp-content\/uploads\/2025\/03\/relave-alto-manihuales-1_optimized-1-705x357.jpg 705w, https:\/\/radiorevelacionfm.cl\/wp-content\/uploads\/2025\/03\/relave-alto-manihuales-1_optimized-1-450x228.jpg 450w, https:\/\/radiorevelacionfm.cl\/wp-content\/uploads\/2025\/03\/relave-alto-manihuales-1_optimized-1-600x304.jpg 600w\" sizes=\"(max-width: 1186px) 100vw, 1186px\" \/><\/div><\/div><\/div><\/div><div class=\"flex_column av_one_full  flex_column_div av-zero-column-padding first  avia-builder-el-2  el_after_av_one_full  el_before_av_one_full  column-top-margin\" style='border-radius:0px; '><section class=\"av_textblock_section \"  itemscope=\"itemscope\" itemtype=\"https:\/\/schema.org\/BlogPosting\" itemprop=\"blogPost\" ><div class='avia_textblock  '   itemprop=\"text\" ><p style=\"text-align: center;\"><strong><span style=\"font-size: 18pt;\">Contaminaci\u00f3n minera en Alto Ma\u00f1ihuales preocupa a organizaciones y a la comunidad| SERNAGEOMIN: \u00abMinera Pac\u00edfico del Sur no ha cumplido con plan de cierre de tranque de relaves Confluencia\u00bb<\/span><\/strong><\/p>\n<div id=\"gtx-trans\" style=\"position: absolute; left: -50px; top: 4.31534px;\">\n<div class=\"gtx-trans-icon\"><\/div>\n<\/div>\n<\/div><\/section><\/div><div class=\"flex_column av_one_full  flex_column_div av-zero-column-padding first  avia-builder-el-4  el_after_av_one_full  el_before_av_hr  column-top-margin\" style='border-radius:0px; '><section class=\"av_textblock_section \"  itemscope=\"itemscope\" itemtype=\"https:\/\/schema.org\/BlogPosting\" itemprop=\"blogPost\" ><div class='avia_textblock  '   itemprop=\"text\" ><p class=\"v1MsoNormal\" style=\"text-align: justify;\"><span lang=\"ES-TRAD\">\u25cf\u00a0\u00a0\u00a0\u00a0\u00a0<span class=\"v1gmail-Apple-converted-space\">\u00a0<\/span><\/span><i><span lang=\"ES-TRAD\">En un informe del organismo se constat\u00f3 \u00abincumplimiento de las medidas comprometidas para el cierre definitivo de las instalaciones dep\u00f3sito de relaves Confluencia\u00bb.<\/span><\/i><\/p>\n<p class=\"v1MsoNormal\" style=\"text-align: justify;\"><span lang=\"ES-TRAD\">\u25cf\u00a0\u00a0\u00a0\u00a0\u00a0<span class=\"v1gmail-Apple-converted-space\">\u00a0<\/span><\/span><i><span lang=\"ES-TRAD\">El informe fue solicitado por la SMA, que desde 2018 instruye un procedimiento de requerimiento de ingreso al SEIA del pasivo ambiental<\/span><span lang=\"ES-TRAD\"><span class=\"v1gmail-Apple-converted-space\">\u00a0<\/span>sin que, a la fecha, se hayan adoptado medidas de mitigaci\u00f3n o reparaci\u00f3n de los impactos causados en su \u00e1rea de influencia.<\/span><\/i><\/p>\n<p class=\"v1MsoNormal\" style=\"text-align: justify;\"><span lang=\"ES-TRAD\">\u25cf\u00a0\u00a0\u00a0\u00a0\u00a0<span class=\"v1gmail-Apple-converted-space\">\u00a0<\/span><\/span><i><span lang=\"ES-TRAD\">Una de las \u00faltimas acciones de la SMA en torno a este procedimiento fue en febrero de 2021, y s\u00f3lo tras cuatro a\u00f1os, una vez que se hizo p\u00fablica en marzo de este a\u00f1o la alerta y preocupaci\u00f3n de diversas entidades, solicit\u00f3 informaci\u00f3n a SERNAGEOMIN.<\/span><\/i><\/p>\n<p class=\"v1MsoNormal\" style=\"text-align: justify;\"><span lang=\"ES-TRAD\">Un<span class=\"v1gmail-Apple-converted-space\">\u00a0<\/span><a href=\"https:\/\/snifa.sma.gob.cl\/General\/Descargar\/20920005366\" target=\"_blank\" rel=\"noopener noreferrer\">duro informe<\/a><span class=\"v1gmail-Apple-converted-space\">\u00a0<\/span>sobre los incumplimientos normativos y administrativos de Sociedad Minera Pac\u00edfico del Sur en torno a las operaciones del yacimiento El Toqui en Alto Ma\u00f1ihuales, espec\u00edficamente sobre el discontinuado tranque de releves Confluencia, emiti\u00f3 a principios de abril el Servicio Nacional de Geolog\u00eda y Miner\u00eda (SERNAGEOMIN).\u00a0<span class=\"v1gmail-Apple-converted-space\">\u00a0<\/span>Esto, por requerimiento de la Superintendencia del Medio Ambiente (SMA) que est\u00e1 llevando adelante un<span class=\"v1gmail-Apple-converted-space\">\u00a0<\/span><a href=\"https:\/\/snifa.sma.gob.cl\/RequerimientoIngreso\/Ficha\/25\" target=\"_blank\" rel=\"noopener noreferrer\">procedimiento de requerimiento de ingreso al Sistema de Evaluaci\u00f3n de Impacto Ambiental<\/a>, el cual inici\u00f3 en 2018 y estuvo paralizado por largos a\u00f1os.<\/span><\/p>\n<p class=\"v1MsoNormal\" style=\"text-align: justify;\"><span lang=\"ES-TRAD\">En este per\u00edodo, se cometieron una serie de<span class=\"v1gmail-Apple-converted-space\">\u00a0<\/span><b>incumplimientos con respecto a lo autorizado<\/b>: contemplaba seis a\u00f1os operaci\u00f3n,<span class=\"v1gmail-Apple-converted-space\">\u00a0<\/span><b>estuvo once a\u00f1os funcionando<\/b>; la altura m\u00e1xima deb\u00eda ser de 638 metros,<span class=\"v1gmail-Apple-converted-space\">\u00a0<\/span><b>lleg\u00f3 a 641,5 metros<\/b>.\u00a0<span class=\"v1gmail-Apple-converted-space\">\u00a0<\/span>Y lo m\u00e1s grave: pod\u00eda depositar 2.284 toneladas de relave, pero<span class=\"v1gmail-Apple-converted-space\">\u00a0<\/span><b>lleg\u00f3 a 5.863 toneladas<\/b>, lo cual representa m\u00e1s del<span class=\"v1gmail-Apple-converted-space\">\u00a0<\/span><b>150 % con respecto a la resoluci\u00f3n original<\/b>.<\/span><\/p>\n<p class=\"v1MsoNormal\" style=\"text-align: justify;\"><span lang=\"ES-TRAD\">El documento, firmado por la directora regional de SERNAGEOMIN Andrea Aguilar S\u00e1nchez, respondiendo lo requerido por la SMA, aporta una serie de antecedentes sobre procedimientos de<span class=\"v1gmail-Apple-converted-space\">\u00a0<\/span><a href=\"https:\/\/snifa.sma.gob.cl\/General\/Descargar\/20919005365\" target=\"_blank\" rel=\"noopener noreferrer\">fiscalizaci\u00f3n del plan de cierre del pasivo ambiental<\/a><span class=\"v1gmail-Apple-converted-space\">\u00a0<\/span>realizados desde 2020.<span class=\"v1gmail-Apple-converted-space\">\u00a0<\/span>\u00a0Informaci\u00f3n que, reci\u00e9n hoy, es requerida y puesta en conocimiento de la SMA.<\/span><\/p>\n<p class=\"v1MsoNormal\" style=\"text-align: justify;\"><b><span lang=\"ES-TRAD\">Contexto<\/span><\/b><\/p>\n<p class=\"v1MsoNormal\" style=\"text-align: justify;\"><span lang=\"ES-TRAD\">Sociedad Minera Pac\u00edfico del Sur adquiri\u00f3 en marzo de 2020 la Compa\u00f1\u00eda Minera El Toqui, tras un<span class=\"v1gmail-Apple-converted-space\">\u00a0<\/span><a href=\"https:\/\/www.latercera.com\/la-tercera-pm\/noticia\/minera-australiana-pide-la-quiebra-filial-chile-toqui-suma-deudas-39-000-millones\/499255\/\" target=\"_blank\" rel=\"noopener noreferrer\">proceso de quiebra<\/a><span class=\"v1gmail-Apple-converted-space\">\u00a0<\/span>en que se vio involucrada la anterior propietaria, la australiana Laguna Gold.\u00a0<span class=\"v1gmail-Apple-converted-space\">\u00a0<\/span>En la transferencia, pese a que intent\u00f3 desligarse de sus pasivos ambientales, se incluy\u00f3 el tranque de relaves Confluencia. Como detalla SERNAGEOMIN, por resoluci\u00f3n de diciembre del a\u00f1o 2020, se estableci\u00f3 el \u00ab<i>cambio de titularidad del plan de cierre de faena minera El Toqui, que incluye el cierre del dep\u00f3sito de relaves Confluencia<\/i>.\u00bb<\/span><\/p>\n<p class=\"v1MsoNormal\" style=\"text-align: justify;\"><span lang=\"ES-TRAD\">Aunque al adquirir la compa\u00f1\u00eda la Sociedad Minera Pac\u00edfico del Sur se comprometi\u00f3 a concretar el plan de cierre respectivo, en el \u00faltimo informe SERNAGEOMIN constat\u00f3 \u00ab<i>incumplimiento de las medidas comprometidas para el cierre definitivo de las instalaciones dep\u00f3sito de relaves Confluencia y no se han iniciado actividades ni obras de cierre para la mina Concordia<\/i>\u00ab.\u00a0<span class=\"v1gmail-Apple-converted-space\">\u00a0<\/span>El pasivo ambiental debi\u00f3 estar cerrado para el per\u00edodo 2021-2022 sin embargo, como se\u00f1ala de manera concluyente SERNAGEOMIN, \u00ab<i>a la fecha, la empresa no ha iniciado ninguna actividad relacionada con el cierre definitivo del dep\u00f3sito de relaves Confluencia\u00bb.<\/i><\/span><\/p>\n<p class=\"v1MsoNormal\" style=\"text-align: justify;\"><span lang=\"ES-TRAD\">La gravedad radica en que la Ley 20.551, que regula el cierre de faenas e instalaciones mineras, establece que los planes de cierre buscan \u00ab<i>la integraci\u00f3n y ejecuci\u00f3n del conjunto de medidas y acciones destinadas a mitigar los efectos que se derivan del desarrollo de la industria extractiva minera, en los lugares en que \u00e9sta se realice, de forma de asegurar la estabilidad f\u00edsica y qu\u00edmica de los mismos<\/i>\u00ab. Su objetivo es \u00ab<i>otorgar el debido resguardo a la vida, salud, seguridad de las personas y medio ambiente<\/i>\u00ab.\u00a0<span class=\"v1gmail-Apple-converted-space\">\u00a0<\/span><\/span><\/p>\n<p class=\"v1MsoNormal\" style=\"text-align: justify;\"><span lang=\"ES-TRAD\">En el informe de SERNAGEOMIN se aclara, adem\u00e1s, que Minera Pac\u00edfico del Sur no ha constituido ni puesto a disposici\u00f3n del organismo la garant\u00eda financiera que asegure el cumplimiento del plan de cierre de su faena minera El Toqui. La importancia de esta acci\u00f3n es que tal cauci\u00f3n permite que el Estado cuente con financiamiento para su ejecuci\u00f3n, en resguardo de la vida, salud, seguridad de las personas y medio ambiente en caso de no ser ejecutado por la empresa.<\/span><\/p>\n<p class=\"v1MsoNormal\" style=\"text-align: justify;\"><span lang=\"ES-TRAD\">En paralelo, la SMA tambi\u00e9n instruye en la actualidad un<span class=\"v1gmail-Apple-converted-space\">\u00a0<\/span><a href=\"https:\/\/snifa.sma.gob.cl\/Sancionatorio\/Ficha\/3547\" target=\"_blank\" rel=\"noopener noreferrer\">procedimiento sancionatorio<\/a><span class=\"v1gmail-Apple-converted-space\">\u00a0<\/span>en contra de la empresa con relaci\u00f3n a las operaciones del tranque de relaves vigente, llamado Do\u00f1a Rosa.\u00a0<span class=\"v1gmail-Apple-converted-space\">\u00a0<\/span>\u00c9ste se inici\u00f3 hace ya dos a\u00f1os y a\u00fan no ha sido resuelto.<\/span><\/p>\n<p class=\"v1MsoNormal\" style=\"text-align: justify;\"><span lang=\"ES-TRAD\">Los cargos involucran \u00ab<i>no realizar la limpieza de la piscina de sedimentaci\u00f3n, seg\u00fan las condiciones comprometidas en la evaluaci\u00f3n ambiental<\/i>\u00ab; \u00ab<i>operaci\u00f3n deficiente del transporte y posterior disposici\u00f3n de los relaves del proyecto desde la planta de espesados hacia el dep\u00f3sito de relaves Do\u00f1a Rosa<\/i>\u00ab; \u00ab<i>no activar el Plan de Alerta Temprana, consistente en realizar el env\u00edo de aguas de contacto recolectadas por el Sistema de Drenaje Basal, hacia la piscina de sedimentaci\u00f3n, en las condiciones definidas en la evaluaci\u00f3n ambiental<\/i>\u00ab; y \u00ab<i>realizar disposici\u00f3n de aguas de contacto y sedimentos de relave fuera de la cubeta del dep\u00f3sito Do\u00f1a Rosa, en un \u00e1rea no autorizada<\/i>\u00ab.<\/span><\/p>\n<p class=\"v1MsoNormal\" style=\"text-align: justify;\"><b><span lang=\"ES-TRAD\">SMA y contaminaci\u00f3n minera: Preocupante lentitud<\/span><\/b><\/p>\n<p class=\"v1MsoNormal\" style=\"text-align: justify;\"><span lang=\"ES-TRAD\">La solicitud de la SMA a SERNAGEOMIN que deriv\u00f3 en el informe respectivo se enmarca en un procedimiento de<span class=\"v1gmail-Apple-converted-space\">\u00a0<\/span><a href=\"https:\/\/snifa.sma.gob.cl\/RequerimientoIngreso\/Ficha\/25\" target=\"_blank\" rel=\"noopener noreferrer\">requerimiento de ingreso al SEIA<\/a><span class=\"v1gmail-Apple-converted-space\">\u00a0<\/span>del tranque de relaves Confluencia, proceso que se extiende por ya 7 a\u00f1os y, pese a haberse dictado en mayo de 2020 una resoluci\u00f3n que obliga a Minera Pac\u00edfico del Sur someter el proyecto a evaluaci\u00f3n, la empresa se ha mantenido en incumplimiento, mientras que la SMA, teniendo herramientas para ello, no ha forzado el acatamiento de tal obligaci\u00f3n ni, mucho menos, sancionado a la titular de acuerdo a la Ley.<span class=\"v1gmail-Apple-converted-space\">\u00a0<\/span><\/span><\/p>\n<p class=\"v1MsoNormal\" style=\"text-align: justify;\"><span lang=\"ES-TRAD\">Fue en 2018 que el organismo constat\u00f3 una serie de irregularidades con respecto a dicho pasivo ambiental, estableciendo diversas sanciones entre las cuales incluy\u00f3 su ingreso al SEIA. El requerimiento se extendi\u00f3 a Minera Pac\u00edfico del Sur por resoluci\u00f3n exenta de mayo de 2020. Obligaci\u00f3n incumplida hasta hoy.<span id=\"v1gmail--1459491537\"><del><\/del><\/span><\/span><\/p>\n<p class=\"v1MsoNormal\" style=\"text-align: justify;\"><span lang=\"ES-TRAD\">De la revisi\u00f3n del expediente queda demostrado que la \u00faltima acci\u00f3n de la SMA en torno a este procedimiento fue en febrero de 2021, fecha desde la cual la acci\u00f3n se paraliz\u00f3 luego de que Minera Pac\u00edfico del Sur aseverara haber adquirido todos los activos de Minera El Toqui, menos los relativos al tranque de relaves Confluencia.<span class=\"v1gmail-Apple-converted-space\">\u00a0<\/span><\/span><\/p>\n<p class=\"v1MsoNormal\" style=\"text-align: justify;\"><span lang=\"ES-TRAD\">Hoy, luego de 4 a\u00f1os de paralizaci\u00f3n del procedimiento administrativo, la SMA requiri\u00f3 informaci\u00f3n a SERNAGEOMIN, entre la cual se confirma que, desde 2020 se encontraba zanjado que el tranque pertenec\u00eda a la nueva empresa.<span class=\"v1gmail-Apple-converted-space\">\u00a0<\/span><\/span><\/p>\n<p class=\"v1MsoNormal\" style=\"text-align: justify;\"><span lang=\"ES-TRAD\">Esto ha ocurrido a pesar de las m\u00faltiples acciones que en estos a\u00f1os desde la<span class=\"v1gmail-Apple-converted-space\">\u00a0<\/span><b>Corporaci\u00f3n Privada para el Desarrollo de Ays\u00e9n (CODESA)<\/b>,<span class=\"v1gmail-Apple-converted-space\">\u00a0<\/span><b>ONG Ecosistemas<\/b>, la<span class=\"v1gmail-Apple-converted-space\">\u00a0<\/span><b>Agrupaci\u00f3n Ais\u00e9n Reserva de Vida<\/b>,<span class=\"v1gmail-Apple-converted-space\">\u00a0<\/span><b>ONG FIMA<\/b><span class=\"v1gmail-Apple-converted-space\">\u00a0<\/span>y la<span class=\"v1gmail-Apple-converted-space\">\u00a0<\/span><b>Red de Protecci\u00f3n y Defensa del Territorio-Patagonia<\/b><span class=\"v1gmail-Apple-converted-space\">\u00a0<\/span>han realizado en acompa\u00f1amiento y respaldo a vecinos y vecinas directamente afectados, incluidas reuniones con la SMA para que se avance en las pesquisas y procedimientos. Incluso, el presidente de CODESA<span class=\"v1gmail-Apple-converted-space\">\u00a0<\/span><b>Erwin Sandoval<\/b><span class=\"v1gmail-Apple-converted-space\">\u00a0<\/span><a href=\"https:\/\/www.terram.cl\/codesa-expone-en-camara-de-diputados-propuestas-de-reforma-a-ley-organica-de-la-sma\/\" target=\"_blank\" rel=\"noopener noreferrer\">expuso en diciembre de 2024<\/a><span class=\"v1gmail-Apple-converted-space\">\u00a0<\/span>ante la Comisi\u00f3n de Medio Ambiente de la C\u00e1mara de Diputados, acusando la \u00abpasividad\u00bb del organismo ante incumplimientos ambientales de diversas empresas.<ins><\/ins><\/span><\/p>\n<p class=\"v1MsoNormal\" style=\"text-align: justify;\"><span lang=\"ES-TRAD\">Al respecto, Sandoval expres\u00f3 que \u00ab<i>los antecedentes que SERNAGEOMIN ha puesto en conocimiento de la SMA confirman que la empresa no ha adoptado medida alguna tendientes a impedir o mitigar los impactos ambientales y sociales en su \u00e1rea de influencia, siendo evidente e incuestionable el v\u00ednculo causal entre este actuar ilegal de Minera Pac\u00edfico del Sur y la grave contaminaci\u00f3n ambiental que afecta el ambiente, la salud y la vida de los habitantes de Alto Ma\u00f1ihuales<\/i>\u00ab.<\/span><\/p>\n<p class=\"v1MsoNormal\" style=\"text-align: justify;\"><span lang=\"ES-TRAD\">Esta informaci\u00f3n estar\u00e1 a la vista el<span class=\"v1gmail-Apple-converted-space\">\u00a0<\/span><b>martes 13 de mayo<\/b>, a las 16:00 hrs. cuando el Centro de Investigaci\u00f3n en Ecosistemas de la Patagonia (CIEP) presente ante el Consejo Regional de Ays\u00e9n los \u00ab<i>estudios, an\u00e1lisis o informaci\u00f3n relacionada con la concentraci\u00f3n de metales pesados en las aguas del sector de Alto Ma\u00f1ihuales<\/i>\u00ab.\u00a0<span class=\"v1gmail-Apple-converted-space\">\u00a0<\/span>A cargo de la exposici\u00f3n estar\u00e1n el director ejecutivo del CIEP, Gerard Olivar, junto al subdirector cient\u00edfico, Brian Reid.<\/span><\/p>\n<p class=\"v1MsoNormal\" style=\"text-align: justify;\"><span lang=\"ES-TRAD\">Han sido convocados a esta sesi\u00f3n, correspondiente a la<span class=\"v1gmail-Apple-converted-space\">\u00a0<\/span><b>Comisi\u00f3n Mixta de Regionalizaci\u00f3n, Integraci\u00f3n Territorial y Medio Ambiente<\/b>, y de<span class=\"v1gmail-Apple-converted-space\">\u00a0<\/span><b>Ciencia, Tecnolog\u00eda e Innovaci\u00f3n<\/b>,<b><span class=\"v1gmail-Apple-converted-space\">\u00a0<\/span><\/b>los<span class=\"v1gmail-Apple-converted-space\">\u00a0<\/span><b>seremis de Miner\u00eda Juan V\u00e1squez<\/b><span class=\"v1gmail-Apple-converted-space\">\u00a0<\/span>y del<span class=\"v1gmail-Apple-converted-space\">\u00a0<\/span><b>Medio Ambiente Yoal D\u00edaz<\/b>, adem\u00e1s de la<span class=\"v1gmail-Apple-converted-space\">\u00a0<\/span><b>directora regional de SERNAGEOMIN<\/b>, el<span class=\"v1gmail-Apple-converted-space\">\u00a0<\/span><b>director de la oficina regional de la SMA Oscar Leal<\/b><span class=\"v1gmail-Apple-converted-space\">\u00a0<\/span>y el<span class=\"v1gmail-Apple-converted-space\">\u00a0<\/span><b>director regional del INDH Joaqu\u00edn Bizama<\/b>.<\/span><\/p>\n<p class=\"v1MsoNormal\" style=\"text-align: justify;\"><u><span lang=\"ES-TRAD\">Revisa el informe completo de SERNAGEOMIN, ac\u00e1:<\/span><\/u><\/p>\n<p class=\"v1MsoNormal\" style=\"text-align: justify;\"><span lang=\"ES-TRAD\"><a href=\"https:\/\/snifa.sma.gob.cl\/General\/Descargar\/20920005366\" target=\"_blank\" rel=\"noopener noreferrer\">https:\/\/snifa.sma.gob.cl\/General\/Descargar\/20920005366<\/a><\/span><\/p>\n<\/div><\/section><\/div><div  style='height:50px' class='hr hr-invisible   avia-builder-el-6  el_after_av_one_full  el_before_av_social_share '><span class='hr-inner ' ><span class='hr-inner-style'><\/span><\/span><\/div><\/p>\n<div  class='av-social-sharing-box  avia-builder-el-7  el_after_av_hr  el_before_av_hr  '><div class='av-share-box'><h5 class='av-share-link-description av-no-toc '>Compartir esta noticia<\/h5><ul class='av-share-box-list noLightbox'><li class='av-share-link av-social-link-facebook' ><a target=\"_blank\" aria-label=\"Compartir en Facebook\" href='https:\/\/www.facebook.com\/sharer.php?u=https:\/\/radiorevelacionfm.cl\/?p=53785&#038;t=Contaminaci%C3%B3n%20minera%20en%20Alto%20Ma%C3%B1ihuales%20preocupa%20a%20organizaciones%20y%20a%20la%20comunidad%7C%20SERNAGEOMIN%3A%20%C2%ABMinera%20Pac%C3%ADfico%20del%20Sur%20no%20ha%20cumplido%20con%20plan%20de%20cierre%20de%20tranque%20de%20relaves%20Confluencia%C2%BB' aria-hidden='false' data-av_icon='\ue8f3' data-av_iconfont='entypo-fontello' title='' data-avia-related-tooltip='Compartir en Facebook' rel=\"noopener\"><span class='avia_hidden_link_text'>Compartir en Facebook<\/span><\/a><\/li><li class='av-share-link av-social-link-twitter' ><a target=\"_blank\" aria-label=\"Compartir en Twitter\" href='https:\/\/twitter.com\/share?text=Contaminaci%C3%B3n%20minera%20en%20Alto%20Ma%C3%B1ihuales%20preocupa%20a%20organizaciones%20y%20a%20la%20comunidad%7C%20SERNAGEOMIN%3A%20%C2%ABMinera%20Pac%C3%ADfico%20del%20Sur%20no%20ha%20cumplido%20con%20plan%20de%20cierre%20de%20tranque%20de%20relaves%20Confluencia%C2%BB&#038;url=https:\/\/radiorevelacionfm.cl\/?p=53785' aria-hidden='false' data-av_icon='\ue8f1' data-av_iconfont='entypo-fontello' title='' data-avia-related-tooltip='Compartir en Twitter' rel=\"noopener\"><span class='avia_hidden_link_text'>Compartir en Twitter<\/span><\/a><\/li><li class='av-share-link av-social-link-whatsapp' ><a target=\"_blank\" aria-label=\"Compartir en Whatsapp\" href='https:\/\/api.whatsapp.com\/send?text=https:\/\/radiorevelacionfm.cl\/?p=53785' aria-hidden='false' data-av_icon='\uf232' data-av_iconfont='entypo-fontello' title='' data-avia-related-tooltip='Compartir en Whatsapp' rel=\"noopener\"><span class='avia_hidden_link_text'>Compartir en Whatsapp<\/span><\/a><\/li><li class='av-share-link av-social-link-linkedin' ><a target=\"_blank\" aria-label=\"Compartir en LinkedIn\" href='https:\/\/linkedin.com\/shareArticle?mini=true&#038;title=Contaminaci%C3%B3n%20minera%20en%20Alto%20Ma%C3%B1ihuales%20preocupa%20a%20organizaciones%20y%20a%20la%20comunidad%7C%20SERNAGEOMIN%3A%20%C2%ABMinera%20Pac%C3%ADfico%20del%20Sur%20no%20ha%20cumplido%20con%20plan%20de%20cierre%20de%20tranque%20de%20relaves%20Confluencia%C2%BB&#038;url=https:\/\/radiorevelacionfm.cl\/?p=53785' aria-hidden='false' data-av_icon='\ue8fc' data-av_iconfont='entypo-fontello' title='' data-avia-related-tooltip='Compartir en LinkedIn' rel=\"noopener\"><span class='avia_hidden_link_text'>Compartir en LinkedIn<\/span><\/a><\/li><li class='av-share-link av-social-link-mail' ><a  aria-label=\"Compartir por correo\" href='mailto:?subject=Contaminaci%C3%B3n%20minera%20en%20Alto%20Ma%C3%B1ihuales%20preocupa%20a%20organizaciones%20y%20a%20la%20comunidad%7C%20SERNAGEOMIN%3A%20%C2%ABMinera%20Pac%C3%ADfico%20del%20Sur%20no%20ha%20cumplido%20con%20plan%20de%20cierre%20de%20tranque%20de%20relaves%20Confluencia%C2%BB&#038;body=https:\/\/radiorevelacionfm.cl\/?p=53785' aria-hidden='false' data-av_icon='\ue805' data-av_iconfont='entypo-fontello' title='' data-avia-related-tooltip='Compartir por correo'><span class='avia_hidden_link_text'>Compartir por correo<\/span><\/a><\/li><\/ul><\/div><\/div>\n<div  style='height:50px' class='hr hr-invisible   avia-builder-el-8  el_after_av_social_share  el_before_av_comments_list '><span class='hr-inner ' ><span class='hr-inner-style'><\/span><\/span><\/div>\n<div  class='av-buildercomment  av-blog-meta-html-info-disabled av-blog-meta-tag-disabled  '><\/div>\n","protected":false},"excerpt":{"rendered":"","protected":false},"author":1,"featured_media":51114,"comment_status":"closed","ping_status":"closed","sticky":false,"template":"","format":"standard","meta":{"footnotes":""},"categories":[38],"tags":[],"class_list":["post-53785","post","type-post","status-publish","format-standard","has-post-thumbnail","hentry","category-regional"],"jetpack_featured_media_url":"https:\/\/radiorevelacionfm.cl\/wp-content\/uploads\/2025\/03\/relave-alto-manihuales-1_optimized-1.jpg","_links":{"self":[{"href":"https:\/\/radiorevelacionfm.cl\/index.php?rest_route=\/wp\/v2\/posts\/53785","targetHints":{"allow":["GET"]}}],"collection":[{"href":"https:\/\/radiorevelacionfm.cl\/index.php?rest_route=\/wp\/v2\/posts"}],"about":[{"href":"https:\/\/radiorevelacionfm.cl\/index.php?rest_route=\/wp\/v2\/types\/post"}],"author":[{"embeddable":true,"href":"https:\/\/radiorevelacionfm.cl\/index.php?rest_route=\/wp\/v2\/users\/1"}],"replies":[{"embeddable":true,"href":"https:\/\/radiorevelacionfm.cl\/index.php?rest_route=%2Fwp%2Fv2%2Fcomments&post=53785"}],"version-history":[{"count":2,"href":"https:\/\/radiorevelacionfm.cl\/index.php?rest_route=\/wp\/v2\/posts\/53785\/revisions"}],"predecessor-version":[{"id":53787,"href":"https:\/\/radiorevelacionfm.cl\/index.php?rest_route=\/wp\/v2\/posts\/53785\/revisions\/53787"}],"wp:featuredmedia":[{"embeddable":true,"href":"https:\/\/radiorevelacionfm.cl\/index.php?rest_route=\/wp\/v2\/media\/51114"}],"wp:attachment":[{"href":"https:\/\/radiorevelacionfm.cl\/index.php?rest_route=%2Fwp%2Fv2%2Fmedia&parent=53785"}],"wp:term":[{"taxonomy":"category","embeddable":true,"href":"https:\/\/radiorevelacionfm.cl\/index.php?rest_route=%2Fwp%2Fv2%2Fcategories&post=53785"},{"taxonomy":"post_tag","embeddable":true,"href":"https:\/\/radiorevelacionfm.cl\/index.php?rest_route=%2Fwp%2Fv2%2Ftags&post=53785"}],"curies":[{"name":"wp","href":"https:\/\/api.w.org\/{rel}","templated":true}]}}