{"id":53780,"date":"2025-05-11T16:53:08","date_gmt":"2025-05-11T19:53:08","guid":{"rendered":"https:\/\/radiorevelacionfm.cl\/?p=53780"},"modified":"2025-05-11T16:53:08","modified_gmt":"2025-05-11T19:53:08","slug":"pdi-pone-a-disposicion-de-la-justicia-a-imputado-por-robo-con-intimidacion","status":"publish","type":"post","link":"https:\/\/radiorevelacionfm.cl\/?p=53780","title":{"rendered":"PDI pone a disposici\u00f3n de la justicia a imputado por robo con intimidaci\u00f3n"},"content":{"rendered":"<div class=\"flex_column av_one_full  flex_column_div av-zero-column-padding first  avia-builder-el-0  el_before_av_one_full  avia-builder-el-first  \" style='border-radius:0px; '><div  class='avia-image-container  av-styling-    avia-builder-el-1  avia-builder-el-no-sibling  avia-align-center '  itemprop=\"image\" itemscope=\"itemscope\" itemtype=\"https:\/\/schema.org\/ImageObject\"  ><div class='avia-image-container-inner'><div class='avia-image-overlay-wrap'><img decoding=\"async\" class='wp-image-5289 avia-img-lazy-loading-not-5289 avia_image' src=\"https:\/\/radiorevelacionfm.cl\/wp-content\/uploads\/2021\/06\/pdi-archivo-1-1.jpg\" alt='' title='pdi-archivo (1) (1)' height=\"600\" width=\"904\"  itemprop=\"thumbnailUrl\" srcset=\"https:\/\/radiorevelacionfm.cl\/wp-content\/uploads\/2021\/06\/pdi-archivo-1-1.jpg 904w, https:\/\/radiorevelacionfm.cl\/wp-content\/uploads\/2021\/06\/pdi-archivo-1-1-300x199.jpg 300w, https:\/\/radiorevelacionfm.cl\/wp-content\/uploads\/2021\/06\/pdi-archivo-1-1-768x510.jpg 768w, https:\/\/radiorevelacionfm.cl\/wp-content\/uploads\/2021\/06\/pdi-archivo-1-1-705x468.jpg 705w, https:\/\/radiorevelacionfm.cl\/wp-content\/uploads\/2021\/06\/pdi-archivo-1-1-600x398.jpg 600w\" sizes=\"(max-width: 904px) 100vw, 904px\" \/><\/div><\/div><\/div><\/div><div class=\"flex_column av_one_full  flex_column_div av-zero-column-padding first  avia-builder-el-2  el_after_av_one_full  el_before_av_one_full  column-top-margin\" style='border-radius:0px; '><section class=\"av_textblock_section \"  itemscope=\"itemscope\" itemtype=\"https:\/\/schema.org\/BlogPosting\" itemprop=\"blogPost\" ><div class='avia_textblock  '   itemprop=\"text\" ><p style=\"text-align: center;\"><span style=\"font-size: 18pt;\"><strong>PDI pone a disposici\u00f3n de la justicia a imputado por robo con intimidaci\u00f3n<\/strong><\/span><\/p>\n<div id=\"gtx-trans\" style=\"position: absolute; left: -50px; top: 4.31534px;\">\n<div class=\"gtx-trans-icon\"><\/div>\n<\/div>\n<\/div><\/section><\/div><div class=\"flex_column av_one_full  flex_column_div av-zero-column-padding first  avia-builder-el-4  el_after_av_one_full  el_before_av_hr  column-top-margin\" style='border-radius:0px; '><section class=\"av_textblock_section \"  itemscope=\"itemscope\" itemtype=\"https:\/\/schema.org\/BlogPosting\" itemprop=\"blogPost\" ><div class='avia_textblock  '   itemprop=\"text\" ><p style=\"text-align: justify;\">El pasado viernes, detectives de la Brigada Investigadora de Robos (BIRO) Coyhaique detuvieron a un hombre, de 34 a\u00f1os, quien manten\u00eda una orden de detenci\u00f3n vigente por el delito de robo con intimidaci\u00f3n, emanada por el Juzgado de Garant\u00eda de Iquique.<\/p>\n<p style=\"text-align: justify;\">La detenci\u00f3n de este imputado responde a una estrategia de trabajo impulsada por el mando regional que busca frenar la criminalidad que ocurre en otras zonas del pa\u00eds.<\/p>\n<p style=\"text-align: justify;\">Al respecto, el comisario Felipe Vald\u00e9s D\u00edaz, jefe de la brigada especializada, se\u00f1al\u00f3 que \u201cla Polic\u00eda de Investigaciones de Chile, en el marco del Plan Regional Contra la Criminalidad Emergente, levant\u00f3 informaci\u00f3n a trav\u00e9s de la Oficina de An\u00e1lisis Criminal, asociada a que una persona, eventualmente, estaba cometiendo el delito de contrabando aduanero, motivo por el que se coordin\u00f3 con el Ministerio P\u00fablico el inicio de la investigaci\u00f3n\u201d.<\/p>\n<p style=\"text-align: justify;\">El proceso investigativo y de an\u00e1lisis criminal permiti\u00f3 establecer que el imputado manten\u00eda una orden de detenci\u00f3n vigente, \u201cse materializ\u00f3 la detenci\u00f3n de esta persona, por cuanto registraba una orden pendiente por el delito de robo con intimidaci\u00f3n emanada del Juzgado de Garant\u00eda de Iquique, motivo por el que fue puesto a disposici\u00f3n del Tribunal para su formalizaci\u00f3n\u201d, puntualiz\u00f3 el comisario Vald\u00e9s.<\/p>\n<p style=\"text-align: justify;\">Finalmente, desde la PDI enfatizaron que se encuentran trabajando de manera multidisciplinaria entre las unidades especializadas, adem\u00e1s, coordinadamente con el Ministerio P\u00fablico y con otras instituciones del Estado, para investigar aquellos delitos complejos que podr\u00edan estar ocurriendo en la Patagonia Chilena, con la finalidad de evitar que se instalen en la zona.<\/p>\n<\/div><\/section><\/div><div  style='height:50px' class='hr hr-invisible   avia-builder-el-6  el_after_av_one_full  el_before_av_social_share '><span class='hr-inner ' ><span class='hr-inner-style'><\/span><\/span><\/div><\/p>\n<div  class='av-social-sharing-box  avia-builder-el-7  el_after_av_hr  el_before_av_hr  '><div class='av-share-box'><h5 class='av-share-link-description av-no-toc '>Compartir esta noticia<\/h5><ul class='av-share-box-list noLightbox'><li class='av-share-link av-social-link-facebook' ><a target=\"_blank\" aria-label=\"Compartir en Facebook\" href='https:\/\/www.facebook.com\/sharer.php?u=https:\/\/radiorevelacionfm.cl\/?p=53780&#038;t=PDI%20pone%20a%20disposici%C3%B3n%20de%20la%20justicia%20a%20imputado%20por%20robo%20con%20intimidaci%C3%B3n' aria-hidden='false' data-av_icon='\ue8f3' data-av_iconfont='entypo-fontello' title='' data-avia-related-tooltip='Compartir en Facebook' rel=\"noopener\"><span class='avia_hidden_link_text'>Compartir en Facebook<\/span><\/a><\/li><li class='av-share-link av-social-link-twitter' ><a target=\"_blank\" aria-label=\"Compartir en Twitter\" href='https:\/\/twitter.com\/share?text=PDI%20pone%20a%20disposici%C3%B3n%20de%20la%20justicia%20a%20imputado%20por%20robo%20con%20intimidaci%C3%B3n&#038;url=https:\/\/radiorevelacionfm.cl\/?p=53780' aria-hidden='false' data-av_icon='\ue8f1' data-av_iconfont='entypo-fontello' title='' data-avia-related-tooltip='Compartir en Twitter' rel=\"noopener\"><span class='avia_hidden_link_text'>Compartir en Twitter<\/span><\/a><\/li><li class='av-share-link av-social-link-whatsapp' ><a target=\"_blank\" aria-label=\"Compartir en Whatsapp\" href='https:\/\/api.whatsapp.com\/send?text=https:\/\/radiorevelacionfm.cl\/?p=53780' aria-hidden='false' data-av_icon='\uf232' data-av_iconfont='entypo-fontello' title='' data-avia-related-tooltip='Compartir en Whatsapp' rel=\"noopener\"><span class='avia_hidden_link_text'>Compartir en Whatsapp<\/span><\/a><\/li><li class='av-share-link av-social-link-linkedin' ><a target=\"_blank\" aria-label=\"Compartir en LinkedIn\" href='https:\/\/linkedin.com\/shareArticle?mini=true&#038;title=PDI%20pone%20a%20disposici%C3%B3n%20de%20la%20justicia%20a%20imputado%20por%20robo%20con%20intimidaci%C3%B3n&#038;url=https:\/\/radiorevelacionfm.cl\/?p=53780' aria-hidden='false' data-av_icon='\ue8fc' data-av_iconfont='entypo-fontello' title='' data-avia-related-tooltip='Compartir en LinkedIn' rel=\"noopener\"><span class='avia_hidden_link_text'>Compartir en LinkedIn<\/span><\/a><\/li><li class='av-share-link av-social-link-mail' ><a  aria-label=\"Compartir por correo\" href='mailto:?subject=PDI%20pone%20a%20disposici%C3%B3n%20de%20la%20justicia%20a%20imputado%20por%20robo%20con%20intimidaci%C3%B3n&#038;body=https:\/\/radiorevelacionfm.cl\/?p=53780' aria-hidden='false' data-av_icon='\ue805' data-av_iconfont='entypo-fontello' title='' data-avia-related-tooltip='Compartir por correo'><span class='avia_hidden_link_text'>Compartir por correo<\/span><\/a><\/li><\/ul><\/div><\/div>\n<div  style='height:50px' class='hr hr-invisible   avia-builder-el-8  el_after_av_social_share  el_before_av_comments_list '><span class='hr-inner ' ><span class='hr-inner-style'><\/span><\/span><\/div>\n<div  class='av-buildercomment  av-blog-meta-html-info-disabled av-blog-meta-tag-disabled  '><\/div>\n","protected":false},"excerpt":{"rendered":"","protected":false},"author":1,"featured_media":5289,"comment_status":"closed","ping_status":"closed","sticky":false,"template":"","format":"standard","meta":{"footnotes":""},"categories":[36],"tags":[],"class_list":["post-53780","post","type-post","status-publish","format-standard","has-post-thumbnail","hentry","category-policial"],"jetpack_featured_media_url":"https:\/\/radiorevelacionfm.cl\/wp-content\/uploads\/2021\/06\/pdi-archivo-1-1.jpg","_links":{"self":[{"href":"https:\/\/radiorevelacionfm.cl\/index.php?rest_route=\/wp\/v2\/posts\/53780","targetHints":{"allow":["GET"]}}],"collection":[{"href":"https:\/\/radiorevelacionfm.cl\/index.php?rest_route=\/wp\/v2\/posts"}],"about":[{"href":"https:\/\/radiorevelacionfm.cl\/index.php?rest_route=\/wp\/v2\/types\/post"}],"author":[{"embeddable":true,"href":"https:\/\/radiorevelacionfm.cl\/index.php?rest_route=\/wp\/v2\/users\/1"}],"replies":[{"embeddable":true,"href":"https:\/\/radiorevelacionfm.cl\/index.php?rest_route=%2Fwp%2Fv2%2Fcomments&post=53780"}],"version-history":[{"count":2,"href":"https:\/\/radiorevelacionfm.cl\/index.php?rest_route=\/wp\/v2\/posts\/53780\/revisions"}],"predecessor-version":[{"id":53782,"href":"https:\/\/radiorevelacionfm.cl\/index.php?rest_route=\/wp\/v2\/posts\/53780\/revisions\/53782"}],"wp:featuredmedia":[{"embeddable":true,"href":"https:\/\/radiorevelacionfm.cl\/index.php?rest_route=\/wp\/v2\/media\/5289"}],"wp:attachment":[{"href":"https:\/\/radiorevelacionfm.cl\/index.php?rest_route=%2Fwp%2Fv2%2Fmedia&parent=53780"}],"wp:term":[{"taxonomy":"category","embeddable":true,"href":"https:\/\/radiorevelacionfm.cl\/index.php?rest_route=%2Fwp%2Fv2%2Fcategories&post=53780"},{"taxonomy":"post_tag","embeddable":true,"href":"https:\/\/radiorevelacionfm.cl\/index.php?rest_route=%2Fwp%2Fv2%2Ftags&post=53780"}],"curies":[{"name":"wp","href":"https:\/\/api.w.org\/{rel}","templated":true}]}}