{"id":53776,"date":"2025-05-11T16:10:44","date_gmt":"2025-05-11T19:10:44","guid":{"rendered":"https:\/\/radiorevelacionfm.cl\/?p=53776"},"modified":"2025-05-11T16:10:44","modified_gmt":"2025-05-11T19:10:44","slug":"en-puerto-aysen-entregan-buses-electricos-para-adultos-mayores-y-estudiantes","status":"publish","type":"post","link":"https:\/\/radiorevelacionfm.cl\/?p=53776","title":{"rendered":"En Puerto Ays\u00e9n entregan buses el\u00e9ctricos para adultos mayores y estudiantes"},"content":{"rendered":"<div class=\"flex_column av_one_full  flex_column_div av-zero-column-padding first  avia-builder-el-0  el_before_av_one_full  avia-builder-el-first  \" style='border-radius:0px; '><div  class='avia-image-container  av-styling-    avia-builder-el-1  avia-builder-el-no-sibling  avia-align-center '  itemprop=\"image\" itemscope=\"itemscope\" itemtype=\"https:\/\/schema.org\/ImageObject\"  ><div class='avia-image-container-inner'><div class='avia-image-overlay-wrap'><img decoding=\"async\" class='wp-image-53777 avia-img-lazy-loading-not-53777 avia_image' src=\"https:\/\/radiorevelacionfm.cl\/wp-content\/uploads\/2025\/05\/dsc06889-1-1_optimized-1.jpg\" alt='' title='dsc06889-(1)-(1)_optimized (1)' height=\"600\" width=\"898\"  itemprop=\"thumbnailUrl\" srcset=\"https:\/\/radiorevelacionfm.cl\/wp-content\/uploads\/2025\/05\/dsc06889-1-1_optimized-1.jpg 898w, https:\/\/radiorevelacionfm.cl\/wp-content\/uploads\/2025\/05\/dsc06889-1-1_optimized-1-300x200.jpg 300w, https:\/\/radiorevelacionfm.cl\/wp-content\/uploads\/2025\/05\/dsc06889-1-1_optimized-1-768x513.jpg 768w, https:\/\/radiorevelacionfm.cl\/wp-content\/uploads\/2025\/05\/dsc06889-1-1_optimized-1-705x471.jpg 705w, https:\/\/radiorevelacionfm.cl\/wp-content\/uploads\/2025\/05\/dsc06889-1-1_optimized-1-450x301.jpg 450w, https:\/\/radiorevelacionfm.cl\/wp-content\/uploads\/2025\/05\/dsc06889-1-1_optimized-1-600x401.jpg 600w\" sizes=\"(max-width: 898px) 100vw, 898px\" \/><\/div><\/div><\/div><\/div><div class=\"flex_column av_one_full  flex_column_div av-zero-column-padding first  avia-builder-el-2  el_after_av_one_full  el_before_av_one_full  column-top-margin\" style='border-radius:0px; '><section class=\"av_textblock_section \"  itemscope=\"itemscope\" itemtype=\"https:\/\/schema.org\/BlogPosting\" itemprop=\"blogPost\" ><div class='avia_textblock  '   itemprop=\"text\" ><p style=\"text-align: center;\"><strong><span style=\"font-size: 18pt;\">En Puerto Ays\u00e9n entregan buses el\u00e9ctricos para adultos mayores y estudiantes<\/span><\/strong><\/p>\n<div id=\"gtx-trans\" style=\"position: absolute; left: -50px; top: 4.31534px;\">\n<div class=\"gtx-trans-icon\"><\/div>\n<\/div>\n<\/div><\/section><\/div><div class=\"flex_column av_one_full  flex_column_div av-zero-column-padding first  avia-builder-el-4  el_after_av_one_full  el_before_av_hr  column-top-margin\" style='border-radius:0px; '><section class=\"av_textblock_section \"  itemscope=\"itemscope\" itemtype=\"https:\/\/schema.org\/BlogPosting\" itemprop=\"blogPost\" ><div class='avia_textblock  '   itemprop=\"text\" ><p style=\"text-align: justify;\">El viernes 9 de mayo, el Gobierno Regional y su Consejo entregaron a la Municipalidad de Ays\u00e9n tres buses el\u00e9ctricos, con el objetivo de facilitar el desplazamiento de estudiantes y personas mayores de forma c\u00f3moda y segura.<\/p>\n<p style=\"text-align: justify;\">El gobernador Santana destac\u00f3 que estos buses el\u00e9ctricos son un hito regional, ya que no hay ninguna otra comuna que cuente con este tipo de transporte p\u00fablico: \u201cEsta es una iniciativa del municipio que busca acercar a los adultos mayores y estudiantes a sus respectivos lugares de recorrido. Es una inversi\u00f3n de un poco m\u00e1s de 1.200 millones de pesos que el Gobierno Regional viene gestionando hace bastantes meses y que hoy d\u00eda se ve concretado. Lo que a nosotros nos interesa es poder ir concretando, poder ir resolviendo y acelerar la entrega lo m\u00e1s r\u00e1pido posible\u201d.<\/p>\n<p style=\"text-align: justify;\">El servicio consiste en dos buses de 21 pasajeros para el acercamiento de adultos mayores hacia los principales centros de atenci\u00f3n de la ciudad; adem\u00e1s de un bus de 44 pasajeros que realizar\u00e1 recorridos para estudiantes entre Coyhaique y Puerto Ays\u00e9n, resolviendo los problemas de horarios limitados y poca frecuencia.<\/p>\n<p style=\"text-align: justify;\">El alcalde de la Municipalidad de Ays\u00e9n, Luis Mart\u00ednez, destac\u00f3 que \u201cson buses de alta gama. Hay un bus de 44 pasajeros y dos buses de 26 pasajeros que est\u00e1n equipados con c\u00e1maras, cargadores de celulares, autonom\u00eda de 240 kil\u00f3metros uno y 380 kil\u00f3metros el otro. Es un bonito regalo que le llega hoy d\u00eda a nuestra comuna. No nos queda m\u00e1s que agradecer al Gobierno Regional de donde han venido los recursos y, por supuesto, felicitar a nuestros funcionarios que en \u00e9pocas complejas del municipio han podido sacar adelante este proyecto\u201d.<\/p>\n<p style=\"text-align: justify;\">Rosa Navarro, presidenta de la Uni\u00f3n Comunal de Adultos Mayores de Trapananda, cont\u00f3 que se sinti\u00f3 muy emocionada de ver concretado este proyecto e hizo un llamado a cuidar los buses: \u201cPedirle a los pares que los cuiden, esto es nuestro, estos buses son nuestros y nosotros somos los responsables de mantenerlos bien y de evaluar c\u00f3mo se est\u00e1 gestionando, c\u00f3mo se hace. Entonces, ese es nuestro compromiso como adultos mayores que estamos agrupados y los no agrupados, porque esto es para todos los adultos mayores de la comuna\u201d.<\/p>\n<p style=\"text-align: justify;\">En la ceremonia de entrega participaron autoridades regionales, comunales, los consejeros Rosita Gonz\u00e1lez y Julio Rossel, los parlamentarios David Sandoval y Ren\u00e9 Alinco, concejales, dirigentes vecinales y otros miembros de la comunidad, quienes estrenaron los buses en un primer recorrido simb\u00f3lico por la ciudad.<\/p>\n<p style=\"text-align: justify;\">El consejero regional Julio Rossel, destac\u00f3 que este servicio es positivo no s\u00f3lo porque es de utilidad para la comunidad, sino que tambi\u00e9n porque est\u00e1 basado en la electromovilidad: \u201cEs una innovaci\u00f3n asociada a un grupo objetivo muy relevante para el Gobierno Regional. Estamos muy contentos de poder representar y participar al cuerpo colegiado en esta entrega de estos buses\u2026Un proyecto que ya se ven\u00eda concretando, la gente ya estaba esperando.\u201d<\/p>\n<p style=\"text-align: justify;\">\u201cEstamos felices. Es un hito importante, un avance en la electromovilidad, la cual es pol\u00edtica de Estado. Todo lo que venga a sumar calidad de vida para los vecinos nos pone realmente contentos\u201d, agreg\u00f3 la consejera regional Rosita Gonz\u00e1lez.<\/p>\n<\/div><\/section><\/div><div  style='height:50px' class='hr hr-invisible   avia-builder-el-6  el_after_av_one_full  el_before_av_social_share '><span class='hr-inner ' ><span class='hr-inner-style'><\/span><\/span><\/div><\/p>\n<div  class='av-social-sharing-box  avia-builder-el-7  el_after_av_hr  el_before_av_hr  '><div class='av-share-box'><h5 class='av-share-link-description av-no-toc '>Compartir esta noticia<\/h5><ul class='av-share-box-list noLightbox'><li class='av-share-link av-social-link-facebook' ><a target=\"_blank\" aria-label=\"Compartir en Facebook\" href='https:\/\/www.facebook.com\/sharer.php?u=https:\/\/radiorevelacionfm.cl\/?p=53776&#038;t=En%20Puerto%20Ays%C3%A9n%20entregan%20buses%20el%C3%A9ctricos%20para%20adultos%20mayores%20y%20estudiantes' aria-hidden='false' data-av_icon='\ue8f3' data-av_iconfont='entypo-fontello' title='' data-avia-related-tooltip='Compartir en Facebook' rel=\"noopener\"><span class='avia_hidden_link_text'>Compartir en Facebook<\/span><\/a><\/li><li class='av-share-link av-social-link-twitter' ><a target=\"_blank\" aria-label=\"Compartir en Twitter\" href='https:\/\/twitter.com\/share?text=En%20Puerto%20Ays%C3%A9n%20entregan%20buses%20el%C3%A9ctricos%20para%20adultos%20mayores%20y%20estudiantes&#038;url=https:\/\/radiorevelacionfm.cl\/?p=53776' aria-hidden='false' data-av_icon='\ue8f1' data-av_iconfont='entypo-fontello' title='' data-avia-related-tooltip='Compartir en Twitter' rel=\"noopener\"><span class='avia_hidden_link_text'>Compartir en Twitter<\/span><\/a><\/li><li class='av-share-link av-social-link-whatsapp' ><a target=\"_blank\" aria-label=\"Compartir en Whatsapp\" href='https:\/\/api.whatsapp.com\/send?text=https:\/\/radiorevelacionfm.cl\/?p=53776' aria-hidden='false' data-av_icon='\uf232' data-av_iconfont='entypo-fontello' title='' data-avia-related-tooltip='Compartir en Whatsapp' rel=\"noopener\"><span class='avia_hidden_link_text'>Compartir en Whatsapp<\/span><\/a><\/li><li class='av-share-link av-social-link-linkedin' ><a target=\"_blank\" aria-label=\"Compartir en LinkedIn\" href='https:\/\/linkedin.com\/shareArticle?mini=true&#038;title=En%20Puerto%20Ays%C3%A9n%20entregan%20buses%20el%C3%A9ctricos%20para%20adultos%20mayores%20y%20estudiantes&#038;url=https:\/\/radiorevelacionfm.cl\/?p=53776' aria-hidden='false' data-av_icon='\ue8fc' data-av_iconfont='entypo-fontello' title='' data-avia-related-tooltip='Compartir en LinkedIn' rel=\"noopener\"><span class='avia_hidden_link_text'>Compartir en LinkedIn<\/span><\/a><\/li><li class='av-share-link av-social-link-mail' ><a  aria-label=\"Compartir por correo\" href='mailto:?subject=En%20Puerto%20Ays%C3%A9n%20entregan%20buses%20el%C3%A9ctricos%20para%20adultos%20mayores%20y%20estudiantes&#038;body=https:\/\/radiorevelacionfm.cl\/?p=53776' aria-hidden='false' data-av_icon='\ue805' data-av_iconfont='entypo-fontello' title='' data-avia-related-tooltip='Compartir por correo'><span class='avia_hidden_link_text'>Compartir por correo<\/span><\/a><\/li><\/ul><\/div><\/div>\n<div  style='height:50px' class='hr hr-invisible   avia-builder-el-8  el_after_av_social_share  el_before_av_comments_list '><span class='hr-inner ' ><span class='hr-inner-style'><\/span><\/span><\/div>\n<div  class='av-buildercomment  av-blog-meta-html-info-disabled av-blog-meta-tag-disabled  '><\/div>\n","protected":false},"excerpt":{"rendered":"","protected":false},"author":1,"featured_media":53777,"comment_status":"closed","ping_status":"closed","sticky":false,"template":"","format":"standard","meta":{"footnotes":""},"categories":[38],"tags":[],"class_list":["post-53776","post","type-post","status-publish","format-standard","has-post-thumbnail","hentry","category-regional"],"jetpack_featured_media_url":"https:\/\/radiorevelacionfm.cl\/wp-content\/uploads\/2025\/05\/dsc06889-1-1_optimized-1.jpg","_links":{"self":[{"href":"https:\/\/radiorevelacionfm.cl\/index.php?rest_route=\/wp\/v2\/posts\/53776","targetHints":{"allow":["GET"]}}],"collection":[{"href":"https:\/\/radiorevelacionfm.cl\/index.php?rest_route=\/wp\/v2\/posts"}],"about":[{"href":"https:\/\/radiorevelacionfm.cl\/index.php?rest_route=\/wp\/v2\/types\/post"}],"author":[{"embeddable":true,"href":"https:\/\/radiorevelacionfm.cl\/index.php?rest_route=\/wp\/v2\/users\/1"}],"replies":[{"embeddable":true,"href":"https:\/\/radiorevelacionfm.cl\/index.php?rest_route=%2Fwp%2Fv2%2Fcomments&post=53776"}],"version-history":[{"count":2,"href":"https:\/\/radiorevelacionfm.cl\/index.php?rest_route=\/wp\/v2\/posts\/53776\/revisions"}],"predecessor-version":[{"id":53779,"href":"https:\/\/radiorevelacionfm.cl\/index.php?rest_route=\/wp\/v2\/posts\/53776\/revisions\/53779"}],"wp:featuredmedia":[{"embeddable":true,"href":"https:\/\/radiorevelacionfm.cl\/index.php?rest_route=\/wp\/v2\/media\/53777"}],"wp:attachment":[{"href":"https:\/\/radiorevelacionfm.cl\/index.php?rest_route=%2Fwp%2Fv2%2Fmedia&parent=53776"}],"wp:term":[{"taxonomy":"category","embeddable":true,"href":"https:\/\/radiorevelacionfm.cl\/index.php?rest_route=%2Fwp%2Fv2%2Fcategories&post=53776"},{"taxonomy":"post_tag","embeddable":true,"href":"https:\/\/radiorevelacionfm.cl\/index.php?rest_route=%2Fwp%2Fv2%2Ftags&post=53776"}],"curies":[{"name":"wp","href":"https:\/\/api.w.org\/{rel}","templated":true}]}}