{"id":53771,"date":"2025-05-12T10:48:40","date_gmt":"2025-05-12T13:48:40","guid":{"rendered":"https:\/\/radiorevelacionfm.cl\/?p=53771"},"modified":"2025-05-12T10:48:40","modified_gmt":"2025-05-12T13:48:40","slug":"junaeb-destaca-el-inicio-del-programa-habilidades-para-la-vida-2025","status":"publish","type":"post","link":"https:\/\/radiorevelacionfm.cl\/?p=53771","title":{"rendered":"JUNAEB destaca el inicio del Programa Habilidades para la Vida 2025"},"content":{"rendered":"<div class=\"flex_column av_one_full  flex_column_div av-zero-column-padding first  avia-builder-el-0  el_before_av_one_full  avia-builder-el-first  \" style='border-radius:0px; '><div  class='avia-image-container  av-styling-    avia-builder-el-1  avia-builder-el-no-sibling  avia-align-center '  itemprop=\"image\" itemscope=\"itemscope\" itemtype=\"https:\/\/schema.org\/ImageObject\"  ><div class='avia-image-container-inner'><div class='avia-image-overlay-wrap'><img decoding=\"async\" class='wp-image-53772 avia-img-lazy-loading-not-53772 avia_image' src=\"https:\/\/radiorevelacionfm.cl\/wp-content\/uploads\/2025\/05\/lanz-habilidades-para-la-vida-hplv-1_optimized-1.jpg\" alt='' title='lanz-habilidades-para-la-vida-hplv-(1)_optimized (1)' height=\"600\" width=\"977\"  itemprop=\"thumbnailUrl\" srcset=\"https:\/\/radiorevelacionfm.cl\/wp-content\/uploads\/2025\/05\/lanz-habilidades-para-la-vida-hplv-1_optimized-1.jpg 977w, https:\/\/radiorevelacionfm.cl\/wp-content\/uploads\/2025\/05\/lanz-habilidades-para-la-vida-hplv-1_optimized-1-300x184.jpg 300w, https:\/\/radiorevelacionfm.cl\/wp-content\/uploads\/2025\/05\/lanz-habilidades-para-la-vida-hplv-1_optimized-1-768x472.jpg 768w, https:\/\/radiorevelacionfm.cl\/wp-content\/uploads\/2025\/05\/lanz-habilidades-para-la-vida-hplv-1_optimized-1-705x433.jpg 705w, https:\/\/radiorevelacionfm.cl\/wp-content\/uploads\/2025\/05\/lanz-habilidades-para-la-vida-hplv-1_optimized-1-450x276.jpg 450w, https:\/\/radiorevelacionfm.cl\/wp-content\/uploads\/2025\/05\/lanz-habilidades-para-la-vida-hplv-1_optimized-1-600x368.jpg 600w\" sizes=\"(max-width: 977px) 100vw, 977px\" \/><\/div><\/div><\/div><\/div><div class=\"flex_column av_one_full  flex_column_div av-zero-column-padding first  avia-builder-el-2  el_after_av_one_full  el_before_av_one_full  column-top-margin\" style='border-radius:0px; '><section class=\"av_textblock_section \"  itemscope=\"itemscope\" itemtype=\"https:\/\/schema.org\/BlogPosting\" itemprop=\"blogPost\" ><div class='avia_textblock  '   itemprop=\"text\" ><p style=\"text-align: center;\"><span style=\"font-size: 18pt;\"><strong>JUNAEB destaca el inicio del Programa Habilidades para la Vida 2025<\/strong><\/span><\/p>\n<div id=\"gtx-trans\" style=\"position: absolute; left: -50px; top: 4.31534px;\">\n<div class=\"gtx-trans-icon\"><\/div>\n<\/div>\n<\/div><\/section><\/div><div class=\"flex_column av_one_full  flex_column_div av-zero-column-padding first  avia-builder-el-4  el_after_av_one_full  el_before_av_hr  column-top-margin\" style='border-radius:0px; '><section class=\"av_textblock_section \"  itemscope=\"itemscope\" itemtype=\"https:\/\/schema.org\/BlogPosting\" itemprop=\"blogPost\" ><div class='avia_textblock  '   itemprop=\"text\" ><p style=\"text-align: justify;\"><em>El programa considera trabajar con cerca de 8.000 alumnos distribuidos en 31 establecimientos educacionales de las comunas de Coyhaique, Ays\u00e9n y Cisnes.<\/em><\/p>\n<p style=\"text-align: justify;\">El programa Habilidades Para la Vida (HPV) es un programa desarrollado por JUNAEB a trav\u00e9s de entidades ejecutoras, que se ocupa de la salud mental de las comunidades educativas, donde se van activando acciones con estudiantes, familias, profesores y equipos de gesti\u00f3n para que en conjunto puedan desarrollarse, afectiva, psicol\u00f3gica y socialmente en la escuela o liceo, entregando herramientas para la vida e incorpora acciones de detecci\u00f3n y prevenci\u00f3n del riesgo psicosocial en los estudiantes.<\/p>\n<p style=\"text-align: justify;\">Desde el a\u00f1o 2024, en la regi\u00f3n existen dos entidades ejecutoras, para los programas HPV I y II, que trabajan con estudiantes de primer y segundo ciclo, se ejecuta a trav\u00e9s del Servicio Local de Educaci\u00f3n; mientras que para programa HPV III, que trabaja con estudiantes de educaci\u00f3n media, se trabaja a trav\u00e9s del Servicio de Salud, espec\u00edficamente a trav\u00e9s de los CESFAM de Ays\u00e9n y Alejandro Guti\u00e9rrez de Coyhaique.<\/p>\n<p style=\"text-align: justify;\">En este sentido Manuel Vivar, Director Regional de JUNAEB, expreso: \u201c Desde el a\u00f1o 2024, en la regi\u00f3n se nos abri\u00f3 la oportunidad de trabajar con nuevas entidades ejecutoras, y estamos muy conformes con esta oportunidad, por que es un escenario ideal para trabajar tem\u00e1ticas de salud mental y convivencia escolar, con las dos instituciones que m\u00e1s pertinencia tienen en estas materias. Tenemos una gran oportunidad para desarrollar un trabajo intersectorial de calidad con el SLEP y el Servicio de Salud, lo que esperamos mejorar paulatinamente en este segundo a\u00f1o de trabajo\u201d.<\/p>\n<p style=\"text-align: justify;\">En esa misma l\u00ednea, Claudio Rivera Seremi de Educaci\u00f3n(s) destac\u00f3 que \u201cEste programa se forma parte de las acciones del eje de Convivencia y Salud Mental del Plan de Reactivaci\u00f3n Educativa y busca apoyar a docentes, equipos t\u00e9cnicos y a las y los estudiantes para desarrollar habilidades para la vida. Estas competencias no solo los ayudan a tener mejores resultados acad\u00e9micos, sino tambi\u00e9n a enfrentar los desaf\u00edos de la vida cotidiana\u201d.<\/p>\n<p style=\"text-align: justify;\">El programa habilidades para la vida, a trav\u00e9s de las entidades ejecutoras, contrata equipos multidisciplinarios donde se desempe\u00f1an profesionales del \u00e1rea de la Psicolog\u00eda, Terapia Ocupacional, Trabajo Social y Nutrici\u00f3n, generando acciones transversales de promoci\u00f3n del bienestar socio emocional de los estudiantes. En la regi\u00f3n de Ays\u00e9n, a trav\u00e9s de los diferentes convenios con las entidades, se ejecuta un presupuesto total de $360.000.000.<\/p>\n<\/div><\/section><\/div><div  style='height:50px' class='hr hr-invisible   avia-builder-el-6  el_after_av_one_full  el_before_av_social_share '><span class='hr-inner ' ><span class='hr-inner-style'><\/span><\/span><\/div><\/p>\n<div  class='av-social-sharing-box  avia-builder-el-7  el_after_av_hr  el_before_av_hr  '><div class='av-share-box'><h5 class='av-share-link-description av-no-toc '>Compartir esta noticia<\/h5><ul class='av-share-box-list noLightbox'><li class='av-share-link av-social-link-facebook' ><a target=\"_blank\" aria-label=\"Compartir en Facebook\" href='https:\/\/www.facebook.com\/sharer.php?u=https:\/\/radiorevelacionfm.cl\/?p=53771&#038;t=JUNAEB%20destaca%20el%20inicio%20del%20Programa%20Habilidades%20para%20la%20Vida%202025' aria-hidden='false' data-av_icon='\ue8f3' data-av_iconfont='entypo-fontello' title='' data-avia-related-tooltip='Compartir en Facebook' rel=\"noopener\"><span class='avia_hidden_link_text'>Compartir en Facebook<\/span><\/a><\/li><li class='av-share-link av-social-link-twitter' ><a target=\"_blank\" aria-label=\"Compartir en Twitter\" href='https:\/\/twitter.com\/share?text=JUNAEB%20destaca%20el%20inicio%20del%20Programa%20Habilidades%20para%20la%20Vida%202025&#038;url=https:\/\/radiorevelacionfm.cl\/?p=53771' aria-hidden='false' data-av_icon='\ue8f1' data-av_iconfont='entypo-fontello' title='' data-avia-related-tooltip='Compartir en Twitter' rel=\"noopener\"><span class='avia_hidden_link_text'>Compartir en Twitter<\/span><\/a><\/li><li class='av-share-link av-social-link-whatsapp' ><a target=\"_blank\" aria-label=\"Compartir en Whatsapp\" href='https:\/\/api.whatsapp.com\/send?text=https:\/\/radiorevelacionfm.cl\/?p=53771' aria-hidden='false' data-av_icon='\uf232' data-av_iconfont='entypo-fontello' title='' data-avia-related-tooltip='Compartir en Whatsapp' rel=\"noopener\"><span class='avia_hidden_link_text'>Compartir en Whatsapp<\/span><\/a><\/li><li class='av-share-link av-social-link-linkedin' ><a target=\"_blank\" aria-label=\"Compartir en LinkedIn\" href='https:\/\/linkedin.com\/shareArticle?mini=true&#038;title=JUNAEB%20destaca%20el%20inicio%20del%20Programa%20Habilidades%20para%20la%20Vida%202025&#038;url=https:\/\/radiorevelacionfm.cl\/?p=53771' aria-hidden='false' data-av_icon='\ue8fc' data-av_iconfont='entypo-fontello' title='' data-avia-related-tooltip='Compartir en LinkedIn' rel=\"noopener\"><span class='avia_hidden_link_text'>Compartir en LinkedIn<\/span><\/a><\/li><li class='av-share-link av-social-link-mail' ><a  aria-label=\"Compartir por correo\" href='mailto:?subject=JUNAEB%20destaca%20el%20inicio%20del%20Programa%20Habilidades%20para%20la%20Vida%202025&#038;body=https:\/\/radiorevelacionfm.cl\/?p=53771' aria-hidden='false' data-av_icon='\ue805' data-av_iconfont='entypo-fontello' title='' data-avia-related-tooltip='Compartir por correo'><span class='avia_hidden_link_text'>Compartir por correo<\/span><\/a><\/li><\/ul><\/div><\/div>\n<div  style='height:50px' class='hr hr-invisible   avia-builder-el-8  el_after_av_social_share  el_before_av_comments_list '><span class='hr-inner ' ><span class='hr-inner-style'><\/span><\/span><\/div>\n<div  class='av-buildercomment  av-blog-meta-html-info-disabled av-blog-meta-tag-disabled  '><\/div>\n","protected":false},"excerpt":{"rendered":"","protected":false},"author":1,"featured_media":53772,"comment_status":"closed","ping_status":"closed","sticky":false,"template":"","format":"standard","meta":{"footnotes":""},"categories":[49],"tags":[],"class_list":["post-53771","post","type-post","status-publish","format-standard","has-post-thumbnail","hentry","category-educacion"],"jetpack_featured_media_url":"https:\/\/radiorevelacionfm.cl\/wp-content\/uploads\/2025\/05\/lanz-habilidades-para-la-vida-hplv-1_optimized-1.jpg","_links":{"self":[{"href":"https:\/\/radiorevelacionfm.cl\/index.php?rest_route=\/wp\/v2\/posts\/53771","targetHints":{"allow":["GET"]}}],"collection":[{"href":"https:\/\/radiorevelacionfm.cl\/index.php?rest_route=\/wp\/v2\/posts"}],"about":[{"href":"https:\/\/radiorevelacionfm.cl\/index.php?rest_route=\/wp\/v2\/types\/post"}],"author":[{"embeddable":true,"href":"https:\/\/radiorevelacionfm.cl\/index.php?rest_route=\/wp\/v2\/users\/1"}],"replies":[{"embeddable":true,"href":"https:\/\/radiorevelacionfm.cl\/index.php?rest_route=%2Fwp%2Fv2%2Fcomments&post=53771"}],"version-history":[{"count":2,"href":"https:\/\/radiorevelacionfm.cl\/index.php?rest_route=\/wp\/v2\/posts\/53771\/revisions"}],"predecessor-version":[{"id":53783,"href":"https:\/\/radiorevelacionfm.cl\/index.php?rest_route=\/wp\/v2\/posts\/53771\/revisions\/53783"}],"wp:featuredmedia":[{"embeddable":true,"href":"https:\/\/radiorevelacionfm.cl\/index.php?rest_route=\/wp\/v2\/media\/53772"}],"wp:attachment":[{"href":"https:\/\/radiorevelacionfm.cl\/index.php?rest_route=%2Fwp%2Fv2%2Fmedia&parent=53771"}],"wp:term":[{"taxonomy":"category","embeddable":true,"href":"https:\/\/radiorevelacionfm.cl\/index.php?rest_route=%2Fwp%2Fv2%2Fcategories&post=53771"},{"taxonomy":"post_tag","embeddable":true,"href":"https:\/\/radiorevelacionfm.cl\/index.php?rest_route=%2Fwp%2Fv2%2Ftags&post=53771"}],"curies":[{"name":"wp","href":"https:\/\/api.w.org\/{rel}","templated":true}]}}