{"id":53765,"date":"2025-05-11T14:39:44","date_gmt":"2025-05-11T17:39:44","guid":{"rendered":"https:\/\/radiorevelacionfm.cl\/?p=53765"},"modified":"2025-05-11T14:39:44","modified_gmt":"2025-05-11T17:39:44","slug":"alta-participacion-en-gobierno-en-terreno-en-puyuhuapi-y-la-junta","status":"publish","type":"post","link":"https:\/\/radiorevelacionfm.cl\/?p=53765","title":{"rendered":"Alta participaci\u00f3n en Gobierno en Terreno en Puyuhuapi y La Junta"},"content":{"rendered":"<div class=\"flex_column av_one_full  flex_column_div av-zero-column-padding first  avia-builder-el-0  el_before_av_one_full  avia-builder-el-first  \" style='border-radius:0px; '><div  class='avia-image-container  av-styling-    avia-builder-el-1  avia-builder-el-no-sibling  avia-align-center '  itemprop=\"image\" itemscope=\"itemscope\" itemtype=\"https:\/\/schema.org\/ImageObject\"  ><div class='avia-image-container-inner'><div class='avia-image-overlay-wrap'><img decoding=\"async\" class='wp-image-53766 avia-img-lazy-loading-not-53766 avia_image' src=\"https:\/\/radiorevelacionfm.cl\/wp-content\/uploads\/2025\/05\/gab-terreno-01-1-1_optimized-1_optimized-1.jpg\" alt='' title='gab-terreno-01-(1)-(1)_optimized-(1)_optimized (1)' height=\"600\" width=\"888\"  itemprop=\"thumbnailUrl\" srcset=\"https:\/\/radiorevelacionfm.cl\/wp-content\/uploads\/2025\/05\/gab-terreno-01-1-1_optimized-1_optimized-1.jpg 888w, https:\/\/radiorevelacionfm.cl\/wp-content\/uploads\/2025\/05\/gab-terreno-01-1-1_optimized-1_optimized-1-300x203.jpg 300w, https:\/\/radiorevelacionfm.cl\/wp-content\/uploads\/2025\/05\/gab-terreno-01-1-1_optimized-1_optimized-1-768x519.jpg 768w, https:\/\/radiorevelacionfm.cl\/wp-content\/uploads\/2025\/05\/gab-terreno-01-1-1_optimized-1_optimized-1-705x476.jpg 705w, https:\/\/radiorevelacionfm.cl\/wp-content\/uploads\/2025\/05\/gab-terreno-01-1-1_optimized-1_optimized-1-450x304.jpg 450w, https:\/\/radiorevelacionfm.cl\/wp-content\/uploads\/2025\/05\/gab-terreno-01-1-1_optimized-1_optimized-1-600x405.jpg 600w\" sizes=\"(max-width: 888px) 100vw, 888px\" \/><\/div><\/div><\/div><\/div><div class=\"flex_column av_one_full  flex_column_div av-zero-column-padding first  avia-builder-el-2  el_after_av_one_full  el_before_av_one_full  column-top-margin\" style='border-radius:0px; '><section class=\"av_textblock_section \"  itemscope=\"itemscope\" itemtype=\"https:\/\/schema.org\/BlogPosting\" itemprop=\"blogPost\" ><div class='avia_textblock  '   itemprop=\"text\" ><p style=\"text-align: center;\"><span style=\"font-size: 18pt;\"><b>Alta participaci\u00f3n en Gobierno en Terreno en Puyuhuapi y La Junta<\/b><\/span><\/p>\n<div id=\"gtx-trans\" style=\"position: absolute; left: -50px; top: 4.31534px;\">\n<div class=\"gtx-trans-icon\"><\/div>\n<\/div>\n<\/div><\/section><\/div><div class=\"flex_column av_one_full  flex_column_div av-zero-column-padding first  avia-builder-el-4  el_after_av_one_full  el_before_av_hr  column-top-margin\" style='border-radius:0px; '><section class=\"av_textblock_section \"  itemscope=\"itemscope\" itemtype=\"https:\/\/schema.org\/BlogPosting\" itemprop=\"blogPost\" ><div class='avia_textblock  '   itemprop=\"text\" ><p style=\"font-weight: 400; text-align: justify;\">Con amplia participaci\u00f3n ciudadana se desarrollaron plazas ciudadanas del programa Gobierno en Terreno en las localidades de Puyuhuapi y La Junta, con el Delegado Presidencial Regional, Jorge D\u00edaz Guzm\u00e1n, su par provincial Rodrigo Moreno, la subsecretaria de Desarrollo Regional, Francisca Perales, y el alcalde de Cisnes, Francisco Roncagliolo.<\/p>\n<p style=\"font-weight: 400; text-align: justify;\">\u201cEstamos culminando estas jornadas de Gobierno en Terreno, tanto en Puyuhuapi como en La Junta, adem\u00e1s, con la visita de la Subsecretaria de Desarrollo Regional. Hemos recorrido gran parte de las obras financiadas por la Subdere con aporte del municipio, tambi\u00e9n visitamos las obras de aislaci\u00f3n t\u00e9rmica en la escuela, con una inversi\u00f3n de casi 400 millones de pesos y hemos tenido la visita de muchos vecinos\u201d, indic\u00f3 el Delegado Jorge D\u00edaz.<\/p>\n<p style=\"font-weight: 400; text-align: justify;\">Entre los temas abordados, destac\u00f3 que \u201chemos podido conversar con dirigentes, concejales, recoger demandas y seguir trabajando para el desarrollo de la zona norte de nuestra regi\u00f3n. Hemos hablado de la inversi\u00f3n en los puentes, por m\u00e1s de 70 mil millones, y estamos viendo el proyecto Costanera de Puyuhuapi, es decir, un plan de inversi\u00f3n importante en la zona norte. Ese es el mandato del Presidente, que por muy remota que sea la localidad, el Estado tiene que estar presente y eso es lo que hemos hecho tanto en Puyuhuapi como en La Junta\u201d.<\/p>\n<p style=\"font-weight: 400; text-align: justify;\">Por su parte el alcalde Francisco Roncagliolo resalt\u00f3 que \u201ctenemos una tremenda cartera dentro de la comuna de Cisnes para beneficiar a cada uno de ustedes. As\u00ed que hoy d\u00eda vamos a inaugurar plazoletas, que ya est\u00e1n instaladas, pero tambi\u00e9n vamos a conversar de algunas otras iniciativas y proyectos que tenemos en distintos lugares que van en beneficio de cada uno de ustedes\u201d, destac\u00f3.<\/p>\n<p style=\"font-weight: 400; text-align: justify;\">Una de las dirigentes, Juana Altamirano, presidenta del Barrio Comercial Puyuhuapi, destac\u00f3 \u201cesta invitaci\u00f3n que hicimos como Barrio Comercial con la junta de vecinos, que siempre nos hemos apoyado para obtener estas respuestas para nuestros vecinos de Puyuhuapi, como el tema de la costanera, de la Carretera Austral, de la plaza, distintos temas que nos interesan. Ha sido para nosotros muy bueno y quedamos contentos con algunas noticias positivas que nos trajeron y que van a corto plazo, que eso es lo m\u00e1s importante. As\u00ed es que muy agradecida y ojal\u00e1 se vuelva a repetir antes de que termine el a\u00f1o\u201d.<\/p>\n<p style=\"font-weight: 400; text-align: justify;\">Del mismo modo, Mireya Nahuelqu\u00edn, secretaria de la Junta de Vecinos de Puerto Puyuhuapi, valor\u00f3 \u201ceste Gobierno en Terreno, al cual vinieron muchos vecinos a salir de sus dudas, consultas y se agradece la disposici\u00f3n. Contentos por algunas respuestas que nos dieron ac\u00e1 a los vecinos, algunas inquietudes de la Costanera Mar, combustibles, el tema de proyectos que est\u00e1n estancados y hemos quedado conforme, nos vamos felices por las respuestas que nos trajeron. Agradecer al Barrio Comercial, que estamos trabajando de la mano para poder llevar a cabo todas las necesidades de nuestro pueblo, as\u00ed es que agradecidos y esperando que estas instancias no se pierdan y nuestras autoridades puedan seguir visitando estos pueblos rurales, ya que para nosotros es un poco dif\u00edcil ir a las oficinas, pero este Gobierno en Terreno es muy provechoso, as\u00ed es que se les agradece enormemente\u201d.<\/p>\n<p style=\"font-weight: 400; text-align: justify;\">Las plazas ciudadanas del Programa Gobierno en Terreno se realizan de forma peri\u00f3dica, con el objetivo de acercar informaci\u00f3n de forma directa a la comunidad y recoger inquietudes relacionadas con el quehacer institucional en toda la regi\u00f3n.<\/p>\n<\/div><\/section><\/div><div  style='height:50px' class='hr hr-invisible   avia-builder-el-6  el_after_av_one_full  el_before_av_social_share '><span class='hr-inner ' ><span class='hr-inner-style'><\/span><\/span><\/div><\/p>\n<div  class='av-social-sharing-box  avia-builder-el-7  el_after_av_hr  el_before_av_hr  '><div class='av-share-box'><h5 class='av-share-link-description av-no-toc '>Compartir esta noticia<\/h5><ul class='av-share-box-list noLightbox'><li class='av-share-link av-social-link-facebook' ><a target=\"_blank\" aria-label=\"Compartir en Facebook\" href='https:\/\/www.facebook.com\/sharer.php?u=https:\/\/radiorevelacionfm.cl\/?p=53765&#038;t=Alta%20participaci%C3%B3n%20en%20Gobierno%20en%20Terreno%20en%20Puyuhuapi%20y%20La%20Junta' aria-hidden='false' data-av_icon='\ue8f3' data-av_iconfont='entypo-fontello' title='' data-avia-related-tooltip='Compartir en Facebook' rel=\"noopener\"><span class='avia_hidden_link_text'>Compartir en Facebook<\/span><\/a><\/li><li class='av-share-link av-social-link-twitter' ><a target=\"_blank\" aria-label=\"Compartir en Twitter\" href='https:\/\/twitter.com\/share?text=Alta%20participaci%C3%B3n%20en%20Gobierno%20en%20Terreno%20en%20Puyuhuapi%20y%20La%20Junta&#038;url=https:\/\/radiorevelacionfm.cl\/?p=53765' aria-hidden='false' data-av_icon='\ue8f1' data-av_iconfont='entypo-fontello' title='' data-avia-related-tooltip='Compartir en Twitter' rel=\"noopener\"><span class='avia_hidden_link_text'>Compartir en Twitter<\/span><\/a><\/li><li class='av-share-link av-social-link-whatsapp' ><a target=\"_blank\" aria-label=\"Compartir en Whatsapp\" href='https:\/\/api.whatsapp.com\/send?text=https:\/\/radiorevelacionfm.cl\/?p=53765' aria-hidden='false' data-av_icon='\uf232' data-av_iconfont='entypo-fontello' title='' data-avia-related-tooltip='Compartir en Whatsapp' rel=\"noopener\"><span class='avia_hidden_link_text'>Compartir en Whatsapp<\/span><\/a><\/li><li class='av-share-link av-social-link-linkedin' ><a target=\"_blank\" aria-label=\"Compartir en LinkedIn\" href='https:\/\/linkedin.com\/shareArticle?mini=true&#038;title=Alta%20participaci%C3%B3n%20en%20Gobierno%20en%20Terreno%20en%20Puyuhuapi%20y%20La%20Junta&#038;url=https:\/\/radiorevelacionfm.cl\/?p=53765' aria-hidden='false' data-av_icon='\ue8fc' data-av_iconfont='entypo-fontello' title='' data-avia-related-tooltip='Compartir en LinkedIn' rel=\"noopener\"><span class='avia_hidden_link_text'>Compartir en LinkedIn<\/span><\/a><\/li><li class='av-share-link av-social-link-mail' ><a  aria-label=\"Compartir por correo\" href='mailto:?subject=Alta%20participaci%C3%B3n%20en%20Gobierno%20en%20Terreno%20en%20Puyuhuapi%20y%20La%20Junta&#038;body=https:\/\/radiorevelacionfm.cl\/?p=53765' aria-hidden='false' data-av_icon='\ue805' data-av_iconfont='entypo-fontello' title='' data-avia-related-tooltip='Compartir por correo'><span class='avia_hidden_link_text'>Compartir por correo<\/span><\/a><\/li><\/ul><\/div><\/div>\n<div  style='height:50px' class='hr hr-invisible   avia-builder-el-8  el_after_av_social_share  el_before_av_comments_list '><span class='hr-inner ' ><span class='hr-inner-style'><\/span><\/span><\/div>\n<div  class='av-buildercomment  av-blog-meta-html-info-disabled av-blog-meta-tag-disabled  '><\/div>\n","protected":false},"excerpt":{"rendered":"","protected":false},"author":1,"featured_media":53766,"comment_status":"closed","ping_status":"closed","sticky":false,"template":"","format":"standard","meta":{"footnotes":""},"categories":[38],"tags":[],"class_list":["post-53765","post","type-post","status-publish","format-standard","has-post-thumbnail","hentry","category-regional"],"jetpack_featured_media_url":"https:\/\/radiorevelacionfm.cl\/wp-content\/uploads\/2025\/05\/gab-terreno-01-1-1_optimized-1_optimized-1.jpg","_links":{"self":[{"href":"https:\/\/radiorevelacionfm.cl\/index.php?rest_route=\/wp\/v2\/posts\/53765","targetHints":{"allow":["GET"]}}],"collection":[{"href":"https:\/\/radiorevelacionfm.cl\/index.php?rest_route=\/wp\/v2\/posts"}],"about":[{"href":"https:\/\/radiorevelacionfm.cl\/index.php?rest_route=\/wp\/v2\/types\/post"}],"author":[{"embeddable":true,"href":"https:\/\/radiorevelacionfm.cl\/index.php?rest_route=\/wp\/v2\/users\/1"}],"replies":[{"embeddable":true,"href":"https:\/\/radiorevelacionfm.cl\/index.php?rest_route=%2Fwp%2Fv2%2Fcomments&post=53765"}],"version-history":[{"count":2,"href":"https:\/\/radiorevelacionfm.cl\/index.php?rest_route=\/wp\/v2\/posts\/53765\/revisions"}],"predecessor-version":[{"id":53768,"href":"https:\/\/radiorevelacionfm.cl\/index.php?rest_route=\/wp\/v2\/posts\/53765\/revisions\/53768"}],"wp:featuredmedia":[{"embeddable":true,"href":"https:\/\/radiorevelacionfm.cl\/index.php?rest_route=\/wp\/v2\/media\/53766"}],"wp:attachment":[{"href":"https:\/\/radiorevelacionfm.cl\/index.php?rest_route=%2Fwp%2Fv2%2Fmedia&parent=53765"}],"wp:term":[{"taxonomy":"category","embeddable":true,"href":"https:\/\/radiorevelacionfm.cl\/index.php?rest_route=%2Fwp%2Fv2%2Fcategories&post=53765"},{"taxonomy":"post_tag","embeddable":true,"href":"https:\/\/radiorevelacionfm.cl\/index.php?rest_route=%2Fwp%2Fv2%2Ftags&post=53765"}],"curies":[{"name":"wp","href":"https:\/\/api.w.org\/{rel}","templated":true}]}}